{"id":9797,"date":"2012-12-07T08:22:02","date_gmt":"2012-12-07T07:22:02","guid":{"rendered":"https:\/\/saltaconmigo.com\/blog\/?p=9797"},"modified":"2025-11-23T10:24:03","modified_gmt":"2025-11-23T09:24:03","slug":"los-jardines-del-campo-del-moro-madrid","status":"publish","type":"post","link":"https:\/\/saltaconmigo.com\/blog\/2012\/12\/los-jardines-del-campo-del-moro-madrid\/","title":{"rendered":"Los Jardines del Campo del Moro, Madrid"},"content":{"rendered":"<p><strong>Descubrir nuevos lugares no implica necesariamente largos viajes<\/strong>. Nos <em>empe\u00f1amos<\/em> en viajar a pa\u00edses lejanos con la intenci\u00f3n de conocer lugares nuevos y distintos a los que tenemos cerca de casa. Lo malo es que, muchas veces, son <strong>los sitios que tenemos cerca de casa los grandes desconocidos<\/strong>. Uno de esos rincones desconocidos para nosotros, y para muchos madrile\u00f1os, es el <strong>Campo del Moro con sus jardines en pleno centro de Madrid<\/strong>.<\/p>\n<p style=\"text-align: center;\"><img loading=\"lazy\" decoding=\"async\" class=\"aligncenter size-full wp-image-9798\" title=\"La fuente de las conchas frente al Palacio Real en los Jardines del Campo del Moro\" src=\"https:\/\/saltaconmigo.com\/blog\/wp-content\/uploads\/2012\/12\/Madrid-CampoMoroPalacioReal.jpg\" alt=\"Madrid Jardines Campo Moro Palacio Real\" width=\"640\" height=\"427\" srcset=\"https:\/\/saltaconmigo.com\/blog\/wp-content\/uploads\/2012\/12\/Madrid-CampoMoroPalacioReal.jpg 640w, https:\/\/saltaconmigo.com\/blog\/wp-content\/uploads\/2012\/12\/Madrid-CampoMoroPalacioReal-300x200.jpg 300w\" sizes=\"auto, (max-width: 640px) 100vw, 640px\" \/><\/p>\n<p>Muy poco visitado por los turistas, a pesar de estar junto al Palacio Real, los <strong>jardines del Campo del Moro<\/strong> son uno de los <a href=\"https:\/\/saltaconmigo.com\/blog\/2020\/07\/jardines-y-parques-en-madrid\/\"><strong>jardines y parques de Madrid que no te puedes perder<\/strong><\/a>.<\/p>\n<div class=\"rinconSC\">\n<p><span class=\"titulo\">Saltaconmiconsejo<\/span><\/p>\n<hr>\n<p>No dejes de visitar el resto de la capital con nuestra <a href=\"https:\/\/saltaconmigo.com\/blog\/2020\/09\/que-ver-en-madrid-en-un-fin-de-semana\/\"><strong>ruta de fin de semana por Madrid<\/strong><\/a>.<\/p>\n<\/div>\n<h2>\u00bfPor qu\u00e9 Jardines del Campo del Moro?<\/h2>\n<p>El nombre, <strong>Jardines del Campo del Moro<\/strong>, elegido durante su construcci\u00f3n a finales del siglo XIX, hace referencia a la historia que sit\u00faa a <strong>las tropas del l\u00edder almor\u00e1vide Al\u00ed ben Yusuf acampadas en esta zona durante su intento de reconquistar el antiguo Alc\u00e1zar Real<\/strong> \u2013situado donde ahora se alza el <a title=\"Palacio Real de Madrid\" href=\"https:\/\/saltaconmigo.com\/blog\/2013\/02\/palacio-real-de-madrid\/\"><strong>Palacio Real<\/strong><\/a>\u2013 <strong>all\u00e1 por el a\u00f1o 1109<\/strong>.<\/p>\n<p>Pasear por los jardines de las ciudades visitadas es casi una obligaci\u00f3n y lo hemos hecho muchas veces antes de pasar por \u00e9ste de nuestra propia ciudad. Cierto es que los del <strong>Campo del Moro<\/strong> tienen un <strong>horario un tanto reducido \u2013<em>de octubre a marzo todos los d\u00edas 10 a 18 horas; el resto del a\u00f1o de 10 a 20 horas<\/em>\u2013<\/strong> y que pocas veces se asoma uno desde la Plaza de Oriente para ver algo m\u00e1s que la puesta de Sol sobre los Jardines de Sabatini o la Casa de Campo. Nuestra visita, en pleno puente de la Constituci\u00f3n, nos ha confirmado lo que intu\u00edamos al encontrar sus veinte hect\u00e1reas pr\u00e1cticamente vac\u00edas: que <strong>no \u00e9ramos los \u00fanicos que ignor\u00e1bamos su belleza<\/strong>, a pesar de que sea <strong>Jard\u00edn Hist\u00f3rico-Art\u00edstico desde 1931<\/strong>.<\/p>\n<p style=\"text-align: center;\"><img loading=\"lazy\" decoding=\"async\" class=\"aligncenter size-full wp-image-9805\" title=\"El paseo que atraviesa los Jardines del Campo del Moro, desde el Palacio Real hasta el Paseo de la Virgen del Puerto\" src=\"https:\/\/saltaconmigo.com\/blog\/wp-content\/uploads\/2012\/12\/Madrid-CampoMoroPalacioRealPaseo.jpg\" alt=\"Madrid Jardines Campo Moro Palacio Real Paseo\" width=\"640\" height=\"427\" srcset=\"https:\/\/saltaconmigo.com\/blog\/wp-content\/uploads\/2012\/12\/Madrid-CampoMoroPalacioRealPaseo.jpg 640w, https:\/\/saltaconmigo.com\/blog\/wp-content\/uploads\/2012\/12\/Madrid-CampoMoroPalacioRealPaseo-300x200.jpg 300w\" sizes=\"auto, (max-width: 640px) 100vw, 640px\" \/><\/p>\n<h2>Jardines y coto de caza<\/h2>\n<p>La pendiente entre el antiguo Alc\u00e1zar Real y el r\u00edo Manzanares, demasiada inclinaci\u00f3n para otra construcci\u00f3n, dio la idea de <strong>construir unos jardines desde la \u00e9poca de Felipe II<\/strong>, all\u00e1 por siglo XVI, pero no fue hasta <strong>finales del siglo XIX<\/strong> cuando se complet\u00f3 el dise\u00f1o actual, de <strong>estilo ingl\u00e9s<\/strong>. Entre medias fue incluso<strong> coto de caza<\/strong> real. Esta pendiente, aunque en parte allanada con los escombros procedentes de la ampliaci\u00f3n de la Puerta del Sol, ofrece unas <strong>fabulosas vistas del Palacio Real<\/strong> y, suponemos, <em>porque no nos han dejado entrar a mirar<\/em>, desde el propio Palacio.<\/p>\n<p style=\"text-align: center;\"><img loading=\"lazy\" decoding=\"async\" class=\"aligncenter size-full wp-image-9802\" title=\"Todo el jard\u00edn est\u00e1 lleno de jarrones, est\u00e1tuas y decoraci\u00f3n hecha con arbustos y merece la pena buscarlos\" src=\"https:\/\/saltaconmigo.com\/blog\/wp-content\/uploads\/2012\/12\/Madrid-CampoMoroPlaza.jpg\" alt=\"Madrid Campo Moro Plaza\" width=\"640\" height=\"427\" srcset=\"https:\/\/saltaconmigo.com\/blog\/wp-content\/uploads\/2012\/12\/Madrid-CampoMoroPlaza.jpg 640w, https:\/\/saltaconmigo.com\/blog\/wp-content\/uploads\/2012\/12\/Madrid-CampoMoroPlaza-300x200.jpg 300w\" sizes=\"auto, (max-width: 640px) 100vw, 640px\" \/><\/p>\n<p style=\"text-align: center;\"><img loading=\"lazy\" decoding=\"async\" class=\"aligncenter size-full wp-image-9800\" title=\"La decoraci\u00f3n de los jardines tambi\u00e9n son los arbustos, que en oto\u00f1o con las hojas, son una mezcla de colores\" src=\"https:\/\/saltaconmigo.com\/blog\/wp-content\/uploads\/2012\/12\/Madrid-CampoMoroArbustos.jpg\" alt=\"Madrid Jardines Campo Moro Arbustos\" width=\"640\" height=\"427\" srcset=\"https:\/\/saltaconmigo.com\/blog\/wp-content\/uploads\/2012\/12\/Madrid-CampoMoroArbustos.jpg 640w, https:\/\/saltaconmigo.com\/blog\/wp-content\/uploads\/2012\/12\/Madrid-CampoMoroArbustos-300x200.jpg 300w\" sizes=\"auto, (max-width: 640px) 100vw, 640px\" \/><\/p>\n<p>El <strong>oto\u00f1o<\/strong>, cada vez m\u00e1s pr\u00f3ximo a dar el relevo al invierno, nos ha vuelto a mostrar su mejor cara. Una cara de <strong>hojas amarillas, ocres y rojizas y unas largas y desnudas ramas de \u00e1rboles<\/strong> \u2013m\u00e1s de 185 familias de \u00e1rboles y arbustos\u2013. Baste decir que desde la entrada abierta al p\u00fablico, en el <strong>Paseo de la Virgen del Puerto<\/strong> \u2013<strong>encontrar la forma de entrar en el jard\u00edn es m\u00e1s complicado de lo que pens\u00e1bamos<\/strong>\u2013, comienzan dos paseos llamados de los pl\u00e1tanos y de los casta\u00f1os por los \u00e1rboles que los flanquean respectivamente.<\/p>\n<p style=\"text-align: center;\"><img loading=\"lazy\" decoding=\"async\" class=\"aligncenter size-full wp-image-9804\" title=\"Las hojas caen en los Jardines del Campo del Moro...\" src=\"https:\/\/saltaconmigo.com\/blog\/wp-content\/uploads\/2012\/12\/Madrid-CampoMoroHojas.jpg\" alt=\"Madrid Jardines Campo Moro Hojas\" width=\"640\" height=\"427\" srcset=\"https:\/\/saltaconmigo.com\/blog\/wp-content\/uploads\/2012\/12\/Madrid-CampoMoroHojas.jpg 640w, https:\/\/saltaconmigo.com\/blog\/wp-content\/uploads\/2012\/12\/Madrid-CampoMoroHojas-300x200.jpg 300w\" sizes=\"auto, (max-width: 640px) 100vw, 640px\" \/><\/p>\n<p style=\"text-align: center;\"><img loading=\"lazy\" decoding=\"async\" class=\"aligncenter size-full wp-image-9799\" title=\"... algunas todav\u00eda est\u00e1n en los \u00e1rboles a punto de caer...\" src=\"https:\/\/saltaconmigo.com\/blog\/wp-content\/uploads\/2012\/12\/Madrid-CampoMoroHojasRamas.jpg\" alt=\"Madrid Jardines Campo Moro Hojas Ramas\" width=\"640\" height=\"427\" srcset=\"https:\/\/saltaconmigo.com\/blog\/wp-content\/uploads\/2012\/12\/Madrid-CampoMoroHojasRamas.jpg 640w, https:\/\/saltaconmigo.com\/blog\/wp-content\/uploads\/2012\/12\/Madrid-CampoMoroHojasRamas-300x200.jpg 300w\" sizes=\"auto, (max-width: 640px) 100vw, 640px\" \/><\/p>\n<p style=\"text-align: center;\"><img loading=\"lazy\" decoding=\"async\" class=\"aligncenter size-full wp-image-9803\" title=\"... dejando las ramas de los \u00e1rboles desnudos\" src=\"https:\/\/saltaconmigo.com\/blog\/wp-content\/uploads\/2012\/12\/Madrid-CampoMoroRamasArboles.jpg\" alt=\"Madrid Jardines Campo Moro Ramas Arboles\" width=\"640\" height=\"427\" srcset=\"https:\/\/saltaconmigo.com\/blog\/wp-content\/uploads\/2012\/12\/Madrid-CampoMoroRamasArboles.jpg 640w, https:\/\/saltaconmigo.com\/blog\/wp-content\/uploads\/2012\/12\/Madrid-CampoMoroRamasArboles-300x200.jpg 300w\" sizes=\"auto, (max-width: 640px) 100vw, 640px\" \/><\/p>\n<p>Pero <strong>no s\u00f3lo \u00e1rboles, paseos y peque\u00f1os caminos<\/strong> ofrecen los Jardines del Campo del Moro, <strong>tambi\u00e9n fuentes<\/strong>, como no pod\u00eda ser de otra manera, <strong>y un par de curiosos edificios<\/strong>. El <strong>Chal\u00e9 del Corcho<\/strong>, un peque\u00f1o kiosco cubierto por l\u00e1minas de corcho, y el <strong>Chalecito de la Reina<\/strong>, de la reina Mar\u00eda Cristina de Habsburgo, de estilo tirol\u00e9s. Eso s\u00ed, ambos bastante deteriorados y pr\u00e1cticamente abandonados, el primero con unos andamios que parecen sujetar su techo de forma precaria, y el segundo con los restos de unas obras que quedaron paralizadas hace muchos a\u00f1os y con poco aspecto de ser retomadas.<\/p>\n<p style=\"text-align: center;\"><img loading=\"lazy\" decoding=\"async\" class=\"aligncenter size-full wp-image-9801\" title=\"El Chal\u00e9 del Corcho, bastante abandonado pero no deja de evocar lo que debi\u00f3 ser en su momento\" src=\"https:\/\/saltaconmigo.com\/blog\/wp-content\/uploads\/2012\/12\/Madrid-CampoMoroChaleCorcho.jpg\" alt=\"Madrid Jardines Campo Moro Chale Corcho\" width=\"640\" height=\"427\" srcset=\"https:\/\/saltaconmigo.com\/blog\/wp-content\/uploads\/2012\/12\/Madrid-CampoMoroChaleCorcho.jpg 640w, https:\/\/saltaconmigo.com\/blog\/wp-content\/uploads\/2012\/12\/Madrid-CampoMoroChaleCorcho-300x200.jpg 300w\" sizes=\"auto, (max-width: 640px) 100vw, 640px\" \/><\/p>\n<p><strong>Descubrir uno de los rincones de nuestra ciudad demuestra que no hay que parar de <em>viajar<\/em> ni estando en casa<\/strong>.<\/p>\n<p>Si te han interesado los Jardines del Campo del Moro, <strong>tal vez te interesen tambi\u00e9n<\/strong>:<\/p>\n<ul>\n<li><strong><a title=\"Palacio Real de Madrid\" href=\"https:\/\/saltaconmigo.com\/blog\/2013\/02\/palacio-real-de-madrid\/\">El Palacio Real<\/a><\/strong><\/li>\n<li><a title=\"La plaza Mayor de Madrid, turismo desde dentro\" href=\"https:\/\/saltaconmigo.com\/blog\/2014\/10\/la-plaza-mayor-de-madrid-turismo-literatura\/\"><b>La Plaza Mayor<\/b><\/a><\/li>\n<li><strong><a title=\"Cosas que hacer en Madrid en Navidad\" href=\"https:\/\/saltaconmigo.com\/blog\/2025\/11\/que-hacer-en-madrid-en-navidad\/\">Cosas que hacer en Madrid en Navidad<\/a><\/strong><\/li>\n<li><a title=\"Cementerios de Madrid: los tesoros de la sacramental de San Isidro\" href=\"https:\/\/saltaconmigo.com\/blog\/2014\/12\/sacramental-de-san-isidro-cementerio-madrid\/\"><strong>Cementerios de Madrid: los tesoros de la sacramental de San Isidro<\/strong><\/a><\/li>\n<li><a title=\"Bibliotecas de Madrid, joyas olvidadas\" href=\"https:\/\/saltaconmigo.com\/blog\/2015\/01\/bibliotecas-de-madrid-joyas-olvidadas\/\"><strong>Bibliotecas de Madrid, joyas olvidadas<\/strong><\/a><\/li>\n<li><strong><a title=\"Las mejores puestas de sol de Madrid\" href=\"https:\/\/saltaconmigo.com\/blog\/2015\/01\/mejores-puestas-de-sol-madrid-atardeceres\/\">Las mejores puestas de sol de Madrid<\/a><\/strong><\/li>\n<li><a title=\"Planes para hacer en Semana Santa en Madrid\" href=\"https:\/\/saltaconmigo.com\/blog\/2025\/04\/semana-santa-en-madrid\/\"><strong>Semana Santa en Madrid<\/strong><\/a><\/li>\n<li><a title=\"Madrid: 8 edificios antiguos con toques contempor\u00e1neos\" href=\"https:\/\/saltaconmigo.com\/blog\/2015\/03\/edificios-antiguos-rehabilitados-madrid\/\"><strong>Madrid: 8 edificios antiguos con toques contempor\u00e1neos<\/strong><\/a><\/li>\n<li><a title=\"9 vistas panor\u00e1micas y terrazas de Madrid\" href=\"https:\/\/saltaconmigo.com\/blog\/2015\/05\/terrazas-de-madrid\/\"><strong>Las mejores terrazas de Madrid<\/strong><\/a><\/li>\n<\/ul>\n\n<div class=\"cajaVenta\">\n<p>\u00bfQuieres <strong>viajar a Madrid<\/strong>? Aqu\u00ed puedes hacerlo:<\/p>\n<ul class=\"avion\">\n \t<li>Busca tu <strong>vuelo m\u00e1s barato a Madrid<\/strong> <a title=\"Vuelos baratos a Madrid\" href=\"https:\/\/www.skyscanner.net\/g\/referrals\/v1\/flights\/cheap-flights-to?adId=1100662&amp;campaignId=13416&amp;currency=EUR&amp;destination=MAD&amp;locale=es-ES&amp;market=ES&amp;mediaPartnerId=1205554\" target=\"_blank\" rel=\"sponsored nofollow noopener noreferrer\">aqu\u00ed<\/a>.<\/li>\n<\/ul>\n<ul class=\"hotel\">\n \t<li>Escoge el <strong>hotel que m\u00e1s te guste en Madrid al mejor precio<\/strong> <a title=\"Reserva tu hotel al mejor precio\" href=\"http:\/\/www.booking.com\/searchresults.html?city=-390625&amp;aid=844890\" target=\"_blank\" rel=\"sponsored nofollow noopener noreferrer\">aqu\u00ed<\/a>.<\/li>\n<\/ul>\n<ul class=\"coche\">\n \t<li><strong>Alquila el coche<\/strong> en Madrid al mejor precio comparando entre varias compa\u00f1\u00edas <a title=\"Alquila tu coche al mejor precio\" href=\"https:\/\/www.booking.com\/cars\/index.html?aid=844890\" target=\"_blank\" rel=\"sponsored nofollow noopener noreferrer\">aqu\u00ed<\/a> o contrata tu <strong>traslado desde el aeropuerto a tu hotel<\/strong> <a href=\"https:\/\/www.civitatis.com\/madrid\/traslados\/?aid=1259\" target=\"_blank\" rel=\"sponsored nofollow noopener noreferrer\">aqu\u00ed<\/a><\/li>\n<\/ul>\n<ul class=\"guias\">\n \t<li>Hazte con las <strong>mejores gu\u00edas de Madrid<\/strong> <a title=\"Compra tu gu\u00eda de viaje al mejor precio\" href=\"https:\/\/amzn.to\/2K0Vr5m\" target=\"_blank\" rel=\"sponsored nofollow noopener noreferrer\">aqu\u00ed<\/a>.<\/li>\n<\/ul>\n<ul class=\"tour\">\n \t<li>Contrata tu <strong><em>tour<\/em> guiado en Madrid<\/strong> y s\u00e1ltate las colas <a href=\"https:\/\/www.civitatis.com\/es\/madrid\/?aid=1259\" target=\"_blank\" rel=\"sponsored nofollow noopener noreferrer\">aqu\u00ed<\/a>.<\/li>\n<\/ul>\n<ul class=\"seguro\">\n \t<li>Contrata tu <strong>seguro de viaje con un 5% de descuento<\/strong> <a title=\"Contrata tu seguro de viaje al mejor precio\" href=\"https:\/\/www.iatiseguros.com\/?r=21058501929524&amp;cmp=cv_madrid\" target=\"_blank\" rel=\"sponsored nofollow noopener noreferrer\">aqu\u00ed<\/a>.<\/li>\n<\/ul>\n<ul class=\"tarjeta\">\n \t<li>Hazte con la <strong>mejor tarjeta de viaje y recibe 10 \u20ac de recompensa<\/strong> <a href=\"https:\/\/revolut.ngih.net\/c\/1205554\/1576621\/9626\" target=\"_blank\" rel=\"sponsored nofollow noopener noreferrer noindex\">aqu\u00ed<\/a>.<\/li>\n<\/ul>\n<\/div>","protected":false},"excerpt":{"rendered":"<p>Descubrir nuevos lugares no implica necesariamente largos viajes. Nos empe\u00f1amos en viajar a pa\u00edses lejanos con la intenci\u00f3n de conocer lugares nuevos y distintos a los que tenemos cerca de casa. Lo malo es que, muchas veces, son los sitios que tenemos cerca de casa los grandes desconocidos. Uno de [&hellip;]<\/p>\n","protected":false},"author":2,"featured_media":9805,"comment_status":"open","ping_status":"open","sticky":false,"template":"","format":"standard","meta":{"footnotes":""},"categories":[110,7,8],"tags":[],"class_list":["post-9797","post","type-post","status-publish","format-standard","has-post-thumbnail","hentry","category-europa","category-espana","category-madrid"],"_links":{"self":[{"href":"https:\/\/saltaconmigo.com\/blog\/wp-json\/wp\/v2\/posts\/9797","targetHints":{"allow":["GET"]}}],"collection":[{"href":"https:\/\/saltaconmigo.com\/blog\/wp-json\/wp\/v2\/posts"}],"about":[{"href":"https:\/\/saltaconmigo.com\/blog\/wp-json\/wp\/v2\/types\/post"}],"author":[{"embeddable":true,"href":"https:\/\/saltaconmigo.com\/blog\/wp-json\/wp\/v2\/users\/2"}],"replies":[{"embeddable":true,"href":"https:\/\/saltaconmigo.com\/blog\/wp-json\/wp\/v2\/comments?post=9797"}],"version-history":[{"count":1,"href":"https:\/\/saltaconmigo.com\/blog\/wp-json\/wp\/v2\/posts\/9797\/revisions"}],"predecessor-version":[{"id":72597,"href":"https:\/\/saltaconmigo.com\/blog\/wp-json\/wp\/v2\/posts\/9797\/revisions\/72597"}],"wp:featuredmedia":[{"embeddable":true,"href":"https:\/\/saltaconmigo.com\/blog\/wp-json\/wp\/v2\/media\/9805"}],"wp:attachment":[{"href":"https:\/\/saltaconmigo.com\/blog\/wp-json\/wp\/v2\/media?parent=9797"}],"wp:term":[{"taxonomy":"category","embeddable":true,"href":"https:\/\/saltaconmigo.com\/blog\/wp-json\/wp\/v2\/categories?post=9797"},{"taxonomy":"post_tag","embeddable":true,"href":"https:\/\/saltaconmigo.com\/blog\/wp-json\/wp\/v2\/tags?post=9797"}],"curies":[{"name":"wp","href":"https:\/\/api.w.org\/{rel}","templated":true}]}}