{"id":75481,"date":"2026-08-31T09:09:00","date_gmt":"2026-08-31T07:09:00","guid":{"rendered":"https:\/\/saltaconmigo.com\/blog\/?p=75481"},"modified":"2026-08-30T18:46:07","modified_gmt":"2026-08-30T16:46:07","slug":"donde-comer-en-berna-restaurantes","status":"publish","type":"post","link":"https:\/\/saltaconmigo.com\/blog\/2026\/08\/donde-comer-en-berna-restaurantes\/","title":{"rendered":"D\u00f3nde comer en Berna: restaurantes recomendados"},"content":{"rendered":"\n<p class=\"wp-block-paragraph\">Despu\u00e9s de recorrer los callejones del <em>Altstadt<\/em> y de asomarte a sus miradores, estamos seguros de que vas a tener hambre. Aqu\u00ed estamos para resolver tu duda \u201c<strong>\u00bfd\u00f3nde comer en Berna?<\/strong>\u201d. Desde los <strong>mejores restaurantes de la capital suiza<\/strong> a lugares m\u00e1s econ\u00f3micos donde cargar bater\u00edas y seguir haciendo turismo. Disfrutar de la gastronom\u00eda es una de las obligaciones en cualquier viaje a Suiza y, en su capital, no iba a ser menos.<\/p>\n\n\n<div class=\"wp-block-image\">\n<figure class=\"aligncenter size-full\"><img loading=\"lazy\" decoding=\"async\" width=\"800\" height=\"534\" src=\"https:\/\/saltaconmigo.com\/blog\/wp-content\/uploads\/2026\/08\/Comer-en-Berna-Altes-Trampdepot-Rosti-Emmental-Bacon.jpg\" alt=\"R\u00f6sti con Emmental y bacon Altes Trampdepot restaurantes de Berna\" class=\"wp-image-75491\" srcset=\"https:\/\/saltaconmigo.com\/blog\/wp-content\/uploads\/2026\/08\/Comer-en-Berna-Altes-Trampdepot-Rosti-Emmental-Bacon.jpg 800w, https:\/\/saltaconmigo.com\/blog\/wp-content\/uploads\/2026\/08\/Comer-en-Berna-Altes-Trampdepot-Rosti-Emmental-Bacon-300x200.jpg 300w, https:\/\/saltaconmigo.com\/blog\/wp-content\/uploads\/2026\/08\/Comer-en-Berna-Altes-Trampdepot-Rosti-Emmental-Bacon-768x513.jpg 768w, https:\/\/saltaconmigo.com\/blog\/wp-content\/uploads\/2026\/08\/Comer-en-Berna-Altes-Trampdepot-Rosti-Emmental-Bacon-626x418.jpg 626w, https:\/\/saltaconmigo.com\/blog\/wp-content\/uploads\/2026\/08\/Comer-en-Berna-Altes-Trampdepot-Rosti-Emmental-Bacon-409x272.jpg 409w, https:\/\/saltaconmigo.com\/blog\/wp-content\/uploads\/2026\/08\/Comer-en-Berna-Altes-Trampdepot-Rosti-Emmental-Bacon-640x427.jpg 640w\" sizes=\"auto, (max-width: 800px) 100vw, 800px\" \/><figcaption class=\"wp-element-caption\">R\u00f6sti con Emmental y bacon de Altes Trampdepot<\/figcaption><\/figure>\n<\/div>\n\n\n<p class=\"wp-block-paragraph\">Como siempre, antes de decirte cu\u00e1les son nuestros <strong>restaurantes recomendados donde comer en Berna<\/strong>, te vamos a dar unos cuantos consejos sobre lo que pedir cuando est\u00e9s all\u00ed. Adem\u00e1s de los platos cl\u00e1sicos de todo el pa\u00eds, te esperan recetas de la Suiza alemana e incluso <strong>platos t\u00edpicos de Berna cant\u00f3n y ciudad<\/strong>. Y ya te avisamos de que vas a tener que andar mucho y subir muchas escaleras si quieres consumir todas la calor\u00edas que vas a meterte en el cuerpo\u2026 porque ligeros, lo que se dice ligeros, no son.<\/p>\n\n\n\n<p class=\"wp-block-paragraph\"><em>\u00c4g\u00e4ssli<\/em>!<\/p>\n\n\n\n<div class=\"rinconSC\">\n<p><span class=\"titulo\">Saltaconmiconsejo<\/span><\/p>\n<hr>\n<p>Date una vuelta por nuestro art\u00edculo <a href=\"https:\/\/saltaconmigo.com\/blog\/2026\/08\/que-ver-en-berna-suiza\/\">Qu\u00e9 ver en Berna<\/a> para saber c\u00f3mo quemar todo lo que vas a comer en la capital suiza. Y echa un vistazo a nuestros <a href=\"https:\/\/saltaconmigo.com\/blog\/2026\/02\/consejos-para-viajar-a-suiza\/\">consejos para viajar a Suiza<\/a> para tenerlo todo claro antes y mientras est\u00e9s en el pa\u00eds.<\/p>\n<\/div>\n\n\n\n<h2 class=\"wp-block-heading\">Qu\u00e9 comer en Berna: comida t\u00edpica de la capital suiza<\/h2>\n\n\n\n<p class=\"wp-block-paragraph\">La <strong>comida t\u00edpica de Berna<\/strong> es tan contundente como la del resto del pa\u00eds. Lo comprobar\u00e1s con su plato m\u00e1s t\u00edpico: el <em><strong>Berner Platte<\/strong><\/em>. Prep\u00e1rate, varios tipos de carnes y embutidos. Hablamos de cerdo y ternera ahumados, panceta, salchicha, tocino\u2026 De hecho, no es un guiso como tal, los ingredientes se preparan por separado y se sirven en un plato grande. Espera, que tambi\u00e9n hay una <strong>salchicha t\u00edpica bernesa<\/strong>: la <em><strong>Berner Zungenwurst<\/strong><\/em>. Carne de cerdo, tocino y un relleno compuesto de agua, huevo y corteza. Tanto el <em>Berner Platte<\/em> como la <em>Berner Zungenwurst<\/em> parece que tienen el mismo origen: un banquete para celebrar la victoria en una batalla contra los franceses en 1798.<\/p>\n\n\n\n<div class=\"rinconSC\">\n<p><span class=\"titulo\">\u00bfSab\u00edas que&#8230;?<\/span><\/p>\n<hr>\n<p>Si has o\u00eddo hablar de la <em>Berner W\u00fcrstel<\/em> \u2013una salchicha tipo Frankfurt abierta y rellena de emmental y envuelta en bacon\u2013, que sepas que no es de Berna. El nombre se debe al cocinero austriaco que la invent\u00f3 en la d\u00e9cada de 1950: Erich Berner.<\/p>\n<\/div>\n\n\n\n<p class=\"wp-block-paragraph\">\u00bfQuieres m\u00e1s contundencia? Otro <strong>plato de la cocina tradicional bernesa<\/strong> es el <em><strong>B\u00e4rner Geschnetzeltes<\/strong><\/em> \u2013carne troceada al estilo de Berna\u2013. Aqu\u00ed hay, obviamente, carne \u2013de cerdo o ternera\u2013 y <em>speck<\/em>, adem\u00e1s de cebollas, champi\u00f1ones y una salsa cremosa.<\/p>\n\n\n<div class=\"wp-block-image\">\n<figure class=\"aligncenter size-full\"><img loading=\"lazy\" decoding=\"async\" width=\"800\" height=\"534\" src=\"https:\/\/saltaconmigo.com\/blog\/wp-content\/uploads\/2026\/08\/Comer-en-Berna-Kornhauskeller-Restaurant-Bar-Barner-Geschnetzeltes.jpg\" alt=\"B\u00e4rner Geschnetzeltes del Kornhauskeller Restaurant &amp; Bar\" class=\"wp-image-75486\" srcset=\"https:\/\/saltaconmigo.com\/blog\/wp-content\/uploads\/2026\/08\/Comer-en-Berna-Kornhauskeller-Restaurant-Bar-Barner-Geschnetzeltes.jpg 800w, https:\/\/saltaconmigo.com\/blog\/wp-content\/uploads\/2026\/08\/Comer-en-Berna-Kornhauskeller-Restaurant-Bar-Barner-Geschnetzeltes-300x200.jpg 300w, https:\/\/saltaconmigo.com\/blog\/wp-content\/uploads\/2026\/08\/Comer-en-Berna-Kornhauskeller-Restaurant-Bar-Barner-Geschnetzeltes-768x513.jpg 768w, https:\/\/saltaconmigo.com\/blog\/wp-content\/uploads\/2026\/08\/Comer-en-Berna-Kornhauskeller-Restaurant-Bar-Barner-Geschnetzeltes-626x418.jpg 626w, https:\/\/saltaconmigo.com\/blog\/wp-content\/uploads\/2026\/08\/Comer-en-Berna-Kornhauskeller-Restaurant-Bar-Barner-Geschnetzeltes-409x272.jpg 409w, https:\/\/saltaconmigo.com\/blog\/wp-content\/uploads\/2026\/08\/Comer-en-Berna-Kornhauskeller-Restaurant-Bar-Barner-Geschnetzeltes-640x427.jpg 640w\" sizes=\"auto, (max-width: 800px) 100vw, 800px\" \/><figcaption class=\"wp-element-caption\">B\u00e4rner Geschnetzeltes del Kornhauskeller Restaurant &amp; Bar<\/figcaption><\/figure>\n<\/div>\n\n\n<p class=\"wp-block-paragraph\">En los lagos y r\u00edos del cant\u00f3n de Berna abundan las <strong>percas<\/strong>, que preparan habitualmente empanada, aunque hay otras recetas.<\/p>\n\n\n\n<h3 class=\"wp-block-heading\">Quesos y postres berneses<\/h3>\n\n\n\n<p class=\"wp-block-paragraph\">Como ya contamos en nuestro art\u00edculo sobre la visita a una <a href=\"https:\/\/saltaconmigo.com\/blog\/2026\/07\/visita-fabrica-de-emmental-en-suiza\/\" data-type=\"post\" data-id=\"75055\">f\u00e1brica de emmental en Suiza, <em>Emmentaler Schauk\u00e4serei<\/em><\/a>, el <strong>queso con agujeros m\u00e1s famoso del mundo<\/strong>, se produce en el cant\u00f3n de Berna. As\u00ed que vas a encontrar unos cuantos platos con \u00e9l, por ejemplo el cl\u00e1sico <strong><em>r\u00f6sti<\/em>, en este caso con emmental<\/strong>. Pero el emmental no es el \u00fanico <strong>queso bern\u00e9<\/strong>s, encontrar\u00e1s <em><strong>Berner Alpk\u00e4se<\/strong><\/em>, <em><strong>Berner Hobelk\u00e4se<\/strong><\/em> o <em><strong>T\u00eate de Moine<\/strong><\/em>, por ejemplo.<\/p>\n\n\n<div class=\"wp-block-image\">\n<figure class=\"aligncenter size-full\"><img loading=\"lazy\" decoding=\"async\" width=\"800\" height=\"534\" src=\"https:\/\/saltaconmigo.com\/blog\/wp-content\/uploads\/2026\/08\/Comer-en-Berna-Altes-Trampdepot-Barner-Bronnti-Creme.jpg\" alt=\"B\u00e4rner Br\u00f6nnti Creme de la cervecer\u00eda Altes Trampdepot, D\u00f3nde comer en Berna\" class=\"wp-image-75484\" srcset=\"https:\/\/saltaconmigo.com\/blog\/wp-content\/uploads\/2026\/08\/Comer-en-Berna-Altes-Trampdepot-Barner-Bronnti-Creme.jpg 800w, https:\/\/saltaconmigo.com\/blog\/wp-content\/uploads\/2026\/08\/Comer-en-Berna-Altes-Trampdepot-Barner-Bronnti-Creme-300x200.jpg 300w, https:\/\/saltaconmigo.com\/blog\/wp-content\/uploads\/2026\/08\/Comer-en-Berna-Altes-Trampdepot-Barner-Bronnti-Creme-768x513.jpg 768w, https:\/\/saltaconmigo.com\/blog\/wp-content\/uploads\/2026\/08\/Comer-en-Berna-Altes-Trampdepot-Barner-Bronnti-Creme-626x418.jpg 626w, https:\/\/saltaconmigo.com\/blog\/wp-content\/uploads\/2026\/08\/Comer-en-Berna-Altes-Trampdepot-Barner-Bronnti-Creme-409x272.jpg 409w, https:\/\/saltaconmigo.com\/blog\/wp-content\/uploads\/2026\/08\/Comer-en-Berna-Altes-Trampdepot-Barner-Bronnti-Creme-640x427.jpg 640w\" sizes=\"auto, (max-width: 800px) 100vw, 800px\" \/><figcaption class=\"wp-element-caption\">La B\u00e4rner Br\u00f6nnti Creme de la cervecer\u00eda Altes Trampdepot<\/figcaption><\/figure>\n<\/div>\n\n\n<p class=\"wp-block-paragraph\">Para los golosos, adem\u00e1s de todos los <strong>postres con chocolate<\/strong> que no pueden faltar en Suiza, en Berna encontramos <em><strong>B\u00e4rner Br\u00f6nnti Creme<\/strong><\/em>. Una especie de natillas o de <em>cr\u00e8me br\u00fbl\u00e9e<\/em> en la que el az\u00facar se carameliza al principio, en lugar que en la capa superior.<\/p>\n\n\n\n<h3 class=\"wp-block-heading\">Platos t\u00edpicos suizos y alemanes que puedes encontrar en Berna<\/h3>\n\n\n\n<p class=\"wp-block-paragraph\">Si no quieres pasar por Suiza sin probar las <strong>t\u00edpicas <em>fondue<\/em> y <em>raclette<\/em><\/strong>, no te preocupes, tambi\u00e9n est\u00e1n en la capital. Lo mismo pasa con el <em><strong>cordon bleu<\/strong><\/em>, inventado en Brig, la puerta de entrada a la <a href=\"https:\/\/saltaconmigo.com\/blog\/2026\/07\/como-ver-el-glaciar-aletsch-suiza\/\" data-type=\"post\" data-id=\"74836\">Aletsch Arena<\/a>.<\/p>\n\n\n\n<p class=\"wp-block-paragraph\">Como en toda la <strong>Suiza alemana<\/strong>, encontrar\u00e1s platos de influencia germana. Y, como en Alemania, muchos de ellos sobre todo en las <strong>cervecer\u00edas<\/strong>: <em><strong>pretzel<\/strong><\/em>, <em><strong>sp\u00e4tzli<\/strong><\/em> \u2013una especie de pasta que se sirve como acompa\u00f1amiento o como plato \u00fanico con queso\u2013 o <strong>codillo<\/strong>, por ejemplo.<\/p>\n\n\n\n<h2 class=\"wp-block-heading\">D\u00f3nde comer en Berna: restaurantes recomendados<\/h2>\n\n\n\n<p class=\"wp-block-paragraph\">Ahora que ya est\u00e1s salivando, llega el momento de hablar de <strong>d\u00f3nde comer en Berna<\/strong>, los platos tradicionales de la ciudad, del cant\u00f3n, de la Suiza alemana, de Suiza o incluso del resto del mundo\u2026<\/p>\n\n\n\n<h3 class=\"wp-block-heading\">Kornhauskeller Restaurant &amp; Bar: comida t\u00edpica suiza en un edificio hist\u00f3rico de Berna<\/h3>\n\n\n\n<p class=\"wp-block-paragraph\">Entre nuestros lugares <a href=\"https:\/\/saltaconmigo.com\/blog\/2026\/08\/que-ver-en-berna-suiza\/\" data-type=\"post\" data-id=\"75176\">que ver en Berna<\/a> mencionamos el <strong>Kornhauskeller Restaurant &amp; Bar<\/strong>. Es tan espectacular \u2013un enorme s\u00f3tano abovedado en un edificio hist\u00f3rico\u2013 que tienes que entrar en \u00e9l aunque no vayas a comer\u2026 Eso s\u00ed, te avisamos de que entrar solo para verlo y hacer la foto ser\u00eda un error imperdonable. La comida est\u00e1 a la altura del edificio.<\/p>\n\n\n<div class=\"wp-block-image\">\n<figure class=\"aligncenter size-full\"><img loading=\"lazy\" decoding=\"async\" width=\"800\" height=\"534\" src=\"https:\/\/saltaconmigo.com\/blog\/wp-content\/uploads\/2026\/08\/Que-Ver-en-Berna-Altstadt-Kornhausplatz-Kornhauskeller-Restaurante.jpg\" alt=\"El sal\u00f3n del restaurante Kornhauskeller, con el tonel gigante al fondo\" class=\"wp-image-75187\" srcset=\"https:\/\/saltaconmigo.com\/blog\/wp-content\/uploads\/2026\/08\/Que-Ver-en-Berna-Altstadt-Kornhausplatz-Kornhauskeller-Restaurante.jpg 800w, https:\/\/saltaconmigo.com\/blog\/wp-content\/uploads\/2026\/08\/Que-Ver-en-Berna-Altstadt-Kornhausplatz-Kornhauskeller-Restaurante-300x200.jpg 300w, https:\/\/saltaconmigo.com\/blog\/wp-content\/uploads\/2026\/08\/Que-Ver-en-Berna-Altstadt-Kornhausplatz-Kornhauskeller-Restaurante-768x513.jpg 768w, https:\/\/saltaconmigo.com\/blog\/wp-content\/uploads\/2026\/08\/Que-Ver-en-Berna-Altstadt-Kornhausplatz-Kornhauskeller-Restaurante-626x418.jpg 626w, https:\/\/saltaconmigo.com\/blog\/wp-content\/uploads\/2026\/08\/Que-Ver-en-Berna-Altstadt-Kornhausplatz-Kornhauskeller-Restaurante-409x272.jpg 409w, https:\/\/saltaconmigo.com\/blog\/wp-content\/uploads\/2026\/08\/Que-Ver-en-Berna-Altstadt-Kornhausplatz-Kornhauskeller-Restaurante-640x427.jpg 640w\" sizes=\"auto, (max-width: 800px) 100vw, 800px\" \/><figcaption class=\"wp-element-caption\">El sal\u00f3n del restaurante Kornhauskeller, con el tonel gigante al fondo<\/figcaption><\/figure>\n<\/div>\n\n\n<p class=\"wp-block-paragraph\">En un <strong>monumento nacional suizo<\/strong>, la carta ten\u00eda que ser <strong>local y tradicional<\/strong>, aunque tambi\u00e9n encontrar\u00e1s alg\u00fan plato internacional. Est\u00e1n el <em><strong>Berner Platte<\/strong><\/em>, el <em><strong>B\u00e4rner Geschnetzeltes<\/strong><\/em> y la <strong>perca<\/strong>, adem\u00e1s del <em><strong>r\u00f6sti<\/strong><\/em>. Al fondo del s\u00f3tano, hay una gigantesco tonel de vino de 53.000 litros. Pero no es el \u00fanico vino del restaurante, cuentan con <strong>vinoteca<\/strong> propia\u2026 de la que no te podemos decir nada ya que no bebemos. Eso s\u00ed, el agua est\u00e1 buena.<\/p>\n\n\n<div class=\"wp-block-image\">\n<figure class=\"aligncenter size-full\"><img loading=\"lazy\" decoding=\"async\" width=\"800\" height=\"534\" src=\"https:\/\/saltaconmigo.com\/blog\/wp-content\/uploads\/2026\/08\/Comer-en-Berna-Kornhauskeller-Restaurant-Bar-Berner-Platte.jpg\" alt=\"El Berner Platte comer en Berna\" class=\"wp-image-75488\" srcset=\"https:\/\/saltaconmigo.com\/blog\/wp-content\/uploads\/2026\/08\/Comer-en-Berna-Kornhauskeller-Restaurant-Bar-Berner-Platte.jpg 800w, https:\/\/saltaconmigo.com\/blog\/wp-content\/uploads\/2026\/08\/Comer-en-Berna-Kornhauskeller-Restaurant-Bar-Berner-Platte-300x200.jpg 300w, https:\/\/saltaconmigo.com\/blog\/wp-content\/uploads\/2026\/08\/Comer-en-Berna-Kornhauskeller-Restaurant-Bar-Berner-Platte-768x513.jpg 768w, https:\/\/saltaconmigo.com\/blog\/wp-content\/uploads\/2026\/08\/Comer-en-Berna-Kornhauskeller-Restaurant-Bar-Berner-Platte-626x418.jpg 626w, https:\/\/saltaconmigo.com\/blog\/wp-content\/uploads\/2026\/08\/Comer-en-Berna-Kornhauskeller-Restaurant-Bar-Berner-Platte-409x272.jpg 409w, https:\/\/saltaconmigo.com\/blog\/wp-content\/uploads\/2026\/08\/Comer-en-Berna-Kornhauskeller-Restaurant-Bar-Berner-Platte-640x427.jpg 640w\" sizes=\"auto, (max-width: 800px) 100vw, 800px\" \/><figcaption class=\"wp-element-caption\">El Berner Platte<\/figcaption><\/figure>\n<\/div>\n\n\n<p class=\"wp-block-paragraph\">Nosotros <strong>probamos los cl\u00e1sico<\/strong>s: el <em><strong>Berner Platte<\/strong><\/em> y el <em><strong>B\u00e4rner Geschnetzeltes<\/strong><\/em> acompa\u00f1ado de <em><strong>r\u00f6sti<\/strong><\/em>, despu\u00e9s de un entrante de <strong>quesos locales<\/strong> \u2013que se ofrece como postre, pero\u2026\u2013. Acabamos con una <em><strong>cr\u00e8me br\u00fbl\u00e9e<\/strong><\/em> y un <strong><em>coulant<\/em> de chocolate<\/strong>, que tampoco puede faltar el chocolate en Suiza. Todo delicioso, ya hemos dicho que hace honor al edificio.<\/p>\n\n\n\n<p class=\"wp-block-paragraph\"><span style=\"text-decoration: underline;\">Direcci\u00f3n<\/span>: Kornhausplatz, 18<br><span style=\"text-decoration: underline;\">Precio<\/span>: 140 CHF entre los dos con agua \u2013ojo, que el agua en Suiza se paga y es cara, 10 CHF el litro\u2013 y compartiendo quesos de entrante.<br><em><a href=\"https:\/\/kornhaus-bern.ch\/restaurant-2\/?lang=en\" target=\"_blank\" rel=\"noreferrer noopener\">Web<\/a><\/em><\/p>\n\n\n\n<h3 class=\"wp-block-heading\">Altes Trampdepot: una cervecer\u00eda con comida t\u00edpica y buena relaci\u00f3n calidad precio<\/h3>\n\n\n\n<p class=\"wp-block-paragraph\">Al otro lado del Nydeggbr\u00fccke, justo frente al casco hist\u00f3rico, est\u00e1 la <strong>cervecer\u00eda Altes Trampdepot<\/strong>, uno de los <strong>mejores sitios donde comer en Berna<\/strong>. Hablamos de un complejo enorme \u2013piensa que era un antiguo dep\u00f3sito de tranv\u00eda\u2013, con una terraza con vistas a la ciudad, en el que se sirve <strong>comida t\u00edpica de cervecer\u00eda con toques de gastronom\u00eda de la Suiza alemana<\/strong>. No faltan los <em><strong>pretzels<\/strong><\/em> ni las <strong>salchichas<\/strong> ni el <strong>codillo<\/strong> ni el <em><strong>sp\u00e4tzli<\/strong><\/em>. Pero tambi\u00e9n encontramos platos t\u00edpicos de Berna en su carta: <strong><em>r\u00f6sti<\/em> con emmental<\/strong> y <strong>perca empanada<\/strong>.<\/p>\n\n\n<div class=\"wp-block-image\">\n<figure class=\"aligncenter size-full\"><img loading=\"lazy\" decoding=\"async\" width=\"800\" height=\"534\" src=\"https:\/\/saltaconmigo.com\/blog\/wp-content\/uploads\/2026\/08\/Comer-en-Berna-Altes-Trampdepot-Pretzel-Pastrami.jpg\" alt=\"Pretzel relleno de Pastrami, Altes Trampdepot\" class=\"wp-image-75489\" srcset=\"https:\/\/saltaconmigo.com\/blog\/wp-content\/uploads\/2026\/08\/Comer-en-Berna-Altes-Trampdepot-Pretzel-Pastrami.jpg 800w, https:\/\/saltaconmigo.com\/blog\/wp-content\/uploads\/2026\/08\/Comer-en-Berna-Altes-Trampdepot-Pretzel-Pastrami-300x200.jpg 300w, https:\/\/saltaconmigo.com\/blog\/wp-content\/uploads\/2026\/08\/Comer-en-Berna-Altes-Trampdepot-Pretzel-Pastrami-768x513.jpg 768w, https:\/\/saltaconmigo.com\/blog\/wp-content\/uploads\/2026\/08\/Comer-en-Berna-Altes-Trampdepot-Pretzel-Pastrami-626x418.jpg 626w, https:\/\/saltaconmigo.com\/blog\/wp-content\/uploads\/2026\/08\/Comer-en-Berna-Altes-Trampdepot-Pretzel-Pastrami-409x272.jpg 409w, https:\/\/saltaconmigo.com\/blog\/wp-content\/uploads\/2026\/08\/Comer-en-Berna-Altes-Trampdepot-Pretzel-Pastrami-640x427.jpg 640w\" sizes=\"auto, (max-width: 800px) 100vw, 800px\" \/><figcaption class=\"wp-element-caption\">Pretzel relleno de Pastrami<\/figcaption><\/figure>\n<\/div>\n\n\n<p class=\"wp-block-paragraph\">A pesar del tama\u00f1o de la sala, y de la terraza, <strong>m\u00e1s te vale reservar si quieres comer en Altes Trampdepot<\/strong>. Nos dijeron que est\u00e1 de moda entre los berneses y que incluso en temporada baja y entre semana hab\u00eda que reservar. Es m\u00e1s, nosotros, que hab\u00edamos reservado, llegamos un poco antes y tuvimos que hacer tiempo en los alrededores porque estaba llena \u2013siempre es buen momento para asomarse al mirador del Rosengarten\u2013. Y fuimos a cenar un mi\u00e9rcoles a principios de junio.<\/p>\n\n\n<div class=\"wp-block-image\">\n<figure class=\"aligncenter size-full\"><img loading=\"lazy\" decoding=\"async\" width=\"800\" height=\"534\" src=\"https:\/\/saltaconmigo.com\/blog\/wp-content\/uploads\/2026\/08\/Comer-en-Berna-Altes-Trampdepot-Cordon-Bleu.jpg\" alt=\"Cordon bleu de cerdo\" class=\"wp-image-75490\" srcset=\"https:\/\/saltaconmigo.com\/blog\/wp-content\/uploads\/2026\/08\/Comer-en-Berna-Altes-Trampdepot-Cordon-Bleu.jpg 800w, https:\/\/saltaconmigo.com\/blog\/wp-content\/uploads\/2026\/08\/Comer-en-Berna-Altes-Trampdepot-Cordon-Bleu-300x200.jpg 300w, https:\/\/saltaconmigo.com\/blog\/wp-content\/uploads\/2026\/08\/Comer-en-Berna-Altes-Trampdepot-Cordon-Bleu-768x513.jpg 768w, https:\/\/saltaconmigo.com\/blog\/wp-content\/uploads\/2026\/08\/Comer-en-Berna-Altes-Trampdepot-Cordon-Bleu-626x418.jpg 626w, https:\/\/saltaconmigo.com\/blog\/wp-content\/uploads\/2026\/08\/Comer-en-Berna-Altes-Trampdepot-Cordon-Bleu-409x272.jpg 409w, https:\/\/saltaconmigo.com\/blog\/wp-content\/uploads\/2026\/08\/Comer-en-Berna-Altes-Trampdepot-Cordon-Bleu-640x427.jpg 640w\" sizes=\"auto, (max-width: 800px) 100vw, 800px\" \/><figcaption class=\"wp-element-caption\">Cordon bleu de cerdo<\/figcaption><\/figure>\n<\/div>\n\n\n<p class=\"wp-block-paragraph\">Empezamos con el <strong><em>pretzel<\/em> relleno de pastrami<\/strong> y unas <em><strong>Weisswurst<\/strong><\/em> como entrantes. Seguimos con el <strong><em>r\u00f6sti<\/em> con emmental<\/strong> y un <strong><em>cordon bleu<\/em> de cerdo<\/strong>. Y acabamos con una <strong><em>mousse<\/em> de chocolate<\/strong> \u2013siempre hay que incluir chocolate estando en Suiza\u2013 y una <em><strong>B\u00e4rner Br\u00f6nnti Creme<\/strong><\/em>. Muy rico, porciones generosas y, para el tama\u00f1o y la ocupaci\u00f3n de la sala, con un servicio muy eficiente.<\/p>\n\n\n\n<p class=\"wp-block-paragraph\"><span style=\"text-decoration: underline;\">Direcci\u00f3n<\/span>: Grosser Muristalden, 6<br><span style=\"text-decoration: underline;\">Precio<\/span>: Unos 125 CHF los dos con agua \u2013y s\u00ed, el agua tambi\u00e9n cuesta, 5 CHF los 75 cl\u2013<br><em><a href=\"https:\/\/altestramdepot.ch\/en\/\" target=\"_blank\" rel=\"noreferrer noopener\">Web<\/a><\/em><\/p>\n\n\n\n<h2 class=\"wp-block-heading\">D\u00f3nde comer barato en Berna: panader\u00edas artesanas<\/h2>\n\n\n\n<p class=\"wp-block-paragraph\">M\u00e1s all\u00e1 de los <strong>restaurantes y cervecer\u00edas<\/strong>, que ya has visto que no son particularmente econ\u00f3micos, te vamos a sugerir unos cuantos <strong>lugares donde comer barato en Berna<\/strong>. \u00bfCu\u00e1les? Panader\u00edas artesanas en las que comprar un tentempi\u00e9 y seguir haciendo turismo por el casco hist\u00f3rico.<\/p>\n\n\n\n<p class=\"wp-block-paragraph\">Empezamos con <a href=\"https:\/\/bread-a-porter.ch\/angebote-produkte\/\" target=\"_blank\" rel=\"noreferrer noopener\"><strong>Bread \u00e0 Porter<\/strong><\/a>, donde puedes comer un <strong>bocadillo con quesos y embutidos locales<\/strong> \u2013tambi\u00e9n hay opciones vegetarianas\u2013, una sopa casera o una ensalada. Si quieres descansar, tambi\u00e9n puedes sentarte y hasta tomarte un caf\u00e9. Tiene dos locales en M\u00fcnstergasse, 74 y en Kornhausplatz, 11. M\u00e1s c\u00e9ntricos, imposible.<\/p>\n\n\n<div class=\"wp-block-image\">\n<figure class=\"aligncenter size-full\"><img loading=\"lazy\" decoding=\"async\" width=\"800\" height=\"533\" src=\"https:\/\/saltaconmigo.com\/blog\/wp-content\/uploads\/2026\/08\/Comer-en-Berna-Altes-Ass-Bar-Entrada.jpg\" alt=\"Entrada s\u00f3tano \u00c4ss-Bar, comer en Berna\" class=\"wp-image-75493\" srcset=\"https:\/\/saltaconmigo.com\/blog\/wp-content\/uploads\/2026\/08\/Comer-en-Berna-Altes-Ass-Bar-Entrada.jpg 800w, https:\/\/saltaconmigo.com\/blog\/wp-content\/uploads\/2026\/08\/Comer-en-Berna-Altes-Ass-Bar-Entrada-300x200.jpg 300w, https:\/\/saltaconmigo.com\/blog\/wp-content\/uploads\/2026\/08\/Comer-en-Berna-Altes-Ass-Bar-Entrada-768x512.jpg 768w, https:\/\/saltaconmigo.com\/blog\/wp-content\/uploads\/2026\/08\/Comer-en-Berna-Altes-Ass-Bar-Entrada-626x418.jpg 626w, https:\/\/saltaconmigo.com\/blog\/wp-content\/uploads\/2026\/08\/Comer-en-Berna-Altes-Ass-Bar-Entrada-409x272.jpg 409w, https:\/\/saltaconmigo.com\/blog\/wp-content\/uploads\/2026\/08\/Comer-en-Berna-Altes-Ass-Bar-Entrada-640x427.jpg 640w\" sizes=\"auto, (max-width: 800px) 100vw, 800px\" \/><figcaption class=\"wp-element-caption\">La entrada al s\u00f3tano medieval donde est\u00e1 el \u00c4ss-Bar de Berna<\/figcaption><\/figure>\n<\/div>\n\n\n<p class=\"wp-block-paragraph\">M\u00e1s econ\u00f3mico a\u00fan y mucho m\u00e1s sostenible es <strong><a href=\"https:\/\/www.aess-bar.ch\/index.php\" target=\"_blank\" rel=\"noreferrer noopener\">\u00c4ss-Bar<\/a><\/strong>, con sus <strong>productos de panader\u00eda<\/strong>. Su <em>claim<\/em> es \u201cFrescos de ayer\u201d porque se trata de productos recogidos de otros establecimientos cuando son retirados de la venta porque se acerca su fecha de consumo preferente. Una manera perfecta de evitar el desperdicio de alimentos y de <strong>comer barato en Berna<\/strong>. Su local est\u00e1 en Marktgasse, 19, en un semis\u00f3tano medieval \u2013tambi\u00e9n tienen presencia en <a href=\"https:\/\/saltaconmigo.com\/blog\/2019\/09\/que-ver-en-basilea-suiza\/\" data-type=\"post\" data-id=\"40299\">Basilea<\/a>, Lausana, <a href=\"https:\/\/saltaconmigo.com\/blog\/2026\/01\/que-hacer-en-lucerna-en-invierno\/\" data-type=\"post\" data-id=\"72776\">Lucerna<\/a> y cuatro locales en <a href=\"https:\/\/saltaconmigo.com\/blog\/2024\/10\/que-ver-en-zurich-suiza\/\" data-type=\"post\" data-id=\"68419\">Zurich<\/a>\u2013.<\/p>\n\n\n\n<p class=\"wp-block-paragraph\">Otra opci\u00f3n a tener en cuenta son los <strong>supermercados<\/strong>. En Berna los amos son los <strong>COOP<\/strong> y los <strong>MIGROS<\/strong>. En los dos encontrar\u00e1s una zona con productos de panader\u00eda, con ensaladas, con platos preparados y, por supuesto, las vitrinas de quesos suizos, adem\u00e1s de las estanter\u00edas de chocolates.<\/p>\n\n\n\n<p class=\"wp-block-paragraph\">Eso s\u00ed, si quieres queso, mejor acercarte a una queser\u00eda de toda la vida, como <strong><a href=\"https:\/\/chaeshuette-bern.ch\/\" target=\"_blank\" rel=\"noreferrer noopener\">Zur Ch\u00e4sh\u00fctte<\/a><\/strong> fundada en 1894. Incluso puedes <strong>probar una <em>fondue<\/em><\/strong> en la parte trasera del local.<\/p>\n\n\n\n<h2 class=\"wp-block-heading\">D\u00f3nde comer <em>raclette<\/em> y d\u00f3nde comer <em>fondue<\/em> en Berna<\/h2>\n\n\n\n<p class=\"wp-block-paragraph\">No tuvimos ocasi\u00f3n de <strong>comer <em>raclette<\/em> en Berna<\/strong> porque no hab\u00eda m\u00e1s momentos para comer\u2026 Tampoco comimos <em>fondue<\/em>, porque nuestra siguiente parada en el viaje despu\u00e9s de la capital suiza era el departamento de Emmental y, concretamente, una <a href=\"https:\/\/saltaconmigo.com\/blog\/2026\/07\/visita-fabrica-de-emmental-en-suiza\/\" data-type=\"post\" data-id=\"75055\">f\u00e1brica de emmental<\/a>, as\u00ed que la ten\u00edamos prevista para despu\u00e9s.<\/p>\n\n\n<div class=\"wp-block-image\">\n<figure class=\"aligncenter size-full\"><img loading=\"lazy\" decoding=\"async\" width=\"800\" height=\"534\" src=\"https:\/\/saltaconmigo.com\/blog\/wp-content\/uploads\/2026\/07\/Comer-en-Emmentaler-Schaukaserei-Wohnfass-Barril-Habitable-Fondue.jpg\" alt=\"Comer en Emmentaler Schaukaserei Wohnfass Barril Habitable Fondue\" class=\"wp-image-75072\" srcset=\"https:\/\/saltaconmigo.com\/blog\/wp-content\/uploads\/2026\/07\/Comer-en-Emmentaler-Schaukaserei-Wohnfass-Barril-Habitable-Fondue.jpg 800w, https:\/\/saltaconmigo.com\/blog\/wp-content\/uploads\/2026\/07\/Comer-en-Emmentaler-Schaukaserei-Wohnfass-Barril-Habitable-Fondue-300x200.jpg 300w, https:\/\/saltaconmigo.com\/blog\/wp-content\/uploads\/2026\/07\/Comer-en-Emmentaler-Schaukaserei-Wohnfass-Barril-Habitable-Fondue-768x513.jpg 768w, https:\/\/saltaconmigo.com\/blog\/wp-content\/uploads\/2026\/07\/Comer-en-Emmentaler-Schaukaserei-Wohnfass-Barril-Habitable-Fondue-626x418.jpg 626w, https:\/\/saltaconmigo.com\/blog\/wp-content\/uploads\/2026\/07\/Comer-en-Emmentaler-Schaukaserei-Wohnfass-Barril-Habitable-Fondue-409x272.jpg 409w, https:\/\/saltaconmigo.com\/blog\/wp-content\/uploads\/2026\/07\/Comer-en-Emmentaler-Schaukaserei-Wohnfass-Barril-Habitable-Fondue-640x427.jpg 640w\" sizes=\"auto, (max-width: 800px) 100vw, 800px\" \/><figcaption class=\"wp-element-caption\">Preparando la fondue en nuestro barril habitable en la Emmentaler Schauk\u00e4serei<\/figcaption><\/figure>\n<\/div>\n\n\n<p class=\"wp-block-paragraph\">De todas formas, no pod\u00edamos pasar por una ciudad suiza y no saber d\u00f3nde comer los platos m\u00e1s conocidos del pa\u00eds. Si buscas <strong>d\u00f3nde comer <em>raclette<\/em> y d\u00f3nde comer <em>fondue<\/em> en Berna<\/strong>, uno de los sitios m\u00e1s t\u00edpicos es <a href=\"https:\/\/loetschbergbern.ch\/en\/\" target=\"_blank\" rel=\"noreferrer noopener\"><strong>L\u00f6tschberg<\/strong><\/a>.<\/p>\n\n\n\n<p class=\"wp-block-paragraph\">No lo probamos y no te podemos decir mucho m\u00e1s, pero conf\u00edamos en las recomendaciones que nos dieron. Tambi\u00e9n nos sugirieron el <strong>Goldener Schl\u00fcssel<\/strong>, el <strong>Restaurant Harmonie JUL<\/strong>, el <strong>Zubft zu Webern<\/strong> y el <strong>Restaurant Rosengarten<\/strong> \u2013con su <em>fondue<\/em> con vistas\u2013.<\/p>\n\n\n\n<p class=\"wp-block-paragraph\">No creemos que necesites m\u00e1s opciones, pero, en la <em><a href=\"https:\/\/bern.com\/en\/news\/stories-and-recommendations\/our-restaurant-tips-with-traditional-swiss-cuisine\" target=\"_blank\" rel=\"noreferrer noopener\">web<\/a><\/em> de la oficina de turismo tienes m\u00e1s recomendaciones de r<strong>estaurantes de comida t\u00edpica en Berna<\/strong>.<\/p>\n\n\n<div class=\"wp-block-image\">\n<figure class=\"aligncenter size-full\"><img loading=\"lazy\" decoding=\"async\" width=\"800\" height=\"534\" src=\"https:\/\/saltaconmigo.com\/blog\/wp-content\/uploads\/2026\/08\/Comer-en-Berna-Altes-Trampdepot-Weisswursts.jpg\" alt=\"Weisswurst comer en Berna\" class=\"wp-image-75496\" srcset=\"https:\/\/saltaconmigo.com\/blog\/wp-content\/uploads\/2026\/08\/Comer-en-Berna-Altes-Trampdepot-Weisswursts.jpg 800w, https:\/\/saltaconmigo.com\/blog\/wp-content\/uploads\/2026\/08\/Comer-en-Berna-Altes-Trampdepot-Weisswursts-300x200.jpg 300w, https:\/\/saltaconmigo.com\/blog\/wp-content\/uploads\/2026\/08\/Comer-en-Berna-Altes-Trampdepot-Weisswursts-768x513.jpg 768w, https:\/\/saltaconmigo.com\/blog\/wp-content\/uploads\/2026\/08\/Comer-en-Berna-Altes-Trampdepot-Weisswursts-626x418.jpg 626w, https:\/\/saltaconmigo.com\/blog\/wp-content\/uploads\/2026\/08\/Comer-en-Berna-Altes-Trampdepot-Weisswursts-409x272.jpg 409w, https:\/\/saltaconmigo.com\/blog\/wp-content\/uploads\/2026\/08\/Comer-en-Berna-Altes-Trampdepot-Weisswursts-640x427.jpg 640w\" sizes=\"auto, (max-width: 800px) 100vw, 800px\" \/><figcaption class=\"wp-element-caption\">Las Weisswursts de la cervecer\u00eda Altes Trampdepot<\/figcaption><\/figure>\n<\/div>\n\n\n<p class=\"wp-block-paragraph\">No vas a tener tiempo para <strong>comer en Berna<\/strong> todo lo que te gustar\u00eda. Lo sabemos bien, nos quedamos con ganas de probar m\u00e1s lugares en nuestros dos d\u00edas en la capital suiza.<\/p>\n\n\n<div class=\"cajaVenta\">\n<p>\u00bfQuieres <strong>viajar a Suiza<\/strong>? Aqu\u00ed puedes hacerlo:<\/p>\n<ul class=\"avion\">\n \t<li>Busca tu <strong>vuelo m\u00e1s barato a Suiza<\/strong> <a href=\"https:\/\/skyscanner.pxf.io\/4PgaZL\" target=\"_blank\" rel=\"sponsored nofollow noopener noreferrer\">aqu\u00ed<\/a>.<\/li>\n<\/ul>\n<ul class=\"hotel\">\n \t<li>Escoge el <strong>hotel que m\u00e1s te guste al mejor precio<\/strong> en Ginebra <a href=\"https:\/\/www.booking.com\/searchresults.en.html?city=-2552151&#038;aid=844890&#038;no_rooms=1&#038;group_adults=2\" target=\"_blank\" rel=\"sponsored nofollow noopener noreferrer\">aqu\u00ed<\/a>, en Basilea <a href=\"https:\/\/www.booking.com\/searchresults.en.html?city=-2551183&#038;aid=844890&#038;no_rooms=1&#038;group_adults=2\" target=\"_blank\" rel=\"sponsored nofollow noopener noreferrer\">aqu\u00ed<\/a> o en Zurich <a href=\"https:\/\/www.booking.com\/searchresults.en.html?city=-2554935&#038;aid=844890&#038;no_rooms=1&#038;group_adults=2\" target=\"_blank\" rel=\"sponsored nofollow noopener noreferrer\">aqu\u00ed<\/a>.<\/li>\n<\/ul>\n<ul class=\"coche\">\n \t<li>Hazte con un <strong>Swiss Travel Pass<\/strong> para viajar por Suiza <a href=\"https:\/\/www.civitatis.com\/es\/zurich\/swiss-travel-pass\/?aid=1259&#038;cmp=caja_suiza\" target=\"_blank\" rel=\"sponsored nofollow noopener noreferrer\">aqu\u00ed<\/a>.<\/li>\n<\/ul>\n<ul class=\"guias\">\n \t<li>Hazte con las <strong>mejores gu\u00edas de Suiza<\/strong> <a title=\"Compra tu gu\u00eda de viaje\" href=\"https:\/\/amzn.to\/2wMHEeO\" target=\"_blank\" rel=\"sponsored nofollow noopener noreferrer\">aqu\u00ed<\/a>.<\/li>\n<\/ul>\n<ul class=\"tour\">\n \t<li>Contrata tu <strong><em>tour<\/em> guiado en espa\u00f1ol en Suiza<\/strong> <a href=\"https:\/\/www.civitatis.com\/es\/suiza\/?aid=1259&#038;cmp=caja_suiza\" target=\"_blank\" rel=\"sponsored nofollow noopener noreferrer\">aqu\u00ed<\/a>.<\/li>\n<\/ul>\n<ul class=\"seguro\">\n \t<li>Contrata tu <strong>seguro de viaje con un 5% de descuento<\/strong> <a title=\"Contrata tu seguro de viaje al mejor precio\" href=\"https:\/\/www.iatiseguros.com\/?r=21058501929524&#038;cmp=caja_suiza\" target=\"_blank\" rel=\"sponsored nofollow noopener noreferrer\">aqu\u00ed<\/a>.<\/li>\n<\/ul>\n<ul class=\"tarjeta\">\n \t<li>Hazte con la <strong>mejor tarjeta de viaje y recibe 10 \u20ac de recompensa<\/strong> <a href=\"https:\/\/revolut.ngih.net\/c\/1205554\/1576621\/9626\" target=\"_blank\" rel=\"sponsored nofollow noopener noreferrer noindex\">aqu\u00ed<\/a>.<\/li>\n<\/ul>\n<\/div>","protected":false},"excerpt":{"rendered":"<p>Si quieres probar la comida t\u00edpica de Berna, vas a tener que caminar mucho y subir unas cuantas escaleras. Y es que ligera, lo que se dice ligera, no es. Te hablamos de sus platos tradicionales y te recomendamos restaurantes donde probarlos. El ejercicio despu\u00e9s es cosa tuya.<\/p>\n","protected":false},"author":2,"featured_media":75486,"comment_status":"open","ping_status":"open","sticky":false,"template":"","format":"standard","meta":{"footnotes":""},"categories":[110,94],"tags":[429],"class_list":["post-75481","post","type-post","status-publish","format-standard","has-post-thumbnail","hentry","category-europa","category-suiza","tag-donde-comer"],"_links":{"self":[{"href":"https:\/\/saltaconmigo.com\/blog\/wp-json\/wp\/v2\/posts\/75481","targetHints":{"allow":["GET"]}}],"collection":[{"href":"https:\/\/saltaconmigo.com\/blog\/wp-json\/wp\/v2\/posts"}],"about":[{"href":"https:\/\/saltaconmigo.com\/blog\/wp-json\/wp\/v2\/types\/post"}],"author":[{"embeddable":true,"href":"https:\/\/saltaconmigo.com\/blog\/wp-json\/wp\/v2\/users\/2"}],"replies":[{"embeddable":true,"href":"https:\/\/saltaconmigo.com\/blog\/wp-json\/wp\/v2\/comments?post=75481"}],"version-history":[{"count":1,"href":"https:\/\/saltaconmigo.com\/blog\/wp-json\/wp\/v2\/posts\/75481\/revisions"}],"predecessor-version":[{"id":75499,"href":"https:\/\/saltaconmigo.com\/blog\/wp-json\/wp\/v2\/posts\/75481\/revisions\/75499"}],"wp:featuredmedia":[{"embeddable":true,"href":"https:\/\/saltaconmigo.com\/blog\/wp-json\/wp\/v2\/media\/75486"}],"wp:attachment":[{"href":"https:\/\/saltaconmigo.com\/blog\/wp-json\/wp\/v2\/media?parent=75481"}],"wp:term":[{"taxonomy":"category","embeddable":true,"href":"https:\/\/saltaconmigo.com\/blog\/wp-json\/wp\/v2\/categories?post=75481"},{"taxonomy":"post_tag","embeddable":true,"href":"https:\/\/saltaconmigo.com\/blog\/wp-json\/wp\/v2\/tags?post=75481"}],"curies":[{"name":"wp","href":"https:\/\/api.w.org\/{rel}","templated":true}]}}