{"id":74836,"date":"2026-07-09T09:03:00","date_gmt":"2026-07-09T07:03:00","guid":{"rendered":"https:\/\/saltaconmigo.com\/blog\/?p=74836"},"modified":"2026-08-18T14:05:44","modified_gmt":"2026-08-18T12:05:44","slug":"como-ver-el-glaciar-aletsch-suiza","status":"publish","type":"post","link":"https:\/\/saltaconmigo.com\/blog\/2026\/07\/como-ver-el-glaciar-aletsch-suiza\/","title":{"rendered":"C\u00f3mo ver el glaciar Aletsch: el m\u00e1s grande de los Alpes"},"content":{"rendered":"\n<p class=\"wp-block-paragraph\">Hay lugares en los Alpes que impresionan, y luego est\u00e1 el <strong>glaciar Aletsch<\/strong>. Es algo dif\u00edcil de imaginar hasta que no lo tienes delante. Una inmensa lengua de hielo de m\u00e1s de 20 kil\u00f3metros serpenteando entre las monta\u00f1as del cant\u00f3n de Valais, en Suiza. Es el <strong>glaciar m\u00e1s grande de los Alpes<\/strong>. Reconocemos que, incluso despu\u00e9s de verlo desde todos sus miradores, nos cuesta hacernos una idea de su tama\u00f1o real\u2026 y es que la escala se pierde entre tanto hielo.<\/p>\n\n\n<div class=\"wp-block-image wp-image-74839 size-full\">\n<figure class=\"aligncenter\"><img loading=\"lazy\" decoding=\"async\" width=\"800\" height=\"534\" src=\"https:\/\/saltaconmigo.com\/blog\/wp-content\/uploads\/2026\/07\/Glaciar-Aletsch-Suiza-Bettmerhorn-Salto.jpg\" alt=\"Glaciar Aletsch Suiza Bettmerhorn Salto\" class=\"wp-image-74839\" srcset=\"https:\/\/saltaconmigo.com\/blog\/wp-content\/uploads\/2026\/07\/Glaciar-Aletsch-Suiza-Bettmerhorn-Salto.jpg 800w, https:\/\/saltaconmigo.com\/blog\/wp-content\/uploads\/2026\/07\/Glaciar-Aletsch-Suiza-Bettmerhorn-Salto-300x200.jpg 300w, https:\/\/saltaconmigo.com\/blog\/wp-content\/uploads\/2026\/07\/Glaciar-Aletsch-Suiza-Bettmerhorn-Salto-768x513.jpg 768w, https:\/\/saltaconmigo.com\/blog\/wp-content\/uploads\/2026\/07\/Glaciar-Aletsch-Suiza-Bettmerhorn-Salto-626x418.jpg 626w, https:\/\/saltaconmigo.com\/blog\/wp-content\/uploads\/2026\/07\/Glaciar-Aletsch-Suiza-Bettmerhorn-Salto-409x272.jpg 409w, https:\/\/saltaconmigo.com\/blog\/wp-content\/uploads\/2026\/07\/Glaciar-Aletsch-Suiza-Bettmerhorn-Salto-640x427.jpg 640w\" sizes=\"auto, (max-width: 800px) 100vw, 800px\" \/><figcaption class=\"wp-element-caption\">Saltando en el mirador del Bettmerhorn con el glaciar Aletsch detr\u00e1s<\/figcaption><\/figure>\n<\/div>\n\n\n<p class=\"wp-block-paragraph\">Y no creas que necesitas ser alpinista para disfrutar de sus vistas. Si te preguntas \u201c<strong>\u00bfc\u00f3mo ver el glaciar Aletsch?<\/strong>\u201d, la respuesta no puede ser m\u00e1s sencilla. Gracias a la red de telef\u00e9ricos de la <strong>regi\u00f3n alpina de la Aletsch Arena<\/strong>, pudimos llegar c\u00f3modamente a todos los miradores. En todos ellos, adem\u00e1s, aparece otra protagonista que tambi\u00e9n quiere su porci\u00f3n de caso: la silueta del monte Cervino, Matterhorn, en el horizonte. Una de las im\u00e1genes m\u00e1s ic\u00f3nicas de Suiza y de las tiendas de los aeropuertos del mundo\u2026 \u00bfo es que no viste los viejos paquetes de Toblerone? S\u00ed, viejos, porque desde 2023 no se fabrica en Suiza y no pueden usar la silueta de verdad\u2026<\/p>\n\n\n\n<p class=\"wp-block-paragraph\">Te vamos a contar <strong>c\u00f3mo visitar el glaciar Aletsch<\/strong> paso a paso: c\u00f3mo llegar, cu\u00e1les son los <strong>mejores miradores<\/strong>, qu\u00e9 hacer durante todo el a\u00f1o, d\u00f3nde dormir y algunos consejos de nuestra experiencia en la zona. Prep\u00e1rate para descubrir uno de los paisajes m\u00e1s impactantes de los <strong>Alpes suizos<\/strong>. Y para darte cuenta, con l\u00e1grimas en los ojos, de que tu generaci\u00f3n ser\u00e1 de las \u00faltimas que puedan disfrutar de \u00e9l\u2026<\/p>\n\n\n\n<div class=\"rinconSC\">\n<p><span class=\"titulo\">Saltaconmiconsejo<\/span><\/p>\n<hr>\n<p>Si quieres disfrutar m\u00e1s de tu paso por el pa\u00eds helv\u00e9tico, echa un vistazo a nuestros <a href=\"https:\/\/saltaconmigo.com\/blog\/2026\/02\/consejos-para-viajar-a-suiza\/\"><strong>10 consejos para viajar a Suiza sin sustos (ni sablazos)<\/strong><\/a>.<\/p>\n<\/div>\n\n\n<div class=\"vw-accordion\" data-open=\"true\"><div class=\"vw-accordion-header\"><span class=\"vw-accordion-header-text\">\u00cdndice<\/span><\/div><div class=\"vw-accordion-content\"><\/p>\n<ul>\n<li><a href=\"#datos\">Algunos datos del glaciar Aletsch, el m\u00e1s grande de los Alpes y Patrimonio UNESCO<\/a><\/li>\n<li><a href=\"#donde-llegar\">D\u00f3nde est\u00e1 y c\u00f3mo llegar al glaciar Aletsch<\/a><\/li>\n<li><a href=\"#llegar-espana\">C\u00f3mo llegar a Brig y la Aletsch Arena desde Espa\u00f1a<\/a><\/li>\n<li><a href=\"#moverse\">C\u00f3mo moverse en la zona de la Aletsch Arena en telef\u00e9rico: el Aletsch Explorer Pass<\/a><\/li>\n<li><a href=\"#miradores\">C\u00f3mo ver el glaciar Aletsch: los mejores miradores<\/a><\/li>\n<li><a href=\"#ver-mas\">Qu\u00e9 ver en la zona de la Aletsch Arena m\u00e1s all\u00e1 de los miradores<\/a><\/li>\n<li><a href=\"#hacer-verano\">Qu\u00e9 hacer en la zona del glaciar Aletsch en verano<\/a><\/li>\n<li><a href=\"#hacer-invierno\">Qu\u00e9 hacer en la Aletsch arena en invierno<\/a><\/li>\n<li><a href=\"#123\">La excursi\u00f3n al glaciar Aletsch en un d\u00eda y qu\u00e9 hacer en dos o tres d\u00edas en la zona<\/a><\/li>\n<li><a href=\"#clima\">El clima en la Aletsch Arena: \u00bfqu\u00e9 ropa llevar?<\/a><\/li>\n<li><a href=\"#dormir\">D\u00f3nde dormir<\/a><\/li>\n<li><a href=\"#comer\">Qu\u00e9 y d\u00f3nde comer<\/a><\/li>\n<li><a href=\"#mapa\">Mapa de la zona de la Aletsch Arena con sus telef\u00e9ricos y miradores<\/a><\/li>\n<li><a href=\"#faq\">Preguntas y respuestas sobre el glaciar Aletsch<\/a><\/li>\n<\/ul>\n<p><\/div><\/div>\n\n\n\n<h2 id=\"datos\" class=\"wp-block-heading\">Algunos datos del glaciar Aletsch, el m\u00e1s grande de los Alpes y Patrimonio UNESCO<\/h2>\n\n\n\n<p class=\"wp-block-paragraph\">El <strong>glaciar Aletsch<\/strong> \u2013su nombre completo es <em>Grosser Aletschgletscher<\/em>, Gran Glaciar Aletsch\u2013 es el <strong>mayor glaciar de los Alpes<\/strong> y forma parte del <strong><a href=\"https:\/\/whc.unesco.org\/es\/list\/1037\" target=\"_blank\" rel=\"noopener\">sitio UNESCO de los Alpes Suizos Jungfrau-Aletsch<\/a><\/strong>.<\/p>\n\n\n\n<p class=\"wp-block-paragraph\">Este gigantesco r\u00edo de hielo <strong>mide unos 20 kil\u00f3metros<\/strong> y su superficie <strong>supera los 80 km\u00b2<\/strong>. En algunos puntos, <strong>el espesor del hielo alcanza los 800 metros<\/strong>, se podr\u00eda enterrar en \u00e9l el Burj Khalifa de Dubai, el edificio m\u00e1s alto del mundo. Delante de \u00e9l, es dif\u00edcil asumir que toda esa masa de hielo <strong>se mueve valle abajo a una velocidad de 200 metros al a\u00f1o<\/strong>.<\/p>\n\n\n<div class=\"wp-block-image wp-image-74841 size-full\">\n<figure class=\"aligncenter\"><img loading=\"lazy\" decoding=\"async\" width=\"800\" height=\"534\" src=\"https:\/\/saltaconmigo.com\/blog\/wp-content\/uploads\/2026\/07\/Glaciar-Aletsch-Suiza-Eggishorn-Selfie.jpg\" alt=\"Glaciar Aletsch Suiza Eggishorn Selfie\" class=\"wp-image-74841\" srcset=\"https:\/\/saltaconmigo.com\/blog\/wp-content\/uploads\/2026\/07\/Glaciar-Aletsch-Suiza-Eggishorn-Selfie.jpg 800w, https:\/\/saltaconmigo.com\/blog\/wp-content\/uploads\/2026\/07\/Glaciar-Aletsch-Suiza-Eggishorn-Selfie-300x200.jpg 300w, https:\/\/saltaconmigo.com\/blog\/wp-content\/uploads\/2026\/07\/Glaciar-Aletsch-Suiza-Eggishorn-Selfie-768x513.jpg 768w, https:\/\/saltaconmigo.com\/blog\/wp-content\/uploads\/2026\/07\/Glaciar-Aletsch-Suiza-Eggishorn-Selfie-626x418.jpg 626w, https:\/\/saltaconmigo.com\/blog\/wp-content\/uploads\/2026\/07\/Glaciar-Aletsch-Suiza-Eggishorn-Selfie-409x272.jpg 409w, https:\/\/saltaconmigo.com\/blog\/wp-content\/uploads\/2026\/07\/Glaciar-Aletsch-Suiza-Eggishorn-Selfie-640x427.jpg 640w\" sizes=\"auto, (max-width: 800px) 100vw, 800px\" \/><figcaption class=\"wp-element-caption\">Un selfie delante del imponente glaciar Aletsch desde el mirador del Eggishorn<\/figcaption><\/figure>\n<\/div>\n\n\n<p class=\"wp-block-paragraph\">Lo que es menos complicado es ver c\u00f3mo ha retrocedido en el tiempo, las marcas en las laderas lo demuestran: desde finales del siglo XIX ha perdido varios kil\u00f3metros de longitud y metros de grosor. El <strong>retroceso del glaciar Aletsch<\/strong> es uno de los ejemplos m\u00e1s visibles de c\u00f3mo est\u00e1n evolucionando los glaciares en Europa. Se estima que, <strong>en 2090, no quedar\u00e1 glaciar Aletsch que visitar<\/strong> si todo sigue as\u00ed.<\/p>\n\n\n\n<div class=\"rinconSC\">\n<p><span class=\"titulo\">\u00bfSab\u00edas que&#8230;?<\/span><\/p>\n<hr>\n<p>A pesar de todo el volumen que ha perdido en el \u00faltimo siglo y medio, hay un dato que nos dej\u00f3 locos cuando nos lo dijo nuestra gu\u00eda delante del glaciar Aletsch. Si se fundiera, habr\u00eda suficiente agua para dar 1 litro diario a todas las personas del planeta durante tres a\u00f1os.<\/p>\n<\/div>\n\n\n\n<p class=\"wp-block-paragraph\">La UNESCO destac\u00f3 tres grandes valores al incluir esta regi\u00f3n en su lista de Patrimonio Mundial: la espectacular belleza del paisaje, la extraordinaria biodiversidad que alberga y su enorme importancia cient\u00edfica para comprender la formaci\u00f3n de los Alpes y la evoluci\u00f3n del clima.<\/p>\n\n\n\n<p class=\"wp-block-paragraph\">No est\u00e1s viendo solo el glaciar m\u00e1s grande de los Alpes. Est\u00e1s viendo un r\u00edo de hielo gigantesco que lleva miles de a\u00f1os modelando esas monta\u00f1as. Y que la generaci\u00f3n Z ver\u00e1 desaparecer\u2026<\/p>\n\n\n\n<h2 id=\"donde-llegar\" class=\"wp-block-heading\">D\u00f3nde est\u00e1 y c\u00f3mo llegar al glaciar Aletsch<\/h2>\n\n\n\n<p class=\"wp-block-paragraph\">El <strong>glaciar Aletsch<\/strong> est\u00e1 en el <strong>cant\u00f3n del Valais<\/strong>, en el <strong>sur de Suiza<\/strong>, dentro de la regi\u00f3n tur\u00edstica conocida gracias a \u00e9l como <strong>Aletsch Arena<\/strong>. Una terraza natural sobre el valle del R\u00f3dano formada por <strong>tres pueblos alpinos libres de coches<\/strong>, a los que se llega en telef\u00e9rico: <strong>Riederalp<\/strong> \u2013desde M\u00f6rel-Filet hay dos l\u00edneas, una a Mitte, directa, y otra a West, con parada intermedia, ambas en Riederalp\u2013, <strong>Bettmeralp<\/strong> \u2013desde Bettmeralp Talstation, la estaci\u00f3n del valle\u2013 y <strong>Fiescheralp<\/strong> \u2013desde Fiesch\u2013. En nuestra opini\u00f3n, Bettmeralp es la mejor base, es el m\u00e1s grande, con m\u00e1s servicios y una posici\u00f3n m\u00e1s c\u00e9ntrica.<\/p>\n\n\n<div class=\"wp-block-image wp-image-74842 size-full\">\n<figure class=\"aligncenter\"><img loading=\"lazy\" decoding=\"async\" width=\"800\" height=\"533\" src=\"https:\/\/saltaconmigo.com\/blog\/wp-content\/uploads\/2026\/07\/Glaciar-Aletsch-Suiza-Tren-Valle-Glacier-Express.jpg\" alt=\"Glaciar Aletsch Suiza Tren Valle Glacier Express\" class=\"wp-image-74842\" srcset=\"https:\/\/saltaconmigo.com\/blog\/wp-content\/uploads\/2026\/07\/Glaciar-Aletsch-Suiza-Tren-Valle-Glacier-Express.jpg 800w, https:\/\/saltaconmigo.com\/blog\/wp-content\/uploads\/2026\/07\/Glaciar-Aletsch-Suiza-Tren-Valle-Glacier-Express-300x200.jpg 300w, https:\/\/saltaconmigo.com\/blog\/wp-content\/uploads\/2026\/07\/Glaciar-Aletsch-Suiza-Tren-Valle-Glacier-Express-768x512.jpg 768w, https:\/\/saltaconmigo.com\/blog\/wp-content\/uploads\/2026\/07\/Glaciar-Aletsch-Suiza-Tren-Valle-Glacier-Express-626x418.jpg 626w, https:\/\/saltaconmigo.com\/blog\/wp-content\/uploads\/2026\/07\/Glaciar-Aletsch-Suiza-Tren-Valle-Glacier-Express-409x272.jpg 409w, https:\/\/saltaconmigo.com\/blog\/wp-content\/uploads\/2026\/07\/Glaciar-Aletsch-Suiza-Tren-Valle-Glacier-Express-640x427.jpg 640w\" sizes=\"auto, (max-width: 800px) 100vw, 800px\" \/><figcaption class=\"wp-element-caption\">El tren que une Brig con las estaciones del valle<\/figcaption><\/figure>\n<\/div>\n\n\n<p class=\"wp-block-paragraph\">La puerta de entrada \u201ccl\u00e1sica\u201d a la Aletsch Arena es la <strong>ciudad de Brig<\/strong>. Desde all\u00ed, una l\u00ednea de tren llega hasta las estaciones de los telef\u00e9ricos del valle.<\/p>\n\n\n\n<div class=\"rinconSC\">\n<p><span class=\"titulo\">\u00bfSab\u00edas que&#8230;?<\/span><\/p>\n<hr>\n<p>La l\u00ednea de tren que une Brig con las estaciones de telef\u00e9rico del valle es la que usa el famoso <strong>Glacier Express<\/strong>, entre Zermatt y St. Moritz. Eso s\u00ed, el tren panor\u00e1mico solo para en Brig. Si quieres ver el glaciar Aletsch, tendr\u00e1s que bajar, montar en el tren regional que para en las estaciones del telef\u00e9rico y subir hasta los miradores. No se ve ning\u00fan glaciar tan grande ni tan bien por las ventanillas del Glacier Express, aunque eso no le quita un \u00e1pice de belleza a sus paisajes. Echa un vistazo a otro tren panor\u00e1mico suizo que nos enamor\u00f3, el <a href=\"https:\/\/test.saltaconmigo.com\/2023\/06\/bernina-express-suiza-milan-precio-recorrido\/\"><strong>Bernina Express<\/strong><\/a>.<\/p>\n<\/div>\n\n\n\n<p class=\"wp-block-paragraph\">Entonces, una vez situados, para <strong>visitar el glaciar Aletsch<\/strong> primero llegas al valle con el tren \u2013o el coche\u2013 desde Brig, <strong>subes en telef\u00e9rico a uno de los tres pueblos y desde all\u00ed contin\u00faas hacia los miradores y rutas panor\u00e1micas<\/strong>. Como hemos dicho, cualquiera puede asomarse al glaciar, no necesitas tener experiencia en monta\u00f1a. Incluso puedes llegar en silla de ruedas. Con nuestro <a href=\"#mapa\">mapa de la Aletsch Arena<\/a> lo tendr\u00e1s todo mucho m\u00e1s claro.<\/p>\n\n\n\n<h2 id=\"llegar-espana\" class=\"wp-block-heading\">C\u00f3mo llegar a Brig y la Aletsch Arena desde Espa\u00f1a<\/h2>\n\n\n\n<p class=\"wp-block-paragraph\">Desde Espa\u00f1a, la forma m\u00e1s habitual de <strong>llegar a Brig<\/strong> es volar a uno de los aeropuertos suizos y continuar en transporte p\u00fablico, en tren.<\/p>\n\n\n\n<p class=\"wp-block-paragraph\">Nosotros volamos con <strong>SWISS a Z\u00farich<\/strong>, el viaje a Suiza empieza y acaba con su chocolatina. Desde el aeropuerto necesitar\u00e1s unas dos horas y media, hay <strong>trenes directos hasta Brig<\/strong> y otros con cambio en Berna \u2013nosotros aprovechamos para visitar Berna\u2013. Desde Ginebra hablamos de tres horas y desde Basilea, de unas tres horas y media, tambi\u00e9n con trenes directos. Tambi\u00e9n puedes llegar desde Mil\u00e1n en tren directo en unas dos horas y media. Despu\u00e9s de unos cuantos viajes al pa\u00eds, nunca hemos necesitado coche para viajar por Suiza. Si lo est\u00e1s pensando, recuerda que tendr\u00e1s que dejarlo aparcado en el valle mientras visites la zona\u2026<\/p>\n\n\n\n<p class=\"wp-block-paragraph\">Si te hemos convencido de no usar coche, echa un vistazo al <strong><a href=\"https:\/\/www.civitatis.com\/es\/zurich\/swiss-travel-pass\/?aid=1259&amp;cmp=aletsch\" target=\"_blank\" rel=\"nofollow noopener sponsored\">Swiss Travel Pass<\/a><\/strong>, que adem\u00e1s de incluir todos los trenes, autobuses y barcos del pa\u00eds, tiene un <strong>descuento del 50% en los telef\u00e9ricos de la Aletsch Arena<\/strong>. Calcula el coste de los trayectos y mira a ver si te compensa \u2013recuerda que tambi\u00e9n incluye las entradas a museos en todo el pa\u00eds\u2013.<\/p>\n\n\n\n<div class=\"rinconSC\">\n<p><span class=\"titulo\">Saltaconmiconsejo<\/span><\/p>\n<hr>\n<p>Descarga la <a href=\"https:\/\/www.sbb.ch\/en\/travel-information\/apps\/sbb-mobile.html\" target=\"_blank\" rel=\"noopener\">aplicaci\u00f3n SBB Mobile<\/a> para consultar los horarios de trenes, autobuses, barcos, funiculares y telef\u00e9ricos, incluidos los de la Aletsch Arena.<\/p>\n<\/div>\n\n\n\n<h2 id=\"moverse\" class=\"wp-block-heading\">C\u00f3mo moverse en la zona de la Aletsch Arena en telef\u00e9rico: el Aletsch Explorer Pass<\/h2>\n\n\n\n<p class=\"wp-block-paragraph\">Ya has visto que moverse entre los pueblos del valle y los pueblos alpinos es muy sencillo. Pues <strong>moverse por la Aletsch Arena<\/strong>, una vez arriba, sigue siendo muy f\u00e1cil. Hay muchos <strong>senderos<\/strong> bien se\u00f1alizados y una <strong>red de telef\u00e9ricos y remontes<\/strong> que conecta pueblos, miradores, puntos de salida de las rutas y estaciones intermedias durante todo el a\u00f1o. Cierran durante algunos periodos de mantenimiento, normalmente en mayo y en oto\u00f1o, aunque no todos al mismo tiempo, siempre encontrar\u00e1s una opci\u00f3n incluso en temporada baja \u2013consulta el <a href=\"https:\/\/www.aletscharena.ch\/en\/planning-booking\/travel-mobility\/timetable-season-times\" target=\"_blank\" rel=\"noopener\">calendario oficial<\/a>\u2013.<\/p>\n\n\n\n<p class=\"wp-block-paragraph\">Ya hemos dicho que con el <strong><a href=\"https:\/\/www.civitatis.com\/es\/zurich\/swiss-travel-pass\/?aid=1259&amp;cmp=aletsch\" target=\"_blank\" rel=\"nofollow noopener sponsored\">Swiss Travel Pass<\/a><\/strong> tienes el tren desde Brig y un <strong>50% de descuento en los telef\u00e9ricos de la zona<\/strong> \u201325 CHF por trayecto en lugar que los 50 CHF del precio completo\u2013.<\/p>\n\n\n<div class=\"wp-block-image wp-image-74868 size-full\">\n<figure class=\"aligncenter\"><img loading=\"lazy\" decoding=\"async\" width=\"800\" height=\"533\" src=\"https:\/\/saltaconmigo.com\/blog\/wp-content\/uploads\/2026\/07\/Moverse-Aletsch-Arena-Suiza-Teleferico-Bettemerhorn.jpg\" alt=\"Moverse Aletsch Arena Suiza Teleferico Bettemerhorn\" class=\"wp-image-74868\" srcset=\"https:\/\/saltaconmigo.com\/blog\/wp-content\/uploads\/2026\/07\/Moverse-Aletsch-Arena-Suiza-Teleferico-Bettemerhorn.jpg 800w, https:\/\/saltaconmigo.com\/blog\/wp-content\/uploads\/2026\/07\/Moverse-Aletsch-Arena-Suiza-Teleferico-Bettemerhorn-300x200.jpg 300w, https:\/\/saltaconmigo.com\/blog\/wp-content\/uploads\/2026\/07\/Moverse-Aletsch-Arena-Suiza-Teleferico-Bettemerhorn-768x512.jpg 768w, https:\/\/saltaconmigo.com\/blog\/wp-content\/uploads\/2026\/07\/Moverse-Aletsch-Arena-Suiza-Teleferico-Bettemerhorn-626x418.jpg 626w, https:\/\/saltaconmigo.com\/blog\/wp-content\/uploads\/2026\/07\/Moverse-Aletsch-Arena-Suiza-Teleferico-Bettemerhorn-409x272.jpg 409w, https:\/\/saltaconmigo.com\/blog\/wp-content\/uploads\/2026\/07\/Moverse-Aletsch-Arena-Suiza-Teleferico-Bettemerhorn-640x427.jpg 640w\" sizes=\"auto, (max-width: 800px) 100vw, 800px\" \/><figcaption class=\"wp-element-caption\">Las cabinas del telef\u00e9rico al Bettemerhorn<\/figcaption><\/figure>\n<\/div>\n\n\n<p class=\"wp-block-paragraph\">Eso s\u00ed, si quieres total libertad y olvidarte de billetes, quieres el <strong><a href=\"https:\/\/www.aletscharena.ch\/en\/planning-booking\/offers-experiences\/aletsch-explorer\" target=\"_blank\" rel=\"noreferrer noopener\">Aletsch Explorer Pass<\/a><\/strong> \u2013tambi\u00e9n con un 50% de descuento si tienes el Swiss Travel Pass\u2013. Un pase que permite utilizar los telef\u00e9ricos tantas veces como quieras y la l\u00ednea de tren que une Brig con F\u00fcrgangen \u2013no incluye es el autob\u00fas el\u00e9ctrico que une Riederalp y Bettmeralp\u2013. El precio es de 55 CHF por d\u00eda sin el Swiss Travel Pass y se vende con validez desde 1 hasta 21 d\u00edas. Ten en cuenta que el precio de un \u00fanico billete de telef\u00e9rico de ida y vuelta es de 50 CHF. Para comparar m\u00e1s, el precio del billete al Jungfraujoch es de 150-200 CHF.<\/p>\n\n\n\n<p class=\"wp-block-paragraph\">Si no quieres hacerte con el Swiss Travel Pass, aqu\u00ed puedes <a href=\"https:\/\/www.civitatis.com\/es\/bettmeralp\/aletsch-explorer-pass\/?aid=1259&amp;cmp=aletsch\" target=\"_blank\" rel=\"nofollow noopener sponsored\">comprar el Aletsch Explorer Pass de 1 d\u00eda<\/a> por unos 60 \u20ac. <\/p>\n\n\n\n<h2 id=\"miradores\" class=\"wp-block-heading\">C\u00f3mo ver el glaciar Aletsch: los mejores miradores<\/h2>\n\n\n\n<p class=\"wp-block-paragraph\">Hay unos cuantos <strong>miradores del glaciar Aletsch<\/strong>, cada uno con una perspectiva diferente, algo que no es muy habitual.<\/p>\n\n\n\n<p class=\"wp-block-paragraph\">Como somos poco de decidir, y para poder hablar con propiedad, los <strong>visitamos todos<\/strong>. Los cuatro grandes balcones sobre el glaciar son el <strong>Eggishorn<\/strong>, el <strong>Bettmerhorn<\/strong>, el <strong>Moosfluh<\/strong> y el <strong>Hohfluh<\/strong>. Todos son accesibles en telef\u00e9rico y cada uno ofrece una imagen diferente: algunos muestran la escala total del glaciar, otros su cercan\u00eda y otros su integraci\u00f3n con el valle y las monta\u00f1as que lo rodean. Adem\u00e1s del extra de poder ver juntos el Jungfrau, el M\u00f6nch y el Eiger desde uno de ellos. Lo que s\u00ed podr\u00e1s ver desde todos es la silueta del monte Cervino, Matterhorn, en el horizonte.<\/p>\n\n\n\n<p class=\"wp-block-paragraph\">Ya te decimos que no deber\u00edas subir solo a uno.<\/p>\n\n\n\n<h3 class=\"wp-block-heading\">El mirador del Eggishorn (cerrado de mediados de agosto de 2027 a diciembre de 2028)<\/h3>\n\n\n\n<p class=\"wp-block-paragraph\">El del <strong>Eggishorn<\/strong> es, probablemente, el <strong>mirador m\u00e1s famoso<\/strong> de la Aletsch Arena. La mayor\u00eda de <strong>fotograf\u00edas del glaciar Aletsch<\/strong> que has visto han salido de aqu\u00ed. Desde los casi 2.900 metros de altitud de su plataforma panor\u00e1mica \u20132.869 para ser exactos\u2013, la vista es abrumadora: el glaciar se despliega en toda su longitud, flanqueado por las tres grandes monta\u00f1as del Oberland bern\u00e9s. Es desde el Eggishorn desde donde podr\u00e1s <strong>ver el glaciar Aletsch junto con el Jungfrau, el M\u00f6nch y el Eiger, adem\u00e1s del Matterhorn<\/strong>. Tan impresionante, que forma parte tambi\u00e9n del recorrido oficial del <strong><em>Grand Tour of Switzerland<\/em><\/strong>, encontrar\u00e1s su reconocible cartel.<\/p>\n\n\n<div class=\"wp-block-image wp-image-74852 size-full\">\n<figure class=\"aligncenter\"><img loading=\"lazy\" decoding=\"async\" width=\"800\" height=\"534\" src=\"https:\/\/saltaconmigo.com\/blog\/wp-content\/uploads\/2026\/07\/Glaciar-Aletsch-Suiza-Eggishorn-Grand-Tour-of-Switzerland.jpg\" alt=\"Glaciar Aletsch Suiza Eggishorn Grand Tour of Switzerland\" class=\"wp-image-74852\" srcset=\"https:\/\/saltaconmigo.com\/blog\/wp-content\/uploads\/2026\/07\/Glaciar-Aletsch-Suiza-Eggishorn-Grand-Tour-of-Switzerland.jpg 800w, https:\/\/saltaconmigo.com\/blog\/wp-content\/uploads\/2026\/07\/Glaciar-Aletsch-Suiza-Eggishorn-Grand-Tour-of-Switzerland-300x200.jpg 300w, https:\/\/saltaconmigo.com\/blog\/wp-content\/uploads\/2026\/07\/Glaciar-Aletsch-Suiza-Eggishorn-Grand-Tour-of-Switzerland-768x513.jpg 768w, https:\/\/saltaconmigo.com\/blog\/wp-content\/uploads\/2026\/07\/Glaciar-Aletsch-Suiza-Eggishorn-Grand-Tour-of-Switzerland-626x418.jpg 626w, https:\/\/saltaconmigo.com\/blog\/wp-content\/uploads\/2026\/07\/Glaciar-Aletsch-Suiza-Eggishorn-Grand-Tour-of-Switzerland-409x272.jpg 409w, https:\/\/saltaconmigo.com\/blog\/wp-content\/uploads\/2026\/07\/Glaciar-Aletsch-Suiza-Eggishorn-Grand-Tour-of-Switzerland-640x427.jpg 640w\" sizes=\"auto, (max-width: 800px) 100vw, 800px\" \/><figcaption class=\"wp-element-caption\">La vista del glaciar Aletsch desde el mirador del Eggishorn con el cartel del Grand Tour of Switzerland<\/figcaption><\/figure>\n<\/div>\n\n\n<p class=\"wp-block-paragraph\"><strong>\u00bfC\u00f3mo subir al mirador del Eggishorn?<\/strong> Toma el telef\u00e9rico desde Fiescheralp y llegar\u00e1s pr\u00e1cticamente a la cima. En un par de minutos estar\u00e1s en la plataforma panor\u00e1mica. Varios paneles ayudan a identificar las monta\u00f1as si, como nosotros, no eres experto en siluetas alpinas.<\/p>\n\n\n\n<div class=\"rinconSC\">\n<p><span class=\"titulo\">Saltaconmiconsejo<\/span><\/p>\n<hr>\n<p>El mirador del Eggishorn est\u00e1 cerrado por obras desde mediados de agosto de 2027 hasta diciembre de 2028 \u2013s\u00ed, se organizan con tiempo\u2013. Se va a renovar por completo el telef\u00e9rico. Durante la temporada de esqu\u00ed se podr\u00e1 seguir subiendo para disfrutar de las pistas.<\/p>\n<\/div>\n\n\n\n<p class=\"wp-block-paragraph\">En verano, adem\u00e1s, el horario del telef\u00e9rico permite disfrutar del <strong>amanecer desde el mirador del Eggishorn<\/strong>.<\/p>\n\n\n\n<h3 class=\"wp-block-heading\">El mirador del Bettmerhorn<\/h3>\n\n\n\n<p class=\"wp-block-paragraph\">El <strong>mirador del Bettmerhorn<\/strong>, desde sus 2.647 metros de altura, ofrece una experiencia muy parecida al del Eggishorn, con la vista del tramo recto y de la espectacular gran curva del glaciar Aletsch. Las \u00fanicas diferencias es que no ver\u00e1s el Jungfrau, el M\u00f6nch y el Eiger al fondo y que podr\u00e1s apreciar mejor la <strong>segunda curva del glaciar<\/strong> en su bajada al valle.<\/p>\n\n\n<div class=\"wp-block-image wp-image-74850 size-full\">\n<figure class=\"aligncenter\"><img loading=\"lazy\" decoding=\"async\" width=\"800\" height=\"534\" src=\"https:\/\/saltaconmigo.com\/blog\/wp-content\/uploads\/2026\/07\/Glaciar-Aletsch-Suiza-Bettmerhorn-Ojo-Pez.jpg\" alt=\"Glaciar Aletsch Suiza Bettmerhorn Ojo Pez\" class=\"wp-image-74850\" srcset=\"https:\/\/saltaconmigo.com\/blog\/wp-content\/uploads\/2026\/07\/Glaciar-Aletsch-Suiza-Bettmerhorn-Ojo-Pez.jpg 800w, https:\/\/saltaconmigo.com\/blog\/wp-content\/uploads\/2026\/07\/Glaciar-Aletsch-Suiza-Bettmerhorn-Ojo-Pez-300x200.jpg 300w, https:\/\/saltaconmigo.com\/blog\/wp-content\/uploads\/2026\/07\/Glaciar-Aletsch-Suiza-Bettmerhorn-Ojo-Pez-768x513.jpg 768w, https:\/\/saltaconmigo.com\/blog\/wp-content\/uploads\/2026\/07\/Glaciar-Aletsch-Suiza-Bettmerhorn-Ojo-Pez-626x418.jpg 626w, https:\/\/saltaconmigo.com\/blog\/wp-content\/uploads\/2026\/07\/Glaciar-Aletsch-Suiza-Bettmerhorn-Ojo-Pez-409x272.jpg 409w, https:\/\/saltaconmigo.com\/blog\/wp-content\/uploads\/2026\/07\/Glaciar-Aletsch-Suiza-Bettmerhorn-Ojo-Pez-640x427.jpg 640w\" sizes=\"auto, (max-width: 800px) 100vw, 800px\" \/><figcaption class=\"wp-element-caption\">La doble curva del glaciar Aletsch desde el mirador del Bettmerhorn<\/figcaption><\/figure>\n<\/div>\n\n\n<p class=\"wp-block-paragraph\">Adem\u00e1s de las vistas, en el mirador del Bettmerhorn te encontrar\u00e1s con el <strong>Glacier World<\/strong>. No lo llamar\u00edamos museo, pero es perfecto para entender c\u00f3mo se form\u00f3 el glaciar Aletsch, c\u00f3mo ha evolucionado durante miles de a\u00f1os y cu\u00e1les son las consecuencias del calentamiento global. El ambiente es, tal vez, demasiado oscuro y los maniqu\u00edes animados un poco \u201craros\u201d, pero merece mucho la pena.<\/p>\n\n\n\n<p class=\"wp-block-paragraph\"><strong>\u00bfC\u00f3mo subir al mirador del Bettmerhorn?<\/strong> El telef\u00e9rico sale desde Bettmeralp y llega muy cerca de la plataforma panor\u00e1mica. Por el camino pasar\u00e1s junto al Glacier World y a un mirador hacia el valle al otro lado del glaciar.<\/p>\n\n\n\n<h3 class=\"wp-block-heading\">El mirador del Moosfluh<\/h3>\n\n\n\n<p class=\"wp-block-paragraph\">Desde el <strong>Moosfluh<\/strong>, a 2.333 metros de altura, la vista del glaciar s\u00ed que cambia un poco. En lugar de verlo en toda su longitud, nos encontramos con \u00e9l <strong>de frente<\/strong>. Vimos gran parte de sus 20 km viniendo hacia nosotros, abri\u00e9ndose paso entre las monta\u00f1as. Siguiendo sus curvas nos dimos cuenta del desnivel que salva el glaciar Aletsch desde las cumbres del macizo Jungfrau-Aletsch hasta el valle del r\u00edo Massa. Recuerda, adem\u00e1s, que hay zonas en que el glaciar tiene \u00a1800 metros de espesor!<\/p>\n\n\n<div class=\"wp-block-image wp-image-74854 size-full\">\n<figure class=\"aligncenter\"><img loading=\"lazy\" decoding=\"async\" width=\"800\" height=\"534\" src=\"https:\/\/saltaconmigo.com\/blog\/wp-content\/uploads\/2026\/07\/Glaciar-Aletsch-Suiza-Moosfluh-Mirador.jpg\" alt=\"Glaciar Aletsch Suiza Moosfluh Mirador\" class=\"wp-image-74854\" srcset=\"https:\/\/saltaconmigo.com\/blog\/wp-content\/uploads\/2026\/07\/Glaciar-Aletsch-Suiza-Moosfluh-Mirador.jpg 800w, https:\/\/saltaconmigo.com\/blog\/wp-content\/uploads\/2026\/07\/Glaciar-Aletsch-Suiza-Moosfluh-Mirador-300x200.jpg 300w, https:\/\/saltaconmigo.com\/blog\/wp-content\/uploads\/2026\/07\/Glaciar-Aletsch-Suiza-Moosfluh-Mirador-768x513.jpg 768w, https:\/\/saltaconmigo.com\/blog\/wp-content\/uploads\/2026\/07\/Glaciar-Aletsch-Suiza-Moosfluh-Mirador-626x418.jpg 626w, https:\/\/saltaconmigo.com\/blog\/wp-content\/uploads\/2026\/07\/Glaciar-Aletsch-Suiza-Moosfluh-Mirador-409x272.jpg 409w, https:\/\/saltaconmigo.com\/blog\/wp-content\/uploads\/2026\/07\/Glaciar-Aletsch-Suiza-Moosfluh-Mirador-640x427.jpg 640w\" sizes=\"auto, (max-width: 800px) 100vw, 800px\" \/><figcaption class=\"wp-element-caption\">La vista frontal del glaciar desde el mirador del Moosfluh<\/figcaption><\/figure>\n<\/div>\n\n\n<p class=\"wp-block-paragraph\"><strong>\u00bfC\u00f3mo subir al mirador del Moosfluh?<\/strong> Puedes llegar en telef\u00e9rico desde Riederalp. Nosotros tomamos el telef\u00e9rico en la estaci\u00f3n intermedia a la que llegamos con una ruta desde Bettmeralp que pasa por el lago.<\/p>\n\n\n\n<h3 class=\"wp-block-heading\">El mirador del Hohfluh<\/h3>\n\n\n\n<p class=\"wp-block-paragraph\">El del <strong>Hohfluh<\/strong> es el mirador del glaciar m\u00e1s bajo, a 2.228 metros. Es el menos espectacular, pero tambi\u00e9n el m\u00e1s tranquilo. Aqu\u00ed es donde m\u00e1s se aprecia el retroceso del glaciar, <strong>vimos el final de la lengua de hielo<\/strong>\u2026 que est\u00e1 muchos kil\u00f3metros m\u00e1s arriba de lo que estaba en el siglo XVIII.<\/p>\n\n\n<div class=\"wp-block-image wp-image-74855 size-full\">\n<figure class=\"aligncenter\"><img loading=\"lazy\" decoding=\"async\" width=\"800\" height=\"534\" src=\"https:\/\/saltaconmigo.com\/blog\/wp-content\/uploads\/2026\/07\/Glaciar-Aletsch-Suiza-Hohfluh-Mirador.jpg\" alt=\"Glaciar Aletsch Suiza Hohfluh Mirador\" class=\"wp-image-74855\" srcset=\"https:\/\/saltaconmigo.com\/blog\/wp-content\/uploads\/2026\/07\/Glaciar-Aletsch-Suiza-Hohfluh-Mirador.jpg 800w, https:\/\/saltaconmigo.com\/blog\/wp-content\/uploads\/2026\/07\/Glaciar-Aletsch-Suiza-Hohfluh-Mirador-300x200.jpg 300w, https:\/\/saltaconmigo.com\/blog\/wp-content\/uploads\/2026\/07\/Glaciar-Aletsch-Suiza-Hohfluh-Mirador-768x513.jpg 768w, https:\/\/saltaconmigo.com\/blog\/wp-content\/uploads\/2026\/07\/Glaciar-Aletsch-Suiza-Hohfluh-Mirador-626x418.jpg 626w, https:\/\/saltaconmigo.com\/blog\/wp-content\/uploads\/2026\/07\/Glaciar-Aletsch-Suiza-Hohfluh-Mirador-409x272.jpg 409w, https:\/\/saltaconmigo.com\/blog\/wp-content\/uploads\/2026\/07\/Glaciar-Aletsch-Suiza-Hohfluh-Mirador-640x427.jpg 640w\" sizes=\"auto, (max-width: 800px) 100vw, 800px\" \/><figcaption class=\"wp-element-caption\">El final del glaciar desde el mirador del Hohfluh<\/figcaption><\/figure>\n<\/div>\n\n\n<p class=\"wp-block-paragraph\"><strong>\u00bfC\u00f3mo subir al mirador del Hohfluh?<\/strong> Tambi\u00e9n desde Riederalp, pero desde otra estaci\u00f3n, sale un telef\u00e9rico hasta aqu\u00ed. Nosotros llegamos caminando desde el mirador del Moosfluh por un tramo del Aletsch Panoramaweg.<\/p>\n\n\n\n<h3 class=\"wp-block-heading\">\u00bfCu\u00e1l es el mejor mirador del glaciar Aletsch?<\/h3>\n\n\n\n<p class=\"wp-block-paragraph\">No sabr\u00edamos decir. Como hemos dicho, cada uno tiene su particularidad.<\/p>\n\n\n\n<ul class=\"wp-block-list\">\n<li>Eggishorn \u2192 la vista m\u00e1s amplia e ic\u00f3nica, con el Jungfrau, el M\u00f6nch y el Eiger;<\/li>\n\n\n\n<li>Bettmerhorn \u2192 la vista con la doble curva, adem\u00e1s de conocer m\u00e1s sobre el glaciar en el Glacier World;<\/li>\n\n\n\n<li>Moosfluh \u2192 la que muestra el glaciar de frente y donde te dar\u00e1s cuenta del desnivel que salva;<\/li>\n\n\n\n<li>Hohfluh \u2192 la m\u00e1s tranquila, con el final de la lengua de hielo.<\/li>\n<\/ul>\n\n\n\n<p class=\"wp-block-paragraph\">La verdad es que, puestos a priorizar, <strong>nos acercar\u00edamos a todos en ese orden<\/strong>. Es, adem\u00e1s, el que seguimos nosotros. De nuevo: no te quedes solo con un mirador, cada vista es diferente.<\/p>\n\n\n\n<h3 class=\"wp-block-heading\">\u00bfY la vista desde el puente colgante de Belalp-Riederalp?<\/h3>\n\n\n\n<p class=\"wp-block-paragraph\">Antes de viajar hab\u00edamos le\u00eddo en varios sitios que desde el <strong>puente colgante de Belalp-Riederalp<\/strong> \u2013tambi\u00e9n conocido como puente colgante de Aletsch o del Massa\u2013 se ten\u00eda la mejor vista del glaciar. De hecho, en la gu\u00eda Lonely Planet, que lo llama \u201cpuente colgante Aletschji-Gr\u00fcnsee\u201d \u2013por el nombre del cercano lago de Gr\u00fcnsee\u2013, le\u00edmos que era \u201cel mejor mirador panor\u00e1mico sin comparaci\u00f3n\u201d y que \u201csus vistas del glaciar son incomparables\u201d. Incluso llegamos a leer que se pasaba por encima del glaciar, sobre el hielo, vamos\u2026<\/p>\n\n\n\n<p class=\"wp-block-paragraph\">Pero, como no aparec\u00eda en los mapas oficiales de la zona como mirador \u2013aunque s\u00ed como punto tur\u00edstico\u2013, preguntamos en la oficina de turismo de la Aletsch Arena. La respuesta fue muy distinta a lo que hab\u00edamos le\u00eddo. Nos contaron que <strong>el glaciar se divisa, pero desde muy lejos<\/strong>. De hecho, <strong>el hielo no pasaba bajo el puente ni siquiera cuando se inaugur\u00f3 en 2008<\/strong>. Vamos, que como mirador del glaciar Aletsch no merece la pena.<\/p>\n\n\n\n<p class=\"wp-block-paragraph\">Eso no quita que cruzar la garganta del r\u00edo Massa a m\u00e1s de 80 metros de altura no sea toda una experiencia. Eso s\u00ed, hablamos de una ruta de senderismo, seguro que preciosa, pero de unas 4 horas y media y de cierta dificultad, echa un vistazo <a href=\"https:\/\/www.aletscharena.ch\/en\/planning-booking\/tour\/hike-from-belalp-over-the-suspension-bridge-to-riederalp-via-silbersand-and-bischofsitz\" target=\"_blank\" rel=\"noopener\">aqu\u00ed<\/a>.<\/p>\n\n\n\n<h2 id=\"ver-mas\" class=\"wp-block-heading\">Qu\u00e9 ver en la zona de la Aletsch Arena m\u00e1s all\u00e1 de los miradores<\/h2>\n\n\n\n<p class=\"wp-block-paragraph\">No te vamos a enga\u00f1ar, el gran protagonista del viaje ser\u00e1 el <strong>glaciar Aletsch<\/strong>. Pero no creas que, entre mirador y mirador, la regi\u00f3n de la Aletsch Arena no tiene m\u00e1s que ofrecer. Lagos de monta\u00f1a, pueblos alpinos sin coches, museos muy interesantes\u2026 y hasta castillos.<\/p>\n\n\n\n<p class=\"wp-block-paragraph\">No te quedes solo con la vista del gigantesco r\u00edo de hielo, tienes para pasar dos o tres d\u00edas en la zona de lo m\u00e1s entretenidos.<\/p>\n\n\n\n<h3 class=\"wp-block-heading\">El pueblo de Bettmeralp y la vista de la Capilla de Nuestra Se\u00f1ora de las Nieves y el monte Cervino<\/h3>\n\n\n\n<p class=\"wp-block-paragraph\">Ya hemos dicho que, como base de operaciones en la zona de la Aletsch Arena, elegir\u00edamos el pueblo de <strong>Bettmeralp<\/strong> sin dudarlo. El m\u00e1s grande, el m\u00e1s c\u00e9ntrico y con m\u00e1s oferta hotelera y de restauraci\u00f3n. Y, como los otros tres, sin coches. Solo peatones, bicicletas y algunos veh\u00edculos el\u00e9ctricos.<\/p>\n\n\n<div class=\"wp-block-image wp-image-74866 size-full\">\n<figure class=\"aligncenter\"><img loading=\"lazy\" decoding=\"async\" width=\"800\" height=\"534\" src=\"https:\/\/saltaconmigo.com\/blog\/wp-content\/uploads\/2026\/07\/Que-Ver-Aletsch-Arena-Suiza-Bettmeralp-Capilla-Nuestra-Senora-Nieves.jpg\" alt=\"Que Ver Aletsch Arena Suiza Bettmeralp Capilla Nuestra Senora Nieves\" class=\"wp-image-74866\" srcset=\"https:\/\/saltaconmigo.com\/blog\/wp-content\/uploads\/2026\/07\/Que-Ver-Aletsch-Arena-Suiza-Bettmeralp-Capilla-Nuestra-Senora-Nieves.jpg 800w, https:\/\/saltaconmigo.com\/blog\/wp-content\/uploads\/2026\/07\/Que-Ver-Aletsch-Arena-Suiza-Bettmeralp-Capilla-Nuestra-Senora-Nieves-300x200.jpg 300w, https:\/\/saltaconmigo.com\/blog\/wp-content\/uploads\/2026\/07\/Que-Ver-Aletsch-Arena-Suiza-Bettmeralp-Capilla-Nuestra-Senora-Nieves-768x513.jpg 768w, https:\/\/saltaconmigo.com\/blog\/wp-content\/uploads\/2026\/07\/Que-Ver-Aletsch-Arena-Suiza-Bettmeralp-Capilla-Nuestra-Senora-Nieves-626x418.jpg 626w, https:\/\/saltaconmigo.com\/blog\/wp-content\/uploads\/2026\/07\/Que-Ver-Aletsch-Arena-Suiza-Bettmeralp-Capilla-Nuestra-Senora-Nieves-409x272.jpg 409w, https:\/\/saltaconmigo.com\/blog\/wp-content\/uploads\/2026\/07\/Que-Ver-Aletsch-Arena-Suiza-Bettmeralp-Capilla-Nuestra-Senora-Nieves-640x427.jpg 640w\" sizes=\"auto, (max-width: 800px) 100vw, 800px\" \/><figcaption class=\"wp-element-caption\">Los Alpes detr\u00e1s de la Capilla de Nuestra Se\u00f1ora de las Nieves de Bettmeralp<\/figcaption><\/figure>\n<\/div>\n\n\n<p class=\"wp-block-paragraph\">La vista estrella es la de los <strong>picos alpinos<\/strong>, con el inconfundible Cervino\/Matterhorn, tras la <strong>Capilla de Nuestra Se\u00f1ora de las Nieves<\/strong>, <em>Maria zum Schnee<\/em>, con las casitas tradicionales de madera en primer plano. A primera hora y al atardecer es todav\u00eda m\u00e1s bonita y lo sabemos porque dormimos enfrente, vamos, que ten\u00edamos la vista desde la terraza de la habitaci\u00f3n.<\/p>\n\n\n\n<p class=\"wp-block-paragraph\">La iglesia de Bettmeralp, como el mirador del Eggishorn, forma parte del <em>Grand Tour of Switzerland<\/em>.<\/p>\n\n\n\n<h3 class=\"wp-block-heading\">El lago de Bettmeralp: Bettmersee<\/h3>\n\n\n\n<p class=\"wp-block-paragraph\">A un paseo del centro de Bettmeralp est\u00e1 el <strong>Bettmersee<\/strong>, un peque\u00f1o <strong>lago de monta\u00f1a<\/strong> que parece sacado de una postal. Rodeado de praderas y con las monta\u00f1as reflej\u00e1ndose en sus aguas, no dudamos en sentarnos a disfrutar en uno de los muchos bancos que lo rodean. Y nos sentamos m\u00e1s de una vez, tambi\u00e9n nosotros rodeamos todo el lago.<\/p>\n\n\n<div class=\"wp-block-image wp-image-74848 size-full\">\n<figure class=\"aligncenter\"><img loading=\"lazy\" decoding=\"async\" width=\"800\" height=\"534\" src=\"https:\/\/saltaconmigo.com\/blog\/wp-content\/uploads\/2026\/07\/Que-Ver-Aletsch-Arena-Suiza-Bettmeralp-Lago-Bettmersee.jpg\" alt=\"Que Ver Aletsch Arena Suiza Bettmeralp Lago Bettmersee\" class=\"wp-image-74848\" srcset=\"https:\/\/saltaconmigo.com\/blog\/wp-content\/uploads\/2026\/07\/Que-Ver-Aletsch-Arena-Suiza-Bettmeralp-Lago-Bettmersee.jpg 800w, https:\/\/saltaconmigo.com\/blog\/wp-content\/uploads\/2026\/07\/Que-Ver-Aletsch-Arena-Suiza-Bettmeralp-Lago-Bettmersee-300x200.jpg 300w, https:\/\/saltaconmigo.com\/blog\/wp-content\/uploads\/2026\/07\/Que-Ver-Aletsch-Arena-Suiza-Bettmeralp-Lago-Bettmersee-768x513.jpg 768w, https:\/\/saltaconmigo.com\/blog\/wp-content\/uploads\/2026\/07\/Que-Ver-Aletsch-Arena-Suiza-Bettmeralp-Lago-Bettmersee-626x418.jpg 626w, https:\/\/saltaconmigo.com\/blog\/wp-content\/uploads\/2026\/07\/Que-Ver-Aletsch-Arena-Suiza-Bettmeralp-Lago-Bettmersee-409x272.jpg 409w, https:\/\/saltaconmigo.com\/blog\/wp-content\/uploads\/2026\/07\/Que-Ver-Aletsch-Arena-Suiza-Bettmeralp-Lago-Bettmersee-640x427.jpg 640w\" sizes=\"auto, (max-width: 800px) 100vw, 800px\" \/><figcaption class=\"wp-element-caption\">El Bettmersee, el lago junto a Bettmeralp<\/figcaption><\/figure>\n<\/div>\n\n\n<p class=\"wp-block-paragraph\">En verano, los m\u00e1s osados se ba\u00f1an en el lago, que ya te aseguramos que no est\u00e1 caliente, es lo que tiene que est\u00e9 a casi 2.000 metros y sea un lago de monta\u00f1a. Los menos, alquilan una barca. Bueno, los menos, menos, simplemente se tumban en la hierba. Si viajas con ni\u00f1os, seguro que pasan un rato entretenidos.<\/p>\n\n\n\n<p class=\"wp-block-paragraph\">A su alrededor pasan unas cuantas <strong>rutas de senderismo<\/strong>, nosotros subimos al mirador del Moosfluh desde aqu\u00ed.<\/p>\n\n\n\n<h3 class=\"wp-block-heading\">El museo Mundo del glaciar en el Bettmerhorn<\/h3>\n\n\n\n<p class=\"wp-block-paragraph\">Con las vistas del glaciar desde el <strong>mirador del Bettmerhorn<\/strong>, parece un contrasentido entrar dentro de un museo, pero no te llevar\u00e1 mucho tiempo y aprender\u00e1s un mont\u00f3n. Ya hemos dicho que el <strong>Glacier World<\/strong> es un tanto oscuro, pero saldr\u00e1s de \u00e9l sabiendo mucho m\u00e1s sobre esa enorme masa de hielo que te ha llevado hasta all\u00ed.<\/p>\n\n\n\n<p class=\"wp-block-paragraph\">La formaci\u00f3n, la evoluci\u00f3n, las grietas, las morrenas, el retroceso con el cambio clim\u00e1tico, la fauna local \u2013\u00bfsabes que hay un \u201cbichito\u201d que se llama pulga de glaciar?\u2013, las historias de los habitantes locales y sus profesiones, las leyendas \u2013como la de la criatura legendaria del folclore local llamada Rollibock\u2013\u2026 Abrimos los ojos como platos m\u00e1s de una vez delante de algunos datos y seguro que t\u00fa tambi\u00e9n lo haces. Adem\u00e1s, la entrada es gratuita.<\/p>\n\n\n\n<p class=\"wp-block-paragraph\">Al salir, podr\u00e1s volver a asomarte al mirador y ver\u00e1s el glaciar Aletsch de otra manera.<\/p>\n\n\n\n<h3 class=\"wp-block-heading\">La Villa Cassel y el Centro Pro Natura Aletsch<\/h3>\n\n\n\n<p class=\"wp-block-paragraph\">Sobre el <strong>bosque de Aletsch<\/strong>, Aletschwald, en la cresta alpina de <strong>Riederfurka<\/strong>, nos encontramos con una mansi\u00f3n de inspiraci\u00f3n brit\u00e1nica. As\u00ed, como suena. A Sir Ernest Cassel, un banquero brit\u00e1nico, le recomendaron viajar a los Alpes por sus problemas de estr\u00e9s a principios del siglo XX y decidi\u00f3 que las casitas de madera no le serv\u00edan. Mand\u00f3 construir la <strong>Villa Cassel<\/strong> con todo el lujo posible, incluso un piano que subieron en mula desde Riederalp. Por aqu\u00ed pas\u00f3 hasta Winston Churchill.<\/p>\n\n\n<div class=\"wp-block-image wp-image-74857 size-full\">\n<figure class=\"aligncenter\"><img loading=\"lazy\" decoding=\"async\" width=\"800\" height=\"534\" src=\"https:\/\/saltaconmigo.com\/blog\/wp-content\/uploads\/2026\/07\/Que-Ver-Aletsch-Arena-Suiza-Villa-Cassel.jpg\" alt=\"Que Ver Aletsch Arena Suiza Villa Cassel\" class=\"wp-image-74857\" srcset=\"https:\/\/saltaconmigo.com\/blog\/wp-content\/uploads\/2026\/07\/Que-Ver-Aletsch-Arena-Suiza-Villa-Cassel.jpg 800w, https:\/\/saltaconmigo.com\/blog\/wp-content\/uploads\/2026\/07\/Que-Ver-Aletsch-Arena-Suiza-Villa-Cassel-300x200.jpg 300w, https:\/\/saltaconmigo.com\/blog\/wp-content\/uploads\/2026\/07\/Que-Ver-Aletsch-Arena-Suiza-Villa-Cassel-768x513.jpg 768w, https:\/\/saltaconmigo.com\/blog\/wp-content\/uploads\/2026\/07\/Que-Ver-Aletsch-Arena-Suiza-Villa-Cassel-626x418.jpg 626w, https:\/\/saltaconmigo.com\/blog\/wp-content\/uploads\/2026\/07\/Que-Ver-Aletsch-Arena-Suiza-Villa-Cassel-409x272.jpg 409w, https:\/\/saltaconmigo.com\/blog\/wp-content\/uploads\/2026\/07\/Que-Ver-Aletsch-Arena-Suiza-Villa-Cassel-640x427.jpg 640w\" sizes=\"auto, (max-width: 800px) 100vw, 800px\" \/><figcaption class=\"wp-element-caption\">La Villa Cassel, sorprende en mitad del bosque<\/figcaption><\/figure>\n<\/div>\n\n\n<p class=\"wp-block-paragraph\">Hoy es el <strong><a href=\"https:\/\/www.pronatura-aletsch.ch\/\" target=\"_blank\" rel=\"noopener\">Centro Pro Natura Aletsch<\/a><\/strong>, con un museo sobre glaciares y cambio clim\u00e1tico \u2013ver gr\u00e1ficamente c\u00f3mo decrece el glaciar al girar una \u201crueda del tiempo\u201d impresiona\u2013. Aqu\u00ed nos enteramos de que el volumen del glaciar ha disminuido un 60% desde 1850 y de que, en un d\u00eda caluroso, su altura puede bajar hasta 15 cm. <strong>Entre el 12 y el 30 de agosto del 2025 perdi\u00f3 m\u00e1s de un metro<\/strong>.<\/p>\n\n\n\n<div class=\"rinconSC\">\n<p><span class=\"titulo\">\u00bfSab\u00edas que&#8230;?<\/span><\/p>\n<hr>\n<p>Dada la cantidad de energ\u00eda que necesita el centro para calentarse en invierno y su lucha contra el cambio clim\u00e1tico, solo abre desde mediados de junio a mediados de octubre.<\/p>\n<\/div>\n\n\n\n<p class=\"wp-block-paragraph\">Tambi\u00e9n hay informaci\u00f3n sobre la fauna, la flora y la historia del espacio protegido Jungfrau-Aletsch. Y unas <strong>deliciosas tartas en su cafeter\u00eda<\/strong>\u2026 ideales para recuperar fuerzas despu\u00e9s del paseo desde los miradores junto al bosque de alerces centenarios.<\/p>\n\n\n\n<p class=\"wp-block-paragraph\">Con el Swiss Travel Pass, la entrada es gratuita.<\/p>\n\n\n\n<h3 class=\"wp-block-heading\">Riederalp<\/h3>\n\n\n\n<p class=\"wp-block-paragraph\">Te hemos dicho que Bettmeralp es nuestra opci\u00f3n para hacer base, pero eso no significa que no tengas que darte una vuelta por el pueblecito de <strong>Riederalp<\/strong>. Vas a pasar por \u00e9l camino de alg\u00fan mirador del glaciar o desde la Villa Cassel, as\u00ed que aprovecha.<\/p>\n\n\n\n<p class=\"wp-block-paragraph\">Ac\u00e9rcate a la <strong>iglesia<\/strong> del pueblo con su tejado original de tejuelas de madera. Y, si coincide con el horario de apertura, visita el <strong><a href=\"https:\/\/www.aletscharena.ch\/en\/planning-booking\/experiences\/tradition\/alpine-museum\" target=\"_blank\" rel=\"noreferrer noopener\">Alpmuseum Riederalp<\/a><\/strong>, un peque\u00f1o museo que muestra c\u00f3mo era la vida tradicional en los Alpes antes del desarrollo del turismo. Lo lleva una se\u00f1ora del pueblo que no est\u00e1 todos los d\u00edas, pero vale la pena intentarlo, seg\u00fan le\u00edmos \u2013nosotros lo encontramos cerrado\u2013. En temporada alta, abre mi\u00e9rcoles y jueves y es gratuito.<\/p>\n\n\n\n<h3 class=\"wp-block-heading\">El puente colgante de Goms<\/h3>\n\n\n\n<p class=\"wp-block-paragraph\">El puente colgante de la Aletsch Arena m\u00e1s famoso es el de Belalp-Riederalp, pero no es el \u00fanico en la zona. Ya te hemos dicho que para llegar al de Belalp-Riederalp tendr\u00e1s que hacer una ruta de cuatro horas y media y que, por espectacular que sea el paisaje, las vistas del glaciar no merecen la pena. Pues para llegar al <strong>puente colgante de Goms, entre F\u00fcrgangen y M\u00fchlebach<\/strong>, todo lo que tienes que hacer es bajarte del tren en la estaci\u00f3n del valle de F\u00fcrgangen-Bellwald y caminar 200 metros.<\/p>\n\n\n<div class=\"wp-block-image wp-image-74844 size-full\">\n<figure class=\"aligncenter\"><img loading=\"lazy\" decoding=\"async\" width=\"800\" height=\"534\" src=\"https:\/\/saltaconmigo.com\/blog\/wp-content\/uploads\/2026\/07\/Glaciar-Aletsch-Suiza-Puente-Colgante-Goms.jpg\" alt=\"Glaciar Aletsch Suiza Puente Colgante Goms\" class=\"wp-image-74844\" srcset=\"https:\/\/saltaconmigo.com\/blog\/wp-content\/uploads\/2026\/07\/Glaciar-Aletsch-Suiza-Puente-Colgante-Goms.jpg 800w, https:\/\/saltaconmigo.com\/blog\/wp-content\/uploads\/2026\/07\/Glaciar-Aletsch-Suiza-Puente-Colgante-Goms-300x200.jpg 300w, https:\/\/saltaconmigo.com\/blog\/wp-content\/uploads\/2026\/07\/Glaciar-Aletsch-Suiza-Puente-Colgante-Goms-768x513.jpg 768w, https:\/\/saltaconmigo.com\/blog\/wp-content\/uploads\/2026\/07\/Glaciar-Aletsch-Suiza-Puente-Colgante-Goms-626x418.jpg 626w, https:\/\/saltaconmigo.com\/blog\/wp-content\/uploads\/2026\/07\/Glaciar-Aletsch-Suiza-Puente-Colgante-Goms-409x272.jpg 409w, https:\/\/saltaconmigo.com\/blog\/wp-content\/uploads\/2026\/07\/Glaciar-Aletsch-Suiza-Puente-Colgante-Goms-640x427.jpg 640w\" sizes=\"auto, (max-width: 800px) 100vw, 800px\" \/><figcaption class=\"wp-element-caption\">El puente colgante de Goms<\/figcaption><\/figure>\n<\/div>\n\n\n<div class=\"rinconSC\">\n<p><span class=\"titulo\">Saltaconmiconsejo<\/span><\/p>\n<hr>\n<p>Los trenes paran en F\u00fcrgangen-Bellwald Talstation solo bajo petici\u00f3n. S\u00ed, en Suiza hay paradas de tren que funcionan como las de autob\u00fas y tienes que apretar el bot\u00f3n para que el conductor pare. Tenlo en cuenta si quieres cruzar el puente. Lo mismo a la hora de volver a subir al tren: hay un avisador en el edificio de la estaci\u00f3n para que el tren pare y te recoja.<\/p>\n<\/div>\n\n\n\n<p class=\"wp-block-paragraph\">Recorrer sus <strong>280 metros de longitud sobre el R\u00f3dano<\/strong> es bastante impresionante. Sobre todo cuando te asomas a una <strong>ca\u00edda de 92 metros<\/strong> mientras el puente oscila bajo tus pies. No te des la vuelta nada m\u00e1s llegar al final, las casitas de madera tradicionales, la iglesia y las estructuras elevadas de piedra \u2013los \u201ch\u00f3rreos suizos\u201d\u2013 de M\u00fchlebach se merecen que les eches un vistazo antes de volver a la estaci\u00f3n.<\/p>\n\n\n\n<h3 class=\"wp-block-heading\">El castillo de Stockalper en Brig<\/h3>\n\n\n\n<p class=\"wp-block-paragraph\">Vas a tener que pasar por <strong>Brig<\/strong> para llegar a la Aletsch Arena. Pues aprovecha para darte una vuelta por la ciudad y <strong>visitar el castillo de Stockalper<\/strong>. Tambi\u00e9n podr\u00e1s sacarle una foto dentro del marco del <em>Grand Tour of Switzerland<\/em>.<\/p>\n\n\n<div class=\"wp-block-image wp-image-74870 size-full\">\n<figure class=\"aligncenter\"><img loading=\"lazy\" decoding=\"async\" width=\"800\" height=\"534\" src=\"https:\/\/saltaconmigo.com\/blog\/wp-content\/uploads\/2026\/07\/Que-Ver-Brig-Suiza-Castillo-Stockalper.jpg\" alt=\"Que Ver Brig Suiza Castillo Stockalper\" class=\"wp-image-74870\" srcset=\"https:\/\/saltaconmigo.com\/blog\/wp-content\/uploads\/2026\/07\/Que-Ver-Brig-Suiza-Castillo-Stockalper.jpg 800w, https:\/\/saltaconmigo.com\/blog\/wp-content\/uploads\/2026\/07\/Que-Ver-Brig-Suiza-Castillo-Stockalper-300x200.jpg 300w, https:\/\/saltaconmigo.com\/blog\/wp-content\/uploads\/2026\/07\/Que-Ver-Brig-Suiza-Castillo-Stockalper-768x513.jpg 768w, https:\/\/saltaconmigo.com\/blog\/wp-content\/uploads\/2026\/07\/Que-Ver-Brig-Suiza-Castillo-Stockalper-626x418.jpg 626w, https:\/\/saltaconmigo.com\/blog\/wp-content\/uploads\/2026\/07\/Que-Ver-Brig-Suiza-Castillo-Stockalper-409x272.jpg 409w, https:\/\/saltaconmigo.com\/blog\/wp-content\/uploads\/2026\/07\/Que-Ver-Brig-Suiza-Castillo-Stockalper-640x427.jpg 640w\" sizes=\"auto, (max-width: 800px) 100vw, 800px\" \/><figcaption class=\"wp-element-caption\">El castillo de Stockalper en Brig<\/figcaption><\/figure>\n<\/div>\n\n\n<p class=\"wp-block-paragraph\">El se\u00f1or <strong>Kaspar Stockalper<\/strong> hizo fortuna en el siglo XVII. Este comerciante, banquero, gran empresario, militar y pol\u00edtico amas\u00f3 una fortuna que, a d\u00eda de hoy, superar\u00eda los 500 millones de francos suizos. \u00bfC\u00f3mo lleg\u00f3 a eso? Adem\u00e1s de habiendo nacido en una familia adinerada, haci\u00e9ndose con el monopolio del negocio de la sal y construyendo una carretera en el paso del Simplon \u2013entre Suiza e Italia\u2013 con la que control\u00f3 todo el tr\u00e1fico de mercanc\u00edas en la zona.<\/p>\n\n\n\n<p class=\"wp-block-paragraph\">El caso es que se vino arriba y construy\u00f3 un <strong>palacio con tres torres<\/strong>, llamadas como los tres reyes magos \u2013recuerda que \u00e9l se llamaba Kaspar, Gaspar\u2013 y un <strong>patio de 40 por 32 metros<\/strong>. Sin visita guiada solo podr\u00e1s ver las torres y pasear por el patio y sus jardines, adem\u00e1s de un peque\u00f1o museo en la planta baja. Est\u00e1 muy cerca de la estaci\u00f3n de tren, no te llevar\u00e1 mucho tiempo a la llegada o salida de la Aletsch Arena. La entrada es gratuita con el Swiss Travel Pass y puedes consultar los horarios de los <em>tours<\/em> en ingl\u00e9s <a href=\"https:\/\/www.brig-simplon.ch\/en\/poi\/stockalper-palace\" target=\"_blank\" rel=\"noopener\">aqu\u00ed<\/a>.<\/p>\n\n\n\n<h3 class=\"wp-block-heading\">El <em>World Nature Forum<\/em> en Naters<\/h3>\n\n\n\n<p class=\"wp-block-paragraph\">Justo a lado de la ciudad de Brig, separadas por una calle, est\u00e1 <strong>Naters<\/strong>. Por seguir con el tema glaciar, te recomendamos visitar el <strong><a href=\"https:\/\/wnf.ch\/en\/home-en\/\" target=\"_blank\" rel=\"noopener\">World Nature Forum<\/a><\/strong>.<\/p>\n\n\n\n<p class=\"wp-block-paragraph\">Y, \u00bfqu\u00e9 es el World Nature Forum? El <strong>centro de visitantes oficial del Patrimonio Mundial de la UNESCO Alpes Suizos Jungfrau-Aletsch<\/strong>. Ya hemos dicho que segu\u00edamos con el tema glaciar. En el museo, aprendimos con audiovisuales, maquetas y experiencias interactivas c\u00f3mo se formaron los Alpes, c\u00f3mo evolucionan los glaciares y qu\u00e9 especies animales y vegetales habitan este entorno \u00fanico, por si todav\u00eda nos faltaba alg\u00fan dato. Es el m\u00e1s moderno de todos los museos y centros de interpretaci\u00f3n que visitamos durante nuestro paso por la Aletsch Arena. Y tambi\u00e9n es gratuito con el Swiss Travel Pass.<\/p>\n\n\n\n<h3 class=\"wp-block-heading\">El casco hist\u00f3rico de Naters<\/h3>\n\n\n\n<p class=\"wp-block-paragraph\">Confesamos que nuestro imprescindible de Naters no fue el museo\u2026 y fue un poco un <em>shock<\/em>. Medianamente escondido y poco conocido \u2013bueno, todo el pueblo es poco conocido por los turistas\u2013 alucinamos con el <strong>Beinhaus<\/strong>, junto a la iglesia parroquial. Un <strong>osario con miles de huesos humanos<\/strong> \u2013los cr\u00e1neos son los m\u00e1s llamativos\u2013 cuidadosamente ordenados.<\/p>\n\n\n<div class=\"wp-block-image wp-image-74872 size-full\">\n<figure class=\"aligncenter\"><img loading=\"lazy\" decoding=\"async\" width=\"800\" height=\"534\" src=\"https:\/\/saltaconmigo.com\/blog\/wp-content\/uploads\/2026\/07\/Que-Ver-Naters-Suiza-Capilla-Beinhaus.jpg\" alt=\"Que Ver Naters Suiza Capilla Beinhaus\" class=\"wp-image-74872\" srcset=\"https:\/\/saltaconmigo.com\/blog\/wp-content\/uploads\/2026\/07\/Que-Ver-Naters-Suiza-Capilla-Beinhaus.jpg 800w, https:\/\/saltaconmigo.com\/blog\/wp-content\/uploads\/2026\/07\/Que-Ver-Naters-Suiza-Capilla-Beinhaus-300x200.jpg 300w, https:\/\/saltaconmigo.com\/blog\/wp-content\/uploads\/2026\/07\/Que-Ver-Naters-Suiza-Capilla-Beinhaus-768x513.jpg 768w, https:\/\/saltaconmigo.com\/blog\/wp-content\/uploads\/2026\/07\/Que-Ver-Naters-Suiza-Capilla-Beinhaus-626x418.jpg 626w, https:\/\/saltaconmigo.com\/blog\/wp-content\/uploads\/2026\/07\/Que-Ver-Naters-Suiza-Capilla-Beinhaus-409x272.jpg 409w, https:\/\/saltaconmigo.com\/blog\/wp-content\/uploads\/2026\/07\/Que-Ver-Naters-Suiza-Capilla-Beinhaus-640x427.jpg 640w\" sizes=\"auto, (max-width: 800px) 100vw, 800px\" \/><figcaption class=\"wp-element-caption\">La capilla de la peste de Naters, Beinhaus<\/figcaption><\/figure>\n<\/div>\n\n\n<p class=\"wp-block-paragraph\">Una <strong>capilla de la peste de 1514<\/strong> con su cl\u00e1sico mensaje recordatorio de la mortalidad humana: \u00ab<em>Was ihr seid, das waren wir. Was wir sind, das werdet ihr<\/em>\u00ab, en castellano \u201cLo que vosotros sois, nosotros lo fuimos. Lo que nosotros somos, vosotros lo ser\u00e9is\u00bb.<\/p>\n\n\n\n<div class=\"rinconSC\">\n<p><span class=\"titulo\">\u00bfSab\u00edas que&#8230;?<\/span><\/p>\n<hr>\n<p>Naters, con sus alrededor de diez mil habitantes, es el pueblo m\u00e1s grande de Suiza en superficie. Tiene la misma superficie que la ciudad de Barcelona, poco m\u00e1s de 101 km2. Y tambi\u00e9n tiene el r\u00e9cord de ser el pueblo con mayor diferencia de altitud del pa\u00eds, desde los 659 metros del n\u00facleo urbano hasta los casi 4.200 del Aletschhorn.<\/p>\n<\/div>\n\n\n\n<p class=\"wp-block-paragraph\">A nosotros nos encant\u00f3 el <strong>casco hist\u00f3rico de Naters<\/strong>. Date una vuelta alrededor de la iglesia parroquial para disfrutar de las calles estrechas, las antiguas casas de madera y el ambiente tranquilo. No te pierdas los carteles con las leyendas del glaciar ni el gigantesco tilo bajo el que se tomaban las decisiones importantes del pueblo hace siglos.<\/p>\n\n\n\n<h2 id=\"hacer-verano\" class=\"wp-block-heading\">Qu\u00e9 hacer en la zona del glaciar Aletsch en verano<\/h2>\n\n\n\n<p class=\"wp-block-paragraph\">M\u00e1s all\u00e1 de las vistas y las visitas a los puntos de los que te hemos hablado, hay m\u00e1s cosas <strong>que hacer en la zona del glaciar Aletsch en verano<\/strong>. Lo sabemos bien, que es cuando fuimos nosotros.<\/p>\n\n\n\n<p class=\"wp-block-paragraph\">La estrella, en cuanto baja la cota de nieve \u2013entre junio y octubre\u2013, es el <strong>senderismo<\/strong>. Si para subir a los miradores del glaciar no hace falta ser monta\u00f1eros expertos, para andar por la zona de la Aletsch Arena, tampoco. No te preocupes.<\/p>\n\n\n\n<h3 class=\"wp-block-heading\">Las rutas de senderismo<\/h3>\n\n\n\n<p class=\"wp-block-paragraph\">Con <strong>m\u00e1s de 300 kil\u00f3metros de senderos se\u00f1alizados en verano<\/strong>, la Aletsch Arena es uno de los mejores destinos de senderismo de Suiza. Hay caminos para todos los niveles: desde <strong>peque\u00f1os paseos panor\u00e1micos<\/strong> de menos de una hora hasta <strong>traves\u00edas de varios d\u00edas<\/strong>.<\/p>\n\n\n<div class=\"wp-block-image wp-image-74862 size-full\">\n<figure class=\"aligncenter\"><img loading=\"lazy\" decoding=\"async\" width=\"800\" height=\"533\" src=\"https:\/\/saltaconmigo.com\/blog\/wp-content\/uploads\/2026\/07\/Que-Hacer-Aletsch-Arena-Suiza-Senderismo-Carteles.jpg\" alt=\"Que Hacer Aletsch Arena Suiza Senderismo Carteles\" class=\"wp-image-74862\" srcset=\"https:\/\/saltaconmigo.com\/blog\/wp-content\/uploads\/2026\/07\/Que-Hacer-Aletsch-Arena-Suiza-Senderismo-Carteles.jpg 800w, https:\/\/saltaconmigo.com\/blog\/wp-content\/uploads\/2026\/07\/Que-Hacer-Aletsch-Arena-Suiza-Senderismo-Carteles-300x200.jpg 300w, https:\/\/saltaconmigo.com\/blog\/wp-content\/uploads\/2026\/07\/Que-Hacer-Aletsch-Arena-Suiza-Senderismo-Carteles-768x512.jpg 768w, https:\/\/saltaconmigo.com\/blog\/wp-content\/uploads\/2026\/07\/Que-Hacer-Aletsch-Arena-Suiza-Senderismo-Carteles-626x418.jpg 626w, https:\/\/saltaconmigo.com\/blog\/wp-content\/uploads\/2026\/07\/Que-Hacer-Aletsch-Arena-Suiza-Senderismo-Carteles-409x272.jpg 409w, https:\/\/saltaconmigo.com\/blog\/wp-content\/uploads\/2026\/07\/Que-Hacer-Aletsch-Arena-Suiza-Senderismo-Carteles-640x427.jpg 640w\" sizes=\"auto, (max-width: 800px) 100vw, 800px\" \/><figcaption class=\"wp-element-caption\">No te vas a aburrir de hacer senderismo en la Aletsch Arena<\/figcaption><\/figure>\n<\/div>\n\n\n<p class=\"wp-block-paragraph\">De entre las sencillas, <strong>te recomendamos la mezcla de varias que fue lo que hicimos nosotros<\/strong>. Salimos de <strong>Bettmeralp<\/strong>, pasamos por el mirador del <strong>Moosfluh<\/strong>, el del <strong>Hohfluh<\/strong> y sobre el <strong>bosque de Aletsch<\/strong>, llegamos a la <strong>Villa Cassel<\/strong> y al pueblo de <strong>Riederalp<\/strong>, antes de volver a Bettmeralp. Vistas de esc\u00e1ndalo del glaciar Aletsch que van cambiando de \u00e1ngulo, el bosque protegido, el pueblo de Riederalp\u2026 Confesamos que subimos al telef\u00e9rico en la parada intermedia de Blausee camino del mirador del Moosfluh, pero tambi\u00e9n se puede ir caminando. Hablamos de <strong>unos 12 kil\u00f3metros<\/strong>, nosotros lo hicimos en unas cinco horas \u2013adem\u00e1s del tiempo de comer y la visita a la Villa Cassel\u2013. Desde Moosfluh hasta la Villa Cassel coincide con <a href=\"https:\/\/www.aletscharena.ch\/en\/planning-booking\/tour\/thematic-experiential-trail-ridge-path-from-moosfluh-to-riederfurka\" target=\"_blank\" rel=\"noopener\">esta ruta<\/a>.<\/p>\n\n\n\n<p class=\"wp-block-paragraph\">La otra ruta que hemos mencionado y de la que nosotros recorrimos un trozo es la <strong><a href=\"https:\/\/www.myswitzerland.com\/es-es\/descubrir-suiza\/route\/aletsch-panoramaweg\/\" target=\"_blank\" rel=\"noopener\">Aletsch Panoramaweg<\/a><\/strong>. Con sus <strong>30 kil\u00f3metros, en tres jornadas<\/strong>, conecta los miradores del <strong>glaciar Aletsch<\/strong> y los del <strong>Fieschergletscher<\/strong> \u2013el segundo glaciar m\u00e1s largo de los Alpes\u2013, adem\u00e1s de otros puntos. Adem\u00e1s de larga, tambi\u00e9n es compleja y necesita cierta experiencia. Tambi\u00e9n hemos mencionado la <strong><a href=\"https:\/\/www.aletscharena.ch\/en\/planning-booking\/tour\/hike-from-belalp-over-the-suspension-bridge-to-riederalp-via-silbersand-and-bischofsitz\" target=\"_blank\" rel=\"noopener\">ruta que lleva puente al colgante de Belalp-Riederalp<\/a><\/strong>, de unas cuatro horas y media y dif\u00edcil.<\/p>\n\n\n<div class=\"wp-block-image wp-image-74880 size-full\">\n<figure class=\"aligncenter\"><img loading=\"lazy\" decoding=\"async\" width=\"800\" height=\"534\" src=\"https:\/\/saltaconmigo.com\/blog\/wp-content\/uploads\/2026\/07\/Glaciar-Aletsch-Suiza-Ruta-Senderismo-Banco.jpg\" alt=\"Glaciar Aletsch Suiza Ruta Senderismo Banco\" class=\"wp-image-74880\" srcset=\"https:\/\/saltaconmigo.com\/blog\/wp-content\/uploads\/2026\/07\/Glaciar-Aletsch-Suiza-Ruta-Senderismo-Banco.jpg 800w, https:\/\/saltaconmigo.com\/blog\/wp-content\/uploads\/2026\/07\/Glaciar-Aletsch-Suiza-Ruta-Senderismo-Banco-300x200.jpg 300w, https:\/\/saltaconmigo.com\/blog\/wp-content\/uploads\/2026\/07\/Glaciar-Aletsch-Suiza-Ruta-Senderismo-Banco-768x513.jpg 768w, https:\/\/saltaconmigo.com\/blog\/wp-content\/uploads\/2026\/07\/Glaciar-Aletsch-Suiza-Ruta-Senderismo-Banco-626x418.jpg 626w, https:\/\/saltaconmigo.com\/blog\/wp-content\/uploads\/2026\/07\/Glaciar-Aletsch-Suiza-Ruta-Senderismo-Banco-409x272.jpg 409w, https:\/\/saltaconmigo.com\/blog\/wp-content\/uploads\/2026\/07\/Glaciar-Aletsch-Suiza-Ruta-Senderismo-Banco-640x427.jpg 640w\" sizes=\"auto, (max-width: 800px) 100vw, 800px\" \/><figcaption class=\"wp-element-caption\">Siempre encontrar\u00e1s un banco con vistas para descansar<\/figcaption><\/figure>\n<\/div>\n\n\n<p class=\"wp-block-paragraph\"><strong>La ruta que te acerca m\u00e1s al glaciar<\/strong> es la que va de <a href=\"https:\/\/www.aletscharena.ch\/en\/planning-booking\/tour\/circular-hike-from-bettmerhorn-via-maerjelensee-to-bettmeralp\" target=\"_blank\" rel=\"noopener\">Bettmerhorn a Bettmeralp pasando por M\u00e4rjelensee<\/a>. Ojo, que tambi\u00e9n es larga: <strong>algo m\u00e1s de 11 km y unas cinco horas y media<\/strong>, con un desnivel acumulado de 2.647 m de subida y 2.183 de bajada.<\/p>\n\n\n\n<p class=\"wp-block-paragraph\">Para el <strong>resto de rutas de senderismo<\/strong> m\u00e1s cortas, hasta siete horas, echa un vistazo a la <a href=\"https:\/\/www.aletscharena.ch\/en\/planning-booking\/summer-autumn\/hiking\" target=\"_blank\" rel=\"noopener\"><em>web<\/em><\/a> de la Aletsch Arena donde encontrar\u00e1s mapas, niveles, sugerencias, etc.<\/p>\n\n\n\n<h3 class=\"wp-block-heading\">Las rutas guiadas para pasear sobre el glaciar<\/h3>\n\n\n\n<p class=\"wp-block-paragraph\"><strong>Ver el glaciar Aletsch<\/strong> es una experiencia al alcance de todo el mundo. <strong>Caminar sobre \u00e9l<\/strong>, en cambio, es un poco m\u00e1s exigente. De entrada, solo se puede hacer durante los meses de verano y son rutas largas.<\/p>\n\n\n\n<p class=\"wp-block-paragraph\">En la <a href=\"https:\/\/www.aletscharena.ch\/en\/planning-booking\/summer-autumn\/glacier-tours\" target=\"_blank\" rel=\"noopener\"><em>web<\/em><\/a> de la Aletsch Arena ver\u00e1s que hay <strong>cuatro opciones de rutas<\/strong>, siempre acompa\u00f1ados de gu\u00eda de monta\u00f1a. Las dos cortas tienen duraciones de 6 y 8 horas, mientras que las dos largas son de dos d\u00edas. No, aqu\u00ed <strong>no existe la opci\u00f3n de volar en helic\u00f3ptero<\/strong> hasta el mismo glaciar y caminar un poco, como en los <a href=\"https:\/\/saltaconmigo.com\/blog\/2024\/08\/glaciares-en-nueva-zelanda-franz-josef-fox-tasman\/\">glaciares de Nueva Zelanda<\/a>, o de hacer rutas cortas, como en el Jostedalsbreen, en Noruega. Los precios rondan los 90-100 CHF para las rutas de un d\u00eda y los 390 CHF para las de dos.<\/p>\n\n\n\n<p class=\"wp-block-paragraph\">Confesamos que nosotros no hicimos las excursiones. Aprovechamos el tiempo desde los miradores y otros lugares, pero hemos <a href=\"https:\/\/saltaconmigo.com\/blog\/2012\/07\/caminando-en-un-glaciar-jostedalsbreen\/\">caminado en el Jostedalsbreen<\/a> y es una experiencia inolvidable.<\/p>\n\n\n\n<h3 class=\"wp-block-heading\">M\u00e1s cosas que hacer en verano<\/h3>\n\n\n\n<p class=\"wp-block-paragraph\">\u00bfQuieres hacer m\u00e1s cosas en la <strong>Aletsch Arena en verano<\/strong>? Pues no vamos a dejar que te aburras. Para empezar, te esperan <strong>100 kil\u00f3metros de rutas de <a href=\"https:\/\/www.aletscharena.ch\/en\/planning-booking\/summer-autumn\/mountainbike\" target=\"_blank\" rel=\"noopener\">bicicleta de monta\u00f1a<\/a><\/strong> \u2013puedes subirlas en algunos remontes y telef\u00e9ricos\u2013 y el <strong>campo de golf de 9 hoyos m\u00e1s alto de Suiza<\/strong>, el <a href=\"https:\/\/www.golfclub-riederalp.ch\/sites\/de\/\" target=\"_blank\" rel=\"noopener\">Golfclub Riederalp<\/a>, a 2.000 metros de altitud. Adem\u00e1s de <strong><em>mountaincarts<\/em><\/strong>, una <strong>v\u00eda ferrata<\/strong> y hasta un <strong>parque aventura en los \u00e1rboles<\/strong>.<\/p>\n\n\n\n<p class=\"wp-block-paragraph\">Y tambi\u00e9n puedes <strong>sobrevolar el glaciar en parapente<\/strong> \u2013siempre que el clima lo permita, claro, no est\u00e1 garantizado\u2013. De hecho, puedes hacerlo tambi\u00e9n en invierno. <strong>Durante todo el a\u00f1o se organizan <a href=\"https:\/\/www.getyourguide.com\/es-es\/fiesch-l101631\/arena-aletsch-vuelo-biplaza-basico-en-parapente-t355395\/\" target=\"_blank\" rel=\"nofollow noopener sponsored\">vuelos biplaza<\/a><\/strong>. Una experiencia que permite contemplar desde el aire la inmensa lengua de hielo, los pueblos alpinos y algunas de las monta\u00f1as m\u00e1s famosas de los Alpes, antes de aterrizar en el valle. Si verlo desde tierra ya impresiona, hacerlo desde el aire tiene que ser una locura.<\/p>\n\n\n\n<h2 id=\"hacer-invierno\" class=\"wp-block-heading\">Qu\u00e9 hacer en la Aletsch arena en invierno<\/h2>\n\n\n\n<p class=\"wp-block-paragraph\">En <strong>invierno<\/strong>, la nieve cambia por completo el aspecto de la zona. Los <strong>esqu\u00edes<\/strong>, las tablas de <strong><em>snowboard<\/em><\/strong>, las <strong>raquetas<\/strong> y los <strong>trineos<\/strong> hacen su aparici\u00f3n\u2026 aunque, por supuesto, el glaciar sigue reclamando su trono. Hay <strong>rutas que puedes hacer andando en invierno<\/strong>. Nosotros no estuvimos en esa \u00e9poca, pero la <a href=\"https:\/\/www.aletscharena.ch\/en\/planning-booking\/winter\" target=\"_blank\" rel=\"noopener\"><em>web<\/em><\/a> del Aletsch Arena tiene toda la informaci\u00f3n.<\/p>\n\n\n\n<p class=\"wp-block-paragraph\">\u00bfTe apetece <strong>esquiar con vistas al glaciar<\/strong>? Pues tambi\u00e9n puedes. Y, aunque no esqu\u00edes, no descartes el destino en invierno. Nosotros, que no esquiamos, disfrutamos much\u00edsimo en el <a href=\"https:\/\/saltaconmigo.com\/blog\/2026\/01\/monte-pilatus-suiza-lucerna\/\">Pilatus<\/a>, el <a href=\"https:\/\/saltaconmigo.com\/blog\/2026\/03\/monte-titlis-suiza-que-hacer\/\">Titlis<\/a> y el <a href=\"https:\/\/saltaconmigo.com\/blog\/2026\/05\/monte-rigi-suiza\/\">Rigi<\/a> en invierno.<\/p>\n\n\n\n<h3 class=\"wp-block-heading\">Esqu\u00ed en la Aletsch Arena<\/h3>\n\n\n\n<p class=\"wp-block-paragraph\">Los telef\u00e9ricos y remontes que unen los pueblos de la Aletsch Arena en verano, en invierno conectan m\u00e1s de un <strong>centenar de kil\u00f3metros de pistas de esqu\u00ed de todos los niveles<\/strong> entre Riederalp, Bettmeralp y Fiescheralp. De hecho, el dominio esquiable se llama tambi\u00e9n as\u00ed: Aletsch Arena. Imaginar las cuestas por las que caminamos en verano cubiertas de nieve con gente esquiando se nos hizo dif\u00edcil\u2026 hasta que nos contaron que algunas de esas cuestas se convert\u00edan en <strong>pistas negras<\/strong> \u2013el 10% de las pistas del dominio son negras, no te asustes, hay para todos los niveles, incluso familias\u2013. En la <a href=\"https:\/\/www.aletscharena.ch\/en\/planning-booking\/winter\/skiing\" target=\"_blank\" rel=\"noopener\"><em>web<\/em><\/a> de la Aletsch Arena tienes un <strong>mapa con todas las pistas<\/strong>, los precios de los <em>forfaits<\/em> y m\u00e1s informaci\u00f3n.<\/p>\n\n\n\n<h2 id=\"123\" class=\"wp-block-heading\">La excursi\u00f3n al glaciar Aletsch en un d\u00eda y qu\u00e9 hacer en dos o tres d\u00edas en la zona<\/h2>\n\n\n\n<p class=\"wp-block-paragraph\"><strong>\u00bfCu\u00e1nto tiempo dedicar a la Aletsch Arena?<\/strong> Todo el que puedas porque es una pasada, pero estamos seguros de que el resto de lugares que tengas pensado visitar en tu viaje a Suiza tambi\u00e9n merecer\u00e1n la pena. Por eso hemos preparado el <strong>plan para uno, dos y tres d\u00edas<\/strong> en la zona.<\/p>\n\n\n\n<h3 class=\"wp-block-heading\">Si solo tienes un d\u00eda<\/h3>\n\n\n\n<p class=\"wp-block-paragraph\">En un d\u00eda, considerando una <strong>excursi\u00f3n a la Aletsch Arena<\/strong> sin hacer noche, priorizar\u00edamos los <strong>miradores de Eggishorn y Bettmerhorn<\/strong>, pasear\u00edamos por <strong>Bettmeralp<\/strong> y visitar\u00edamos el <strong>casco hist\u00f3rico de Brig<\/strong> por la tarde antes de volver a nuestro hotel.<\/p>\n\n\n<div class=\"wp-block-image wp-image-74876 size-full\">\n<figure class=\"aligncenter\"><img loading=\"lazy\" decoding=\"async\" width=\"800\" height=\"534\" src=\"https:\/\/saltaconmigo.com\/blog\/wp-content\/uploads\/2026\/07\/Glaciar-Aletsch-Suiza-Eggishorn-Cervino-Matterhorn.jpg\" alt=\"Glaciar Aletsch Suiza Eggishorn Cervino Matterhorn\" class=\"wp-image-74876\" srcset=\"https:\/\/saltaconmigo.com\/blog\/wp-content\/uploads\/2026\/07\/Glaciar-Aletsch-Suiza-Eggishorn-Cervino-Matterhorn.jpg 800w, https:\/\/saltaconmigo.com\/blog\/wp-content\/uploads\/2026\/07\/Glaciar-Aletsch-Suiza-Eggishorn-Cervino-Matterhorn-300x200.jpg 300w, https:\/\/saltaconmigo.com\/blog\/wp-content\/uploads\/2026\/07\/Glaciar-Aletsch-Suiza-Eggishorn-Cervino-Matterhorn-768x513.jpg 768w, https:\/\/saltaconmigo.com\/blog\/wp-content\/uploads\/2026\/07\/Glaciar-Aletsch-Suiza-Eggishorn-Cervino-Matterhorn-626x418.jpg 626w, https:\/\/saltaconmigo.com\/blog\/wp-content\/uploads\/2026\/07\/Glaciar-Aletsch-Suiza-Eggishorn-Cervino-Matterhorn-409x272.jpg 409w, https:\/\/saltaconmigo.com\/blog\/wp-content\/uploads\/2026\/07\/Glaciar-Aletsch-Suiza-Eggishorn-Cervino-Matterhorn-640x427.jpg 640w\" sizes=\"auto, (max-width: 800px) 100vw, 800px\" \/><figcaption class=\"wp-element-caption\">La silueta del monte Cervino \/ Matterhorn desde el mirador del Eggishorn<\/figcaption><\/figure>\n<\/div>\n\n\n<p class=\"wp-block-paragraph\">Piensa que puedes llegar a Brig, la puerta de entrada de la zona, en una hora desde <a href=\"https:\/\/saltaconmigo.com\/blog\/2026\/08\/que-ver-en-berna-suiza\/\" data-type=\"post\" data-id=\"75176\">Berna<\/a> y poco m\u00e1s desde Interlaken.<\/p>\n\n\n\n<h3 class=\"wp-block-heading\">Con dos d\u00edas<\/h3>\n\n\n\n<p class=\"wp-block-paragraph\">Haciendo <strong>una noche en Bettmeralp<\/strong>, podr\u00e1s llevarte una imagen mucho m\u00e1s completa.<\/p>\n\n\n\n<p class=\"wp-block-paragraph\">El primer d\u00eda puedes asomarte al <strong>puente colgante de Goms<\/strong> antes de saludar al glaciar desde el <strong>mirador del Eggishorn<\/strong>. Por la tarde, pasea por <strong>Bettmeralp<\/strong>, hasta el lago.<\/p>\n\n\n\n<p class=\"wp-block-paragraph\">El segundo d\u00eda, sube al <strong>mirador del Bettmerhorn<\/strong> a primera hora. Vuelve a Bettmeralp y haz la ruta que hicimos nosotros: <strong>mirador del Moosfluh<\/strong>, el del <strong>Hohfluh<\/strong>, el <strong>bosque de Aletsch<\/strong>, la <strong>Villa Cassel<\/strong>, el pueblo <strong>Riederalp<\/strong> y vuelta a Bettmeralp. Recoge tu equipaje y sigue tu ruta. Dependiendo de lo lejos que vayas, podr\u00edas darte un vuelta por el <strong>casco hist\u00f3rico de Brig<\/strong>.<\/p>\n\n\n\n<h3 class=\"wp-block-heading\">Tres d\u00edas en la zona<\/h3>\n\n\n\n<p class=\"wp-block-paragraph\"><strong>Tres d\u00edas<\/strong> es el tiempo que pasamos nosotros en la zona. Podr\u00e1s ir con <strong>m\u00e1s calma<\/strong> los dos primeros d\u00edas, paseando con m\u00e1s paradas para sacar fotos e incluso <strong>repitiendo miradores<\/strong>.<\/p>\n\n\n<div class=\"wp-block-image wp-image-74878 size-full\">\n<figure class=\"aligncenter\"><img loading=\"lazy\" decoding=\"async\" width=\"800\" height=\"534\" src=\"https:\/\/saltaconmigo.com\/blog\/wp-content\/uploads\/2026\/07\/Glaciar-Aletsch-Suiza-Eggishorn-Vista.jpg\" alt=\"Glaciar Aletsch Suiza Eggishorn Vista\" class=\"wp-image-74878\" srcset=\"https:\/\/saltaconmigo.com\/blog\/wp-content\/uploads\/2026\/07\/Glaciar-Aletsch-Suiza-Eggishorn-Vista.jpg 800w, https:\/\/saltaconmigo.com\/blog\/wp-content\/uploads\/2026\/07\/Glaciar-Aletsch-Suiza-Eggishorn-Vista-300x200.jpg 300w, https:\/\/saltaconmigo.com\/blog\/wp-content\/uploads\/2026\/07\/Glaciar-Aletsch-Suiza-Eggishorn-Vista-768x513.jpg 768w, https:\/\/saltaconmigo.com\/blog\/wp-content\/uploads\/2026\/07\/Glaciar-Aletsch-Suiza-Eggishorn-Vista-626x418.jpg 626w, https:\/\/saltaconmigo.com\/blog\/wp-content\/uploads\/2026\/07\/Glaciar-Aletsch-Suiza-Eggishorn-Vista-409x272.jpg 409w, https:\/\/saltaconmigo.com\/blog\/wp-content\/uploads\/2026\/07\/Glaciar-Aletsch-Suiza-Eggishorn-Vista-640x427.jpg 640w\" sizes=\"auto, (max-width: 800px) 100vw, 800px\" \/><figcaption class=\"wp-element-caption\">El glaciar Aletsch desde el mirador del Eggishorn<\/figcaption><\/figure>\n<\/div>\n\n\n<p class=\"wp-block-paragraph\">El tercer d\u00eda, dedicar\u00edamos la ma\u00f1ana a <strong>Brig<\/strong>, con el <strong>castillo Stockalper<\/strong>, y a <strong>Naters<\/strong>, con el <strong>World Nature Forum<\/strong> y el <strong>Beinhaus<\/strong> en su casco hist\u00f3rico. O, si te animas, con el Swiss Travel Pass tambi\u00e9n puedes llegar hasta Domodossola en Italia, nosotros no hemos estado, pero es solo media hora desde Brig. Incluso tendr\u00e1s tiempo para <a href=\"https:\/\/www.getyourguide.com\/es-es\/fiesch-l101631\/arena-aletsch-vuelo-biplaza-basico-en-parapente-t355395\/\" target=\"_blank\" rel=\"nofollow noopener sponsored\"><strong>hacer un vuelo en parapente<\/strong><\/a> a primera hora antes de bajar al valle.<\/p>\n\n\n\n<h2 id=\"clima\" class=\"wp-block-heading\">El clima en la Aletsch Arena: \u00bfqu\u00e9 ropa llevar?<\/h2>\n\n\n\n<p class=\"wp-block-paragraph\">Un cl\u00e1sico en todos los destinos de monta\u00f1a es: <strong>\u00bfqu\u00e9 ropa llevo?<\/strong> Recuerda que vas a moverte <strong>entre 2.200 y 2.800 metros en los miradores del glaciar<\/strong>. S\u00famale que el viento puede cambiar de un momento a otro y que, en los pueblos, estar\u00e1s entre casas y m\u00e1s abajo. Vamos, que la temperatura cambia mucho de un sitio a otro.<\/p>\n\n\n\n<p class=\"wp-block-paragraph\">Como siempre: <strong>ropa por capas<\/strong>. En <strong>verano<\/strong>, cuando estuvimos nosotros, con un <strong>cortavientos<\/strong> y un <strong>polar<\/strong> \u2013aunque es poco probable que lo llegues a necesitar\u2013 ser\u00e1 m\u00e1s que suficiente. Con un <strong>pantal\u00f3n fino de senderismo<\/strong>, o incluso uno corto, estar\u00e1s bien. Vale, si se levanta viento en los miradores la cosa puede ser un poco inc\u00f3moda, pero poco tiempo. Recuerda llevar <strong>gorra<\/strong>.<\/p>\n\n\n\n<p class=\"wp-block-paragraph\">En <strong>invierno<\/strong> necesitar\u00e1s m\u00e1s capas \u2013dependiendo del momento, incluso una <strong>t\u00e9rmica<\/strong> por abajo\u2013 y deber\u00edas acabar con una <strong>impermeable<\/strong>. Adem\u00e1s de <strong>guantes<\/strong> y <strong>gorro de lana<\/strong>.<\/p>\n\n\n\n<p class=\"wp-block-paragraph\">En cualquier momento del a\u00f1o, <strong>calzado cerrado y con buena suela<\/strong> \u2013impermeable en invierno\u2013, <strong>gafas de sol<\/strong> y <strong>protecci\u00f3n solar<\/strong>.<\/p>\n\n\n\n<h2 id=\"dormir\" class=\"wp-block-heading\">D\u00f3nde dormir<\/h2>\n\n\n\n<p class=\"wp-block-paragraph\">Despu\u00e9s de decir tantas veces que har\u00edamos <strong>noche en Bettmeralp<\/strong>, llega el momento de decir d\u00f3nde. Nosotros pasamos un par de noches en el <a href=\"https:\/\/www.booking.com\/hotel\/ch\/panorama-restaurant.es.html\" target=\"_blank\" rel=\"nofollow noopener sponsored\"><strong>Hotel-Restaurant Panorama<\/strong><\/a>, un peque\u00f1o hotel familiar con mucha historia. Ese con <strong>vistas a la Capilla de Nuestra Se\u00f1ora de las Nieves y al monte Cervino desde la terraza<\/strong>. Adem\u00e1s de las vistas, est\u00e1 en el centro del pueblo: es f\u00e1cil llegar desde la estaci\u00f3n del telef\u00e9rico que sube desde Bettmeralp Talstation y a la estaci\u00f3n que llega al mirador del Bettmerhorn.<\/p>\n\n\n<div class=\"wp-block-image wp-image-74846 size-full\">\n<figure class=\"aligncenter\"><img loading=\"lazy\" decoding=\"async\" width=\"800\" height=\"534\" src=\"https:\/\/saltaconmigo.com\/blog\/wp-content\/uploads\/2026\/07\/Dormir-Aletsch-Arena-Suiza-Bettmeralp-Hotel-Restaurant-Panorama-Habitacion.jpg\" alt=\"Dormir Aletsch Arena Suiza Bettmeralp Hotel-Restaurant Panorama Habitacion\" class=\"wp-image-74846\" srcset=\"https:\/\/saltaconmigo.com\/blog\/wp-content\/uploads\/2026\/07\/Dormir-Aletsch-Arena-Suiza-Bettmeralp-Hotel-Restaurant-Panorama-Habitacion.jpg 800w, https:\/\/saltaconmigo.com\/blog\/wp-content\/uploads\/2026\/07\/Dormir-Aletsch-Arena-Suiza-Bettmeralp-Hotel-Restaurant-Panorama-Habitacion-300x200.jpg 300w, https:\/\/saltaconmigo.com\/blog\/wp-content\/uploads\/2026\/07\/Dormir-Aletsch-Arena-Suiza-Bettmeralp-Hotel-Restaurant-Panorama-Habitacion-768x513.jpg 768w, https:\/\/saltaconmigo.com\/blog\/wp-content\/uploads\/2026\/07\/Dormir-Aletsch-Arena-Suiza-Bettmeralp-Hotel-Restaurant-Panorama-Habitacion-626x418.jpg 626w, https:\/\/saltaconmigo.com\/blog\/wp-content\/uploads\/2026\/07\/Dormir-Aletsch-Arena-Suiza-Bettmeralp-Hotel-Restaurant-Panorama-Habitacion-409x272.jpg 409w, https:\/\/saltaconmigo.com\/blog\/wp-content\/uploads\/2026\/07\/Dormir-Aletsch-Arena-Suiza-Bettmeralp-Hotel-Restaurant-Panorama-Habitacion-640x427.jpg 640w\" sizes=\"auto, (max-width: 800px) 100vw, 800px\" \/><figcaption class=\"wp-element-caption\">Nuestra habitaci\u00f3n en el Hotel-Restaurant Panorama<\/figcaption><\/figure>\n<\/div>\n\n\n<p class=\"wp-block-paragraph\">Las habitaciones son muy amplias y reci\u00e9n reformadas, las vistas estupendas, el personal muy simp\u00e1tico y el desayuno te da fuerzas para las caminatas del d\u00eda.<\/p>\n\n\n\n<p class=\"wp-block-paragraph\">No es el \u00fanico <strong><a href=\"https:\/\/www.booking.com\/city\/ch\/bettmeralp.es.html\" target=\"_blank\" rel=\"nofollow noopener sponsored\">hotel de Bettmeralp<\/a><\/strong> y, si prefieres otra zona, tambi\u00e9n hay <strong><a href=\"https:\/\/www.booking.com\/city\/ch\/riederalp.es.html\" target=\"_blank\" rel=\"nofollow noopener sponsored\">hoteles en Riederalp<\/a><\/strong>.<\/p>\n\n\n\n<h2 id=\"comer\" class=\"wp-block-heading\">Qu\u00e9 y d\u00f3nde comer<\/h2>\n\n\n\n<p class=\"wp-block-paragraph\">La <strong><em>raclette<\/em><\/strong>, uno de los platos suizos m\u00e1s conocidos fuera de sus fronteras, es del <strong>cant\u00f3n del Valais<\/strong>. Ni se te ocurra salir de all\u00ed sin haber probado una. De hecho, la mejor opci\u00f3n es probar <strong><em>raclette<\/em> \u201ca discreci\u00f3n\u201d<\/strong>: puedes pedir hasta que te hartes. Nosotros la comimos as\u00ed, a discreci\u00f3n, en el <a href=\"https:\/\/www.booking.com\/hotel\/ch\/panorama-restaurant.es.html\" target=\"_blank\" rel=\"nofollow noopener sponsored\"><strong>Hotel-Restaurant Panorama<\/strong><\/a> de Bettmeralp. Y tambi\u00e9n en un <strong>puesto de comida dentro de una antigua cabina de telef\u00e9rico<\/strong> junto al mirador del Moosfluh, <strong>Buvette Moosfluh<\/strong>, servida sobre un pan caliente \u2013tambi\u00e9n hay salchichas para comer con vistas al glaciar\u2013.<\/p>\n\n\n<div class=\"wp-block-image wp-image-74860 size-full\">\n<figure class=\"aligncenter\"><img loading=\"lazy\" decoding=\"async\" width=\"800\" height=\"534\" src=\"https:\/\/saltaconmigo.com\/blog\/wp-content\/uploads\/2026\/07\/Comer-Aletsch-Arena-Suiza-Buvette-Moosfluh-Raclette.jpg\" alt=\"Comer Aletsch Arena Suiza Buvette Moosfluh Raclette\" class=\"wp-image-74860\" srcset=\"https:\/\/saltaconmigo.com\/blog\/wp-content\/uploads\/2026\/07\/Comer-Aletsch-Arena-Suiza-Buvette-Moosfluh-Raclette.jpg 800w, https:\/\/saltaconmigo.com\/blog\/wp-content\/uploads\/2026\/07\/Comer-Aletsch-Arena-Suiza-Buvette-Moosfluh-Raclette-300x200.jpg 300w, https:\/\/saltaconmigo.com\/blog\/wp-content\/uploads\/2026\/07\/Comer-Aletsch-Arena-Suiza-Buvette-Moosfluh-Raclette-768x513.jpg 768w, https:\/\/saltaconmigo.com\/blog\/wp-content\/uploads\/2026\/07\/Comer-Aletsch-Arena-Suiza-Buvette-Moosfluh-Raclette-626x418.jpg 626w, https:\/\/saltaconmigo.com\/blog\/wp-content\/uploads\/2026\/07\/Comer-Aletsch-Arena-Suiza-Buvette-Moosfluh-Raclette-409x272.jpg 409w, https:\/\/saltaconmigo.com\/blog\/wp-content\/uploads\/2026\/07\/Comer-Aletsch-Arena-Suiza-Buvette-Moosfluh-Raclette-640x427.jpg 640w\" sizes=\"auto, (max-width: 800px) 100vw, 800px\" \/><figcaption class=\"wp-element-caption\">Raclette y salchicha con vistas en el mirador del Moosfluh, en Buvette Moosfluh<\/figcaption><\/figure>\n<\/div>\n\n\n<p class=\"wp-block-paragraph\">Otro plato t\u00edpico de la regi\u00f3n es la <strong><em>Cholera<\/em><\/strong>. Suena raro, pero esta especie de <strong>empanada elaborada con patatas, puerro, cebolla, queso y manzana<\/strong> naci\u00f3 durante una epidemia de c\u00f3lera, cuando la poblaci\u00f3n apenas pod\u00eda desplazarse y deb\u00eda cocinar con los ingredientes que ten\u00eda almacenados en casa. O eso cuenta la tradici\u00f3n. Sara, porque para mi gusto tiene demasiada verdura, la prob\u00f3 en el <strong>restaurante de la estaci\u00f3n intermedia del mirador del Eggishorn<\/strong>, el <strong>Alpenlodge K\u00fchboden<\/strong> \u2013un restaurante de buffet en el que tambi\u00e9n preparan platos al momento, como la Cholera\u2013. Tambi\u00e9n nos dijeron que hab\u00eda en el restaurante junto a la estaci\u00f3n del mirador del Bettmerhorn, <strong>Panorama-Restaurant Bettmerhorn<\/strong>, pero no llegamos a la hora de comer.<\/p>\n\n\n<div class=\"wp-block-image wp-image-74859 size-full\">\n<figure class=\"aligncenter\"><img loading=\"lazy\" decoding=\"async\" width=\"800\" height=\"534\" src=\"https:\/\/saltaconmigo.com\/blog\/wp-content\/uploads\/2026\/07\/Comer-Aletsch-Arena-Suiza-Villa-Cassel-Albaricoque.jpg\" alt=\"Comer Aletsch Arena Suiza Villa Cassel Albaricoque\" class=\"wp-image-74859\" srcset=\"https:\/\/saltaconmigo.com\/blog\/wp-content\/uploads\/2026\/07\/Comer-Aletsch-Arena-Suiza-Villa-Cassel-Albaricoque.jpg 800w, https:\/\/saltaconmigo.com\/blog\/wp-content\/uploads\/2026\/07\/Comer-Aletsch-Arena-Suiza-Villa-Cassel-Albaricoque-300x200.jpg 300w, https:\/\/saltaconmigo.com\/blog\/wp-content\/uploads\/2026\/07\/Comer-Aletsch-Arena-Suiza-Villa-Cassel-Albaricoque-768x513.jpg 768w, https:\/\/saltaconmigo.com\/blog\/wp-content\/uploads\/2026\/07\/Comer-Aletsch-Arena-Suiza-Villa-Cassel-Albaricoque-626x418.jpg 626w, https:\/\/saltaconmigo.com\/blog\/wp-content\/uploads\/2026\/07\/Comer-Aletsch-Arena-Suiza-Villa-Cassel-Albaricoque-409x272.jpg 409w, https:\/\/saltaconmigo.com\/blog\/wp-content\/uploads\/2026\/07\/Comer-Aletsch-Arena-Suiza-Villa-Cassel-Albaricoque-640x427.jpg 640w\" sizes=\"auto, (max-width: 800px) 100vw, 800px\" \/><figcaption class=\"wp-element-caption\">Tartas y zumo de albaricoque, y un chocolate, en la cafeter\u00eda de la Villa Cassel<\/figcaption><\/figure>\n<\/div>\n\n\n<p class=\"wp-block-paragraph\">Y no dejes de probar los <strong>productos elaborados con albaricoque<\/strong>, una de las frutas m\u00e1s representativas de esta parte de Suiza. Encontrar\u00e1s <strong>mermeladas, tartas, zumos e incluso licores<\/strong> elaborados con los famosos albaricoques del Valais. \u00bfD\u00f3nde las prob\u00f3 Sara? En el <strong>desayuno del hotel<\/strong> y en la <strong>cafeter\u00eda de la Villa Cassel<\/strong>, donde hab\u00eda unas cuantas tartas elaboradas con esta fruta.<\/p>\n\n\n\n<div class=\"rinconSC\">\n<p><span class=\"titulo\">\u00bfSab\u00edas que&#8230;?<\/span><\/p>\n<hr>\n<p>En <strong>Brig<\/strong> se enorgullecen de ser la ciudad de origen del <strong><em>cordon bleu<\/em><\/strong>. Seg\u00fan una leyenda, en 1815, una cocinera de un restaurante local esperaba 20 comensales y, de pronto, le dijeron que ser\u00edan 40. De ah\u00ed surgi\u00f3 la idea de estirar la carne y rellanarla con queso y jam\u00f3n, empanarla y freirla.<\/p>\n<\/div>\n\n\n\n<h2 id=\"mapa\" class=\"wp-block-heading\">Mapa de la zona de la Aletsch Arena con sus telef\u00e9ricos y miradores<\/h2>\n\n\n\n<p class=\"wp-block-paragraph\">Aqu\u00ed tienes el <strong>mapa de la zona de la Aletsch Arena<\/strong>. Te indicamos los cuatro <strong>miradores<\/strong>, los tres <strong>pueblos<\/strong>, las <strong>estaciones de los telef\u00e9ricos<\/strong> \u2013las del valle, las de los pueblos alpinos y las de los miradores\u2013, las <strong>oficinas de turismo<\/strong>, los <strong>restaurantes<\/strong>, el <strong>hotel<\/strong>\u2026 No te va a faltar nada para moverte por la zona como Pedro \u2013y Heidi\u2013 por su casa.<\/p>\n\n\n\n<iframe loading=\"lazy\" src=\"https:\/\/www.google.com\/maps\/d\/u\/1\/embed?mid=11V9m2urRT6AEU3r1Gv_atCXoReRqb4U\" width=\"850\" height=\"563\" align=\"center\"><\/iframe>\n\n\n\n<h2 id=\"faq\" class=\"wp-block-heading\">Preguntas y respuestas sobre el glaciar Aletsch<\/h2>\n\n\n\n<p class=\"wp-block-paragraph\"><strong>\u00bfSe ve el glaciar Aletsch desde Jungfraujoch?<\/strong><br>S\u00ed, pero muy poco. Desde el Jungfraujoch ver\u00e1s el inicio del glaciar y una parte del entorno, pero no la inmensidad completa de la lengua de hielo. <strong>No es la mejor vista del glaciar m\u00e1s grande de los Alpes<\/strong>. Esa la tienes, sin duda, en la Aletsch Arena. Adem\u00e1s de ser m\u00e1s f\u00e1cil llegar y m\u00e1s econ\u00f3mico. Y de que suele hacer mejor tiempo: hay 300 d\u00edas de sol de media al a\u00f1o en esta parte de Suiza, mientras que la zona de Interlaken, al otro lado de los Alpes, es de las m\u00e1s lluviosas. No decimos que no merezca la pena subir al Jungfraujoch, pero, <strong>si es solo para ver el glaciar, no lo har\u00edamos<\/strong>.<\/p>\n\n\n\n<p class=\"wp-block-paragraph\"><strong>\u00bfQu\u00e9 hacer en el glaciar Aletsch con ni\u00f1os?<\/strong><br>Con lo f\u00e1cil que es moverse por la Aletsch Arena, <strong>los ni\u00f1os podr\u00e1n asomarse al glaciar desde los principales miradores<\/strong> sin ning\u00fan problema, sin necesidad de hacer rutas exigentes. Adem\u00e1s, ir\u00e1n \u201cacompa\u00f1ados\u201d de <strong>Gletschi<\/strong>, la mascota de la Aletsch Arena, una pulga de glaciar que est\u00e1 en carteles explicativos, puntos fotogr\u00e1ficos y, c\u00f3mo no, en formato peluche. Incluso tiene su propio parque infantil: <strong>Gletschiland<\/strong>.<\/p>\n\n\n\n<p class=\"wp-block-paragraph\"><strong>\u00bfNo se puede subir en coche a ning\u00fan pueblo? \u00bfD\u00f3nde aparcar?<\/strong><br><strong>Los tres pueblos de la Aletsch Arena<\/strong> \u2013Bettmeralp, Riederalp y Fiescheralp\u2013 <strong>son libres de coches<\/strong>. Es <strong>obligatorio dejar el veh\u00edculo en el valle y subir en telef\u00e9rico<\/strong>. Los principales aparcamientos son el Parking Aletsch en M\u00f6rel-Filet, el aparcamiento de la Bettmeralp Talstation y el Parking Fiesch-Eggishorn en Fiesch. En M\u00f6rel hay tambi\u00e9n otro, el Steinscheune. Te los indicamos todos en el <a href=\"#mapa\">mapa<\/a> y tienes m\u00e1s informaci\u00f3n <a href=\"https:\/\/www.aletscharena.ch\/en\/planning-booking\/travel-mobility\" target=\"_blank\" rel=\"noopener\">aqu\u00ed<\/a>.<\/p>\n\n\n\n<p class=\"wp-block-paragraph\"><strong>\u00bfLos telef\u00e9ricos de la Aletsch Arena est\u00e1n incluidos en el Swiss Travel Pass?<\/strong><br><strong>No est\u00e1n incluidos, pero tienes un descuento del 50%<\/strong> sobre el precio completo con el Swiss Travel Pass. Puedes hacerte con el <strong>Aletsch Explorer Pass<\/strong> si quieres subir en todos los telef\u00e9ricos de la zona sin preocuparte. Recuerda que, adem\u00e1s del transporte hasta las ciudades del valle, el Swiss Travel Pass incluye entradas a museos y un 50% de descuento en el Aletsch Explorer Pass.<\/p>\n\n\n\n<p class=\"wp-block-paragraph\"><strong>\u00bfCu\u00e1l es la mejor \u00e9poca para visitar el glaciar Aletsch?<\/strong><br>Como siempre, depende de lo que busques. En <strong>verano<\/strong> tendr\u00e1s <strong>todas las rutas de senderismo<\/strong> abiertas, <strong>mejor clima para caminar y el glaciar completamente visible<\/strong>. En <strong>oto\u00f1o<\/strong>, adem\u00e1s, podr\u00e1s ver el bosque vestido de <strong>tonos amarillos<\/strong>. En <strong>invierno<\/strong>, la zona se transforma en una <strong>estaci\u00f3n de esqu\u00ed<\/strong> con paisajes nevados espectaculares, pero el glaciar est\u00e1 algo m\u00e1s \u201cescondido\u201d con el blanco de la nieve. Creemos que el verano es la mejor \u00e9poca para una primera visita.<\/p>\n\n\n\n<p class=\"wp-block-paragraph\"><strong>\u00bfC\u00f3mo es el clima?<\/strong><br>Entre que es una zona de monta\u00f1a y el cambio clim\u00e1tico, es complicado hacer previsiones. En la Aletsch Arena <strong>en verano<\/strong> se esperan unos agradables <strong>20\u00baC<\/strong>, pero las olas de calor han llegado tambi\u00e9n a Suiza. En <strong>invierno<\/strong>, las temperaturas <strong>bajan de cero grados y nieva<\/strong>, aunque mucho menos que hace unos a\u00f1os. Puedes consultar las previsiones metereol\u00f3gicas en <a href=\"https:\/\/www.meteoswiss.admin.ch\/\" target=\"_blank\" rel=\"noopener\">Meteo Swiss<\/a> y\/o bajarte la <a href=\"https:\/\/search.ch\/app\/index.en.html\" target=\"_blank\" rel=\"noopener\"><em>app<\/em> search.ch<\/a>, que tambi\u00e9n tiene informaci\u00f3n sobre transporte, rutas en bici, etc.<\/p>\n\n\n\n<p class=\"wp-block-paragraph\"><strong>\u00bfHay <em>webcams<\/em>?<\/strong><br>S\u00ed, <strong>en la Aletsch Arena hay varias <a href=\"https:\/\/www.aletscharena.ch\/en\/here-now\/live\/webcams\" target=\"_blank\" rel=\"noopener\"><em>webcams<\/em><\/a><\/strong> que permiten comprobar en tiempo real el estado del tiempo y la visibilidad en los miradores antes de subir. Es muy recomendable consultarlas, ya que en d\u00edas nublados el glaciar puede quedar parcialmente oculto.<\/p>\n\n\n<div class=\"wp-block-image wp-image-74874 size-full\">\n<figure class=\"aligncenter\"><img loading=\"lazy\" decoding=\"async\" width=\"800\" height=\"534\" src=\"https:\/\/saltaconmigo.com\/blog\/wp-content\/uploads\/2026\/07\/Que-Ver-Aletsch-Arena-Suiza-Bettmeralp-Capilla-Nuestra-Senora-Nieves-Atardecer-Terraza.jpg\" alt=\"Que Ver Aletsch Arena Suiza Bettmeralp Capilla Nuestra Senora Nieves Atardecer Terraza\" class=\"wp-image-74874\" srcset=\"https:\/\/saltaconmigo.com\/blog\/wp-content\/uploads\/2026\/07\/Que-Ver-Aletsch-Arena-Suiza-Bettmeralp-Capilla-Nuestra-Senora-Nieves-Atardecer-Terraza.jpg 800w, https:\/\/saltaconmigo.com\/blog\/wp-content\/uploads\/2026\/07\/Que-Ver-Aletsch-Arena-Suiza-Bettmeralp-Capilla-Nuestra-Senora-Nieves-Atardecer-Terraza-300x200.jpg 300w, https:\/\/saltaconmigo.com\/blog\/wp-content\/uploads\/2026\/07\/Que-Ver-Aletsch-Arena-Suiza-Bettmeralp-Capilla-Nuestra-Senora-Nieves-Atardecer-Terraza-768x513.jpg 768w, https:\/\/saltaconmigo.com\/blog\/wp-content\/uploads\/2026\/07\/Que-Ver-Aletsch-Arena-Suiza-Bettmeralp-Capilla-Nuestra-Senora-Nieves-Atardecer-Terraza-626x418.jpg 626w, https:\/\/saltaconmigo.com\/blog\/wp-content\/uploads\/2026\/07\/Que-Ver-Aletsch-Arena-Suiza-Bettmeralp-Capilla-Nuestra-Senora-Nieves-Atardecer-Terraza-409x272.jpg 409w, https:\/\/saltaconmigo.com\/blog\/wp-content\/uploads\/2026\/07\/Que-Ver-Aletsch-Arena-Suiza-Bettmeralp-Capilla-Nuestra-Senora-Nieves-Atardecer-Terraza-640x427.jpg 640w\" sizes=\"auto, (max-width: 800px) 100vw, 800px\" \/><figcaption class=\"wp-element-caption\">El atardecer en Bettmeralp desde la terraza de nuestra habitaci\u00f3n<\/figcaption><\/figure>\n<\/div>\n\n\n<p class=\"wp-block-paragraph\">El <strong>glaciar Aletsch<\/strong> impresiona por escala, por la sensaci\u00f3n de estar viendo algo que lleva miles de a\u00f1os ah\u00ed, cambiando muy lentamente, y por comprobar todo lo que ha retrocedido en los \u00faltimos siglos. Un golpe de realidad desde el <strong>glaciar m\u00e1s grande de los Alpes<\/strong>.<\/p>\n\n\n<div class=\"cajaVenta\">\n<p>\u00bfQuieres <strong>viajar a Suiza<\/strong>? Aqu\u00ed puedes hacerlo:<\/p>\n<ul class=\"avion\">\n \t<li>Busca tu <strong>vuelo m\u00e1s barato a Suiza<\/strong> <a href=\"https:\/\/skyscanner.pxf.io\/4PgaZL\" target=\"_blank\" rel=\"sponsored nofollow noopener noreferrer\">aqu\u00ed<\/a>.<\/li>\n<\/ul>\n<ul class=\"hotel\">\n \t<li>Escoge el <strong>hotel que m\u00e1s te guste al mejor precio<\/strong> en Ginebra <a href=\"https:\/\/www.booking.com\/searchresults.en.html?city=-2552151&#038;aid=844890&#038;no_rooms=1&#038;group_adults=2\" target=\"_blank\" rel=\"sponsored nofollow noopener noreferrer\">aqu\u00ed<\/a>, en Basilea <a href=\"https:\/\/www.booking.com\/searchresults.en.html?city=-2551183&#038;aid=844890&#038;no_rooms=1&#038;group_adults=2\" target=\"_blank\" rel=\"sponsored nofollow noopener noreferrer\">aqu\u00ed<\/a> o en Zurich <a href=\"https:\/\/www.booking.com\/searchresults.en.html?city=-2554935&#038;aid=844890&#038;no_rooms=1&#038;group_adults=2\" target=\"_blank\" rel=\"sponsored nofollow noopener noreferrer\">aqu\u00ed<\/a>.<\/li>\n<\/ul>\n<ul class=\"coche\">\n \t<li>Hazte con un <strong>Swiss Travel Pass<\/strong> para viajar por Suiza <a href=\"https:\/\/www.civitatis.com\/es\/zurich\/swiss-travel-pass\/?aid=1259&#038;cmp=caja_suiza\" target=\"_blank\" rel=\"sponsored nofollow noopener noreferrer\">aqu\u00ed<\/a>.<\/li>\n<\/ul>\n<ul class=\"guias\">\n \t<li>Hazte con las <strong>mejores gu\u00edas de Suiza<\/strong> <a title=\"Compra tu gu\u00eda de viaje\" href=\"https:\/\/amzn.to\/2wMHEeO\" target=\"_blank\" rel=\"sponsored nofollow noopener noreferrer\">aqu\u00ed<\/a>.<\/li>\n<\/ul>\n<ul class=\"tour\">\n \t<li>Contrata tu <strong><em>tour<\/em> guiado en espa\u00f1ol en Suiza<\/strong> <a href=\"https:\/\/www.civitatis.com\/es\/suiza\/?aid=1259&#038;cmp=caja_suiza\" target=\"_blank\" rel=\"sponsored nofollow noopener noreferrer\">aqu\u00ed<\/a>.<\/li>\n<\/ul>\n<ul class=\"seguro\">\n \t<li>Contrata tu <strong>seguro de viaje con un 5% de descuento<\/strong> <a title=\"Contrata tu seguro de viaje al mejor precio\" href=\"https:\/\/www.iatiseguros.com\/?r=21058501929524&#038;cmp=caja_suiza\" target=\"_blank\" rel=\"sponsored nofollow noopener noreferrer\">aqu\u00ed<\/a>.<\/li>\n<\/ul>\n<ul class=\"tarjeta\">\n \t<li>Hazte con la <strong>mejor tarjeta de viaje y recibe 10 \u20ac de recompensa<\/strong> <a href=\"https:\/\/revolut.ngih.net\/c\/1205554\/1576621\/9626\" target=\"_blank\" rel=\"sponsored nofollow noopener noreferrer noindex\">aqu\u00ed<\/a>.<\/li>\n<\/ul>\n<\/div>","protected":false},"excerpt":{"rendered":"<p>Ponerse delante del glaciar Aletsch y ver ese monstruo de hielo nos puso la carne de gallina. Conocer su historia, su evoluci\u00f3n y descubrir que puede desaparecer en unas d\u00e9cadas, son motivos para ir ya. Te contamos c\u00f3mo y d\u00f3nde y m\u00e1s cosas de la regi\u00f3n de la Aletsch Arena.<\/p>\n","protected":false},"author":2,"featured_media":74839,"comment_status":"open","ping_status":"open","sticky":false,"template":"","format":"standard","meta":{"footnotes":""},"categories":[110,94],"tags":[],"class_list":["post-74836","post","type-post","status-publish","format-standard","has-post-thumbnail","hentry","category-europa","category-suiza"],"_links":{"self":[{"href":"https:\/\/saltaconmigo.com\/blog\/wp-json\/wp\/v2\/posts\/74836","targetHints":{"allow":["GET"]}}],"collection":[{"href":"https:\/\/saltaconmigo.com\/blog\/wp-json\/wp\/v2\/posts"}],"about":[{"href":"https:\/\/saltaconmigo.com\/blog\/wp-json\/wp\/v2\/types\/post"}],"author":[{"embeddable":true,"href":"https:\/\/saltaconmigo.com\/blog\/wp-json\/wp\/v2\/users\/2"}],"replies":[{"embeddable":true,"href":"https:\/\/saltaconmigo.com\/blog\/wp-json\/wp\/v2\/comments?post=74836"}],"version-history":[{"count":1,"href":"https:\/\/saltaconmigo.com\/blog\/wp-json\/wp\/v2\/posts\/74836\/revisions"}],"predecessor-version":[{"id":75261,"href":"https:\/\/saltaconmigo.com\/blog\/wp-json\/wp\/v2\/posts\/74836\/revisions\/75261"}],"wp:featuredmedia":[{"embeddable":true,"href":"https:\/\/saltaconmigo.com\/blog\/wp-json\/wp\/v2\/media\/74839"}],"wp:attachment":[{"href":"https:\/\/saltaconmigo.com\/blog\/wp-json\/wp\/v2\/media?parent=74836"}],"wp:term":[{"taxonomy":"category","embeddable":true,"href":"https:\/\/saltaconmigo.com\/blog\/wp-json\/wp\/v2\/categories?post=74836"},{"taxonomy":"post_tag","embeddable":true,"href":"https:\/\/saltaconmigo.com\/blog\/wp-json\/wp\/v2\/tags?post=74836"}],"curies":[{"name":"wp","href":"https:\/\/api.w.org\/{rel}","templated":true}]}}