{"id":73576,"date":"2026-03-13T09:12:00","date_gmt":"2026-03-13T08:12:00","guid":{"rendered":"https:\/\/saltaconmigo.com\/blog\/?p=73576"},"modified":"2026-03-12T12:47:51","modified_gmt":"2026-03-12T11:47:51","slug":"que-ver-en-frombork-catedral-polonia","status":"publish","type":"post","link":"https:\/\/saltaconmigo.com\/blog\/2026\/03\/que-ver-en-frombork-catedral-polonia\/","title":{"rendered":"La Colina de la Catedral de Frombork, Polonia"},"content":{"rendered":"\n<p class=\"wp-block-paragraph\">Nunca ha encajado mejor lo de \u201cuna historia intensa\u201d que con la ciudad de Frombork, concretamente con la <strong>Colina de la Catedral de Frombork<\/strong>. La cantidad de veces que ha cambiado de manos en batallas, los asedios que ha sufrido y las veces que ha resurgido de sus cenizas llenar\u00edan libros enteros. Por aqu\u00ed, desde su fundaci\u00f3n en el siglo XIII, pasaron los caballeros teut\u00f3nicos, los prusianos, los franceses, los suecos, los alemanes, los rusos&#8230; Algunos dejaron su huella en forma de edificios, otros en forma de destrucci\u00f3n. Pero la m\u00e1s famosa es la de <strong>Nicol\u00e1s Cop\u00e9rnico<\/strong>. \u201cSu tumba\u201d es probablemente el m\u00e1s famoso de los <strong>lugares que ver en Frombork<\/strong>.<\/p>\n\n\n<div class=\"wp-block-image wp-image-68305 size-full\">\n<figure class=\"aligncenter\"><img loading=\"lazy\" decoding=\"async\" width=\"800\" height=\"534\" src=\"https:\/\/saltaconmigo.com\/blog\/wp-content\/uploads\/2024\/10\/Polonia-Copernico-Frombork-Estatua-Salto.jpg\" alt=\"Polonia Copernico Frombork Estatua Salto\" class=\"wp-image-68305\" srcset=\"https:\/\/saltaconmigo.com\/blog\/wp-content\/uploads\/2024\/10\/Polonia-Copernico-Frombork-Estatua-Salto.jpg 800w, https:\/\/saltaconmigo.com\/blog\/wp-content\/uploads\/2024\/10\/Polonia-Copernico-Frombork-Estatua-Salto-300x200.jpg 300w, https:\/\/saltaconmigo.com\/blog\/wp-content\/uploads\/2024\/10\/Polonia-Copernico-Frombork-Estatua-Salto-768x513.jpg 768w, https:\/\/saltaconmigo.com\/blog\/wp-content\/uploads\/2024\/10\/Polonia-Copernico-Frombork-Estatua-Salto-626x418.jpg 626w, https:\/\/saltaconmigo.com\/blog\/wp-content\/uploads\/2024\/10\/Polonia-Copernico-Frombork-Estatua-Salto-409x272.jpg 409w, https:\/\/saltaconmigo.com\/blog\/wp-content\/uploads\/2024\/10\/Polonia-Copernico-Frombork-Estatua-Salto-640x427.jpg 640w\" sizes=\"auto, (max-width: 800px) 100vw, 800px\" \/><figcaption class=\"wp-element-caption\">Saltando junto a la estatua de Cop\u00e9rnico en Frombork<\/figcaption><\/figure>\n<\/div>\n\n\n<p class=\"wp-block-paragraph\"><strong>Cop\u00e9rnico vivi\u00f3 en la ciudad m\u00e1s tiempo que en ning\u00fan otro sitio<\/strong> a lo largo de su vida y, obviamente, pase\u00f3 por toda la <strong>Colina de la Catedral de Frombork<\/strong>. Los edificios, que siguen protegidos por el sistema defensivo, ya eran dignos de visitarse en el siglo XVI y siguen estando en la lista de lugares <strong>que visitar en Frombork<\/strong> en el siglo XXI, pero no son los \u00fanicos.<\/p>\n\n\n\n<p class=\"wp-block-paragraph\">Murallas, torres, una catedral de ladrillo\u2026 y algunas sorpresas te esperan en la <strong>joya de Varmia<\/strong>. El lugar donde se par\u00f3 el Sol.<\/p>\n\n\n\n<div class=\"rinconSC\">\n<p><span class=\"titulo\">Saltaconmiconsejo<\/span><\/p>\n<hr>\n<p>Si, adem\u00e1s de <strong>visitar Frombork<\/strong>, quieres darte una vuelta por la regi\u00f3n, echa un vistazo a <a href=\"https:\/\/saltaconmigo.com\/blog\/2025\/05\/que-ver-en-varmia-y-masuria-polonia-mapa\/\"><strong>7 lugares que ver en Varmia y Masuria<\/strong><\/a>. \u00bfTienes m\u00e1s tiempo? P\u00e1sate por <a href=\"https:\/\/saltaconmigo.com\/blog\/2025\/01\/que-ver-en-polonia\/\"><strong>Qu\u00e9 ver en Polonia<\/strong><\/a> y elige una de nuestras <a href=\"https:\/\/saltaconmigo.com\/blog\/2024\/09\/rutas-por-polonia-en-coche-tren-10-dias-7-5-4\/\"><strong>Rutas por Polonia<\/strong><\/a> para optimizar tu viaje. Por supuesto, tambi\u00e9n puedes darte una vuelta por la <a href=\"https:\/\/saltaconmigo.com\/blog\/2024\/10\/la-polonia-de-copernico\/\"><strong>Polonia de Cop\u00e9rnico<\/strong><\/a> y seguir sus pasos por todo el pa\u00eds.<\/p>\n<\/div>\n\n\n\n<h2 class=\"wp-block-heading\">La Catedral de Frombork y\u2026 \u00bflos restos de Cop\u00e9rnico?<\/h2>\n\n\n\n<p class=\"wp-block-paragraph\">Empezamos nuestro listado de lugares <strong>que ver en Frombork<\/strong> por la joya de la corona: la <strong>catedral<\/strong>. Es la construcci\u00f3n m\u00e1s imponente dentro de las murallas del <strong>castillo de cap\u00edtulo catedralicio<\/strong> de la ciudad \u2013la Colina de la Catedral\u2013, de la \u00e9poca de los caballeros teut\u00f3nicos. Bueno, no solo imponente dentro de las murallas, es <strong>uno de los edificios de culto m\u00e1s grandes de Polonia<\/strong> y, en nuestra opini\u00f3n, de los m\u00e1s bonitos.<\/p>\n\n\n<div class=\"wp-block-image wp-image-73577 size-full\">\n<figure class=\"aligncenter\"><img loading=\"lazy\" decoding=\"async\" width=\"800\" height=\"534\" src=\"https:\/\/saltaconmigo.com\/blog\/wp-content\/uploads\/2026\/03\/Que-Ver-en-Frombork-Colina-Catedral-Fachada-Ladrillos.jpg\" alt=\"Que Ver en Frombork Colina Catedral Fachada Ladrillos\" class=\"wp-image-73577\" srcset=\"https:\/\/saltaconmigo.com\/blog\/wp-content\/uploads\/2026\/03\/Que-Ver-en-Frombork-Colina-Catedral-Fachada-Ladrillos.jpg 800w, https:\/\/saltaconmigo.com\/blog\/wp-content\/uploads\/2026\/03\/Que-Ver-en-Frombork-Colina-Catedral-Fachada-Ladrillos-300x200.jpg 300w, https:\/\/saltaconmigo.com\/blog\/wp-content\/uploads\/2026\/03\/Que-Ver-en-Frombork-Colina-Catedral-Fachada-Ladrillos-768x513.jpg 768w, https:\/\/saltaconmigo.com\/blog\/wp-content\/uploads\/2026\/03\/Que-Ver-en-Frombork-Colina-Catedral-Fachada-Ladrillos-626x418.jpg 626w, https:\/\/saltaconmigo.com\/blog\/wp-content\/uploads\/2026\/03\/Que-Ver-en-Frombork-Colina-Catedral-Fachada-Ladrillos-409x272.jpg 409w, https:\/\/saltaconmigo.com\/blog\/wp-content\/uploads\/2026\/03\/Que-Ver-en-Frombork-Colina-Catedral-Fachada-Ladrillos-640x427.jpg 640w\" sizes=\"auto, (max-width: 800px) 100vw, 800px\" \/><figcaption class=\"wp-element-caption\">La fachada de la Catedral de Frombork<\/figcaption><\/figure>\n<\/div>\n\n\n<p class=\"wp-block-paragraph\">Se trata de la <strong>Catedral Bas\u00edlica de la Asunci\u00f3n de la Virgen y San Andr\u00e9s Ap\u00f3stol<\/strong> \u2013ah\u00ed es nada\u2013, construida en <strong>ladrillo en estilo g\u00f3tico en el siglo XIV<\/strong>. Dec\u00edamos que era grande, lo demostramos: 90 metros de largo, 16,5 metros de alto y tres naves. Ampliada, modificada y decorada a lo largo de los siglos, hoy alcanza los 97 metros de largo.<\/p>\n\n\n<div class=\"wp-block-image wp-image-68321 size-full\">\n<figure class=\"aligncenter\"><img loading=\"lazy\" decoding=\"async\" width=\"800\" height=\"534\" src=\"https:\/\/saltaconmigo.com\/blog\/wp-content\/uploads\/2024\/10\/Polonia-Copernico-Frombork-Catedral-Tumba.jpg\" alt=\"Polonia Copernico Frombork Catedral Tumba\" class=\"wp-image-68321\" srcset=\"https:\/\/saltaconmigo.com\/blog\/wp-content\/uploads\/2024\/10\/Polonia-Copernico-Frombork-Catedral-Tumba.jpg 800w, https:\/\/saltaconmigo.com\/blog\/wp-content\/uploads\/2024\/10\/Polonia-Copernico-Frombork-Catedral-Tumba-300x200.jpg 300w, https:\/\/saltaconmigo.com\/blog\/wp-content\/uploads\/2024\/10\/Polonia-Copernico-Frombork-Catedral-Tumba-768x513.jpg 768w, https:\/\/saltaconmigo.com\/blog\/wp-content\/uploads\/2024\/10\/Polonia-Copernico-Frombork-Catedral-Tumba-626x418.jpg 626w, https:\/\/saltaconmigo.com\/blog\/wp-content\/uploads\/2024\/10\/Polonia-Copernico-Frombork-Catedral-Tumba-409x272.jpg 409w, https:\/\/saltaconmigo.com\/blog\/wp-content\/uploads\/2024\/10\/Polonia-Copernico-Frombork-Catedral-Tumba-640x427.jpg 640w\" sizes=\"auto, (max-width: 800px) 100vw, 800px\" \/><figcaption class=\"wp-element-caption\">La \u00abtumba\u00bb de Cop\u00e9rnico en la Catedral de la Asunci\u00f3n de la Virgen Mar\u00eda de Frombork<\/figcaption><\/figure>\n<\/div>\n\n\n<p class=\"wp-block-paragraph\"><strong>Nicol\u00e1s Cop\u00e9rnico<\/strong> muri\u00f3 en Frombork en 1543 y siempre se pens\u00f3 que fue <strong>enterrado dentro de la catedral<\/strong>. Se pens\u00f3, pero no se \u201cconfirm\u00f3\u201d hasta 2005, con el an\u00e1lisis de ADN de un cuerpo enterrado en el suelo del edificio. \u201cConfirm\u00f3\u201d, entre comillas, porque el ADN con el que se contrast\u00f3 est\u00e1 en un libro que le perteneci\u00f3 y que fue bot\u00edn de guerra. Unos cabellos con 500 a\u00f1os de antig\u00fcedad y un viaje hasta Uppsala, en Suecia\u2026 En cualquier caso, el <strong>altar en recuerdo de Cop\u00e9rnico<\/strong> es una parada obligada en tu paso por Frombork y su catedral.<\/p>\n\n\n\n<h2 class=\"wp-block-heading\">La torre de Cop\u00e9rnico<\/h2>\n\n\n\n<p class=\"wp-block-paragraph\">En la <strong>Colina de la Catedral de Frombork<\/strong>, formando parte del sistema defensivo del castillo, est\u00e1 la <strong>torre de Cop\u00e9rnico<\/strong>. Antes de que pienses, err\u00f3neamente, que es aqu\u00ed donde vivi\u00f3, te diremos que no. Como canciller, puesto que ocup\u00f3 desde 1510, habr\u00eda residido en el Palacio del Obispo \u2013en un momento hablamos de \u00e9l\u2013. Pero tampoco lo hizo, ten\u00eda una casa fuera en donde llevaba a cabo sus observaciones astron\u00f3micas.<\/p>\n\n\n\n<p class=\"wp-block-paragraph\">La torre fue de su propiedad entre 1504 y 1543. La compr\u00f3 para usarla como <strong>almac\u00e9n seguro de sus posesiones m\u00e1s valiosas y s\u00ed que vivi\u00f3 en ella en periodos de peligro<\/strong>\u2026 y hubo muchos en esos a\u00f1os.<\/p>\n\n\n<div class=\"wp-block-image wp-image-68322 size-full\">\n<figure class=\"aligncenter\"><img loading=\"lazy\" decoding=\"async\" width=\"800\" height=\"534\" src=\"https:\/\/saltaconmigo.com\/blog\/wp-content\/uploads\/2024\/10\/Polonia-Copernico-Frombork-Museo-Habitacion.jpg\" alt=\"Polonia Copernico Frombork Museo Habitacion\" class=\"wp-image-68322\" srcset=\"https:\/\/saltaconmigo.com\/blog\/wp-content\/uploads\/2024\/10\/Polonia-Copernico-Frombork-Museo-Habitacion.jpg 800w, https:\/\/saltaconmigo.com\/blog\/wp-content\/uploads\/2024\/10\/Polonia-Copernico-Frombork-Museo-Habitacion-300x200.jpg 300w, https:\/\/saltaconmigo.com\/blog\/wp-content\/uploads\/2024\/10\/Polonia-Copernico-Frombork-Museo-Habitacion-768x513.jpg 768w, https:\/\/saltaconmigo.com\/blog\/wp-content\/uploads\/2024\/10\/Polonia-Copernico-Frombork-Museo-Habitacion-626x418.jpg 626w, https:\/\/saltaconmigo.com\/blog\/wp-content\/uploads\/2024\/10\/Polonia-Copernico-Frombork-Museo-Habitacion-409x272.jpg 409w, https:\/\/saltaconmigo.com\/blog\/wp-content\/uploads\/2024\/10\/Polonia-Copernico-Frombork-Museo-Habitacion-640x427.jpg 640w\" sizes=\"auto, (max-width: 800px) 100vw, 800px\" \/><figcaption class=\"wp-element-caption\">Recreaci\u00f3n de la habitaci\u00f3n de Cop\u00e9rnico en la torre de Cop\u00e9rnico<\/figcaption><\/figure>\n<\/div>\n\n\n<p class=\"wp-block-paragraph\">En la torre de Cop\u00e9rnico se ha reconstruido el ambiente, para dar una idea de c\u00f3mo ser\u00eda la vida del astr\u00f3nomo en el siglo XVI mientras terminaba su obra m\u00e1s famosa, <em>De revolutionibus orbium coelestium<\/em>, en la que \u201cparaba el Sol\u201d. <strong>Podr\u00e1s ver \u201csu\u201d cocina, dormitorio y despacho<\/strong>. Como curiosidad, el dormitorio es de la \u00e9poca de Cop\u00e9rnico, pero no suyo ni de Frombork. Lo que s\u00ed es de Frombork y de la \u00e9poca, aunque no se puede asegurar que le perteneciera, es una silla.<\/p>\n\n\n\n<h2 class=\"wp-block-heading\">El Museo Nicol\u00e1s Cop\u00e9rnico<\/h2>\n\n\n\n<p class=\"wp-block-paragraph\">El <strong>antiguo Palacio del Obispo<\/strong> acoge hoy el <strong><a href=\"https:\/\/muzeumkopernika.pl\/\" target=\"_blank\" rel=\"noopener\">Museo Nicol\u00e1s Cop\u00e9rnico<\/a><\/strong>. El museo incluye adem\u00e1s la torre de Cop\u00e9rnico y el Planetarium \u2013ahora llegaremos\u2013 dentro de las murallas del castillo. En el exterior, tambi\u00e9n como parte del museo, est\u00e1 el antiguo hospital del Esp\u00edritu Santo.<\/p>\n\n\n<div class=\"wp-block-image wp-image-73578 size-full\">\n<figure class=\"aligncenter\"><img loading=\"lazy\" decoding=\"async\" width=\"800\" height=\"534\" src=\"https:\/\/saltaconmigo.com\/blog\/wp-content\/uploads\/2026\/03\/Que-Ver-en-Frombork-Colina-Catedral-Museo-Nicolas-Copernico-Instrumento.jpg\" alt=\"Que Ver en Frombork Colina Catedral Museo Nicolas Copernico Instrumento\" class=\"wp-image-73578\" srcset=\"https:\/\/saltaconmigo.com\/blog\/wp-content\/uploads\/2026\/03\/Que-Ver-en-Frombork-Colina-Catedral-Museo-Nicolas-Copernico-Instrumento.jpg 800w, https:\/\/saltaconmigo.com\/blog\/wp-content\/uploads\/2026\/03\/Que-Ver-en-Frombork-Colina-Catedral-Museo-Nicolas-Copernico-Instrumento-300x200.jpg 300w, https:\/\/saltaconmigo.com\/blog\/wp-content\/uploads\/2026\/03\/Que-Ver-en-Frombork-Colina-Catedral-Museo-Nicolas-Copernico-Instrumento-768x513.jpg 768w, https:\/\/saltaconmigo.com\/blog\/wp-content\/uploads\/2026\/03\/Que-Ver-en-Frombork-Colina-Catedral-Museo-Nicolas-Copernico-Instrumento-626x418.jpg 626w, https:\/\/saltaconmigo.com\/blog\/wp-content\/uploads\/2026\/03\/Que-Ver-en-Frombork-Colina-Catedral-Museo-Nicolas-Copernico-Instrumento-409x272.jpg 409w, https:\/\/saltaconmigo.com\/blog\/wp-content\/uploads\/2026\/03\/Que-Ver-en-Frombork-Colina-Catedral-Museo-Nicolas-Copernico-Instrumento-640x427.jpg 640w\" sizes=\"auto, (max-width: 800px) 100vw, 800px\" \/><figcaption class=\"wp-element-caption\">Un instrumento de observaci\u00f3n celeste en el Museo Nicol\u00e1s Cop\u00e9rnico<\/figcaption><\/figure>\n<\/div>\n\n\n<p class=\"wp-block-paragraph\">\u00bfQu\u00e9 vas a encontrar dentro del antiguo Palacio del Obispo? Bustos y estatuas de Cop\u00e9rnico, reproducciones de sus instrumentos y <strong>manuscritos<\/strong>. Y escribi\u00f3 mucho, durante su estancia en Frombork ejerci\u00f3 de inspector, m\u00e9dico, economista, consejero y cart\u00f3grafo.<\/p>\n\n\n\n<p class=\"wp-block-paragraph\">Tambi\u00e9n en el Museo Nicol\u00e1s Cop\u00e9rnico encontrar\u00e1s su <strong>retrato m\u00e1s famoso<\/strong>: <em>Astr\u00f3nomo Cop\u00e9rnico<\/em> o <em>Conversaciones con Dios<\/em>. Vale, es una reproducci\u00f3n de un boceto preliminar, en el Museo Nacional en Cracovia. El caso es que no se parec\u00eda en nada al retratado por <strong>Jan Matejko<\/strong>, y es que lo pint\u00f3 \u00a1400 a\u00f1os despu\u00e9s de su nacimiento!<\/p>\n\n\n\n<div class=\"rinconSC\">\n<p><span class=\"titulo\">\u00bfSab\u00edas que&#8230;?<\/span><\/p>\n<hr>\n<p>M\u00e1s all\u00e1 de la belleza f\u00edsica de Cop\u00e9rnico, Jan Matejko se permiti\u00f3 unas pocas licencias m\u00e1s. Los edificios que se ven tras \u00e9l o el suelo que pisa no son de la \u00e9poca. Es m\u00e1s, aparece un telescopio a sus pies. Telescopio que no se inventar\u00eda hasta principios del siglo XVII. En el cuadro final, en la Universidad de Cracovia, no aparece\u2026 o Jan Matejko se dio cuenta o se lo dijo alguien.<\/p>\n<\/div>\n\n\n\n<p class=\"wp-block-paragraph\">El antiguo Palacio del Obispo ardi\u00f3 en 1945, lo que ves hoy es una reconstrucci\u00f3n de la d\u00e9cada de los 60 del siglo XX.<\/p>\n\n\n\n<h2 class=\"wp-block-heading\">El Planetarium<\/h2>\n\n\n\n<p class=\"wp-block-paragraph\">En la antigua torre campanario de estilo g\u00f3tico-barroco de la catedral, la <strong>torre Radziejowski<\/strong> de <strong>principios del XVII<\/strong>, se encuentra algo que no pod\u00eda faltar de ninguna manera en el Museo Nicol\u00e1s Cop\u00e9rnico: un <strong>planetario<\/strong>. Eso s\u00ed, por aqu\u00ed no pas\u00f3 nunca, muri\u00f3 un siglo antes.<\/p>\n\n\n\n<p class=\"wp-block-paragraph\">En su c\u00fapula de ocho metros de di\u00e1metro se proyecta el cielo visible desde cualquier lugar de la Tierra, el desplazamiento del Sol y de los planetas y m\u00e1s de 6.000 estrellas. Hay <strong>sesiones todos los d\u00edas<\/strong>, puedes ver los horarios y el precio en la <a href=\"https:\/\/muzeumkopernika.pl\/planetarium\/\" target=\"_blank\" rel=\"noopener\"><em>web<\/em><\/a> del museo.<\/p>\n\n\n\n<p class=\"wp-block-paragraph\">En la misma torre Radziejowski tambi\u00e9n podr\u00e1s comprobar que la Tierra gira sobre s\u00ed misma gracias a un <strong>p\u00e9ndulo de Foucault<\/strong>.<\/p>\n\n\n\n<p class=\"wp-block-paragraph\">Hay un par de lugares m\u00e1s <strong>que ver en Frombork<\/strong> para los <strong>amantes de la astronom\u00eda<\/strong>, tambi\u00e9n parte del Museo Nicol\u00e1s Cop\u00e9rnico. Se trata del <strong>Parque Astron\u00f3mico<\/strong> \u2013en Ronin, a 1,5 km\u2013 y, pr\u00f3ximamente, el <strong>Centro Cop\u00e9rnico<\/strong> \u2013en Narusa, a 1,5 km\u2013.<\/p>\n\n\n\n<h2 class=\"wp-block-heading\">El resto de la Colina de la Catedral de Frombork<\/h2>\n\n\n\n<p class=\"wp-block-paragraph\">Ya hemos recorrido casi toda la <strong>Colina de la Catedral<\/strong>, pero todav\u00eda queda algo que no te puedes perder. Vale, estamos acabando por el principio\u2026 porque hablamos de la <strong>puerta sur de las murallas<\/strong>, la entrada principal al recinto. As\u00ed que ya la habr\u00e1s cruzado, es donde est\u00e1 la taquilla y sigue siendo la entrada. Pero, aunque es imponente, despu\u00e9s de ver el resto entender\u00e1s que hablemos de ella al final.<\/p>\n\n\n<div class=\"wp-block-image wp-image-73579 size-full\">\n<figure class=\"aligncenter\"><img loading=\"lazy\" decoding=\"async\" width=\"800\" height=\"534\" src=\"https:\/\/saltaconmigo.com\/blog\/wp-content\/uploads\/2026\/03\/Que-Ver-en-Frombork-Colina-Catedral-Puerta-Sur.jpg\" alt=\"Que Ver en Frombork Colina Catedral Puerta Sur\" class=\"wp-image-73579\" srcset=\"https:\/\/saltaconmigo.com\/blog\/wp-content\/uploads\/2026\/03\/Que-Ver-en-Frombork-Colina-Catedral-Puerta-Sur.jpg 800w, https:\/\/saltaconmigo.com\/blog\/wp-content\/uploads\/2026\/03\/Que-Ver-en-Frombork-Colina-Catedral-Puerta-Sur-300x200.jpg 300w, https:\/\/saltaconmigo.com\/blog\/wp-content\/uploads\/2026\/03\/Que-Ver-en-Frombork-Colina-Catedral-Puerta-Sur-768x513.jpg 768w, https:\/\/saltaconmigo.com\/blog\/wp-content\/uploads\/2026\/03\/Que-Ver-en-Frombork-Colina-Catedral-Puerta-Sur-626x418.jpg 626w, https:\/\/saltaconmigo.com\/blog\/wp-content\/uploads\/2026\/03\/Que-Ver-en-Frombork-Colina-Catedral-Puerta-Sur-409x272.jpg 409w, https:\/\/saltaconmigo.com\/blog\/wp-content\/uploads\/2026\/03\/Que-Ver-en-Frombork-Colina-Catedral-Puerta-Sur-640x427.jpg 640w\" sizes=\"auto, (max-width: 800px) 100vw, 800px\" \/><figcaption class=\"wp-element-caption\">La puerta sur, la entrada principal a la Colina de la Catedral de Frombork<\/figcaption><\/figure>\n<\/div>\n\n\n<p class=\"wp-block-paragraph\">No dejes tampoco de asomarte a la parte del <strong>camino de ronda<\/strong> sobre las murallas abierto al p\u00fablico. Junto a la torre de Cop\u00e9rnico podr\u00e1s disfrutar de las <strong>vistas de la ciudad nueva con el mar B\u00e1ltico<\/strong> al fondo.<\/p>\n\n\n\n<p class=\"wp-block-paragraph\">Aunque Cop\u00e9rnico viv\u00eda fuera de la muralla, en el interior tambi\u00e9n hab\u00eda una <strong>antigua calong\u00eda<\/strong> \u2013la casa donde habitan los can\u00f3nigos\u2013. Hoy acoge la biblioteca y zonas de estudio del museo.<\/p>\n\n\n\n<h2 class=\"wp-block-heading\">El antiguo Hospital del Esp\u00edritu Santo<\/h2>\n\n\n\n<p class=\"wp-block-paragraph\">Fuera de las murallas de la Colina de la Catedral se construy\u00f3 un hospital en la primera mitad del siglo XV. Era el <strong>Hospital del Esp\u00edritu Santo<\/strong>, junto con la <strong>capilla de Santa Ana<\/strong> en su interior. Hoy es el <strong>Departamento de Historia de la Medicina<\/strong> del museo y es algo que tienes que ver en Frombork obligatoriamente. Recuerda, Cop\u00e9rnico ejerci\u00f3 de m\u00e9dico durante su estancia en la ciudad y, seguramente, pas\u00f3 por este hospital.<\/p>\n\n\n<div class=\"wp-block-image wp-image-73580 size-full\">\n<figure class=\"aligncenter\"><img loading=\"lazy\" decoding=\"async\" width=\"800\" height=\"534\" src=\"https:\/\/saltaconmigo.com\/blog\/wp-content\/uploads\/2026\/03\/Que-Ver-en-Frombork-Hospital-Espiritu-Santo-Tarros-Medicinas.jpg\" alt=\"Que Ver en Frombork Hospital Espiritu Santo Tarros Medicinas\" class=\"wp-image-73580\" srcset=\"https:\/\/saltaconmigo.com\/blog\/wp-content\/uploads\/2026\/03\/Que-Ver-en-Frombork-Hospital-Espiritu-Santo-Tarros-Medicinas.jpg 800w, https:\/\/saltaconmigo.com\/blog\/wp-content\/uploads\/2026\/03\/Que-Ver-en-Frombork-Hospital-Espiritu-Santo-Tarros-Medicinas-300x200.jpg 300w, https:\/\/saltaconmigo.com\/blog\/wp-content\/uploads\/2026\/03\/Que-Ver-en-Frombork-Hospital-Espiritu-Santo-Tarros-Medicinas-768x513.jpg 768w, https:\/\/saltaconmigo.com\/blog\/wp-content\/uploads\/2026\/03\/Que-Ver-en-Frombork-Hospital-Espiritu-Santo-Tarros-Medicinas-626x418.jpg 626w, https:\/\/saltaconmigo.com\/blog\/wp-content\/uploads\/2026\/03\/Que-Ver-en-Frombork-Hospital-Espiritu-Santo-Tarros-Medicinas-409x272.jpg 409w, https:\/\/saltaconmigo.com\/blog\/wp-content\/uploads\/2026\/03\/Que-Ver-en-Frombork-Hospital-Espiritu-Santo-Tarros-Medicinas-640x427.jpg 640w\" sizes=\"auto, (max-width: 800px) 100vw, 800px\" \/><figcaption class=\"wp-element-caption\">Tarros de medicinas en el antiguo Hospital del Esp\u00edritu Santo<\/figcaption><\/figure>\n<\/div>\n\n\n<p class=\"wp-block-paragraph\">La exposici\u00f3n est\u00e1 compuesta por mesas de operaciones, sillas de parto y de ruedas, pr\u00f3tesis\u2026 con siglos de antig\u00fcedad \u2013el antiguo hospital ha sobrevivido sin cambios desde principios del siglo XVII\u2013.<\/p>\n\n\n<div class=\"wp-block-image wp-image-68323 size-full\">\n<figure class=\"aligncenter\"><img loading=\"lazy\" decoding=\"async\" width=\"800\" height=\"534\" src=\"https:\/\/saltaconmigo.com\/blog\/wp-content\/uploads\/2024\/10\/Polonia-Copernico-Frombork-Hospital-Espiritu-Santo-Tatuaje.jpg\" alt=\"Polonia Copernico Frombork Hospital Espiritu Santo Tatuaje\" class=\"wp-image-68323\" srcset=\"https:\/\/saltaconmigo.com\/blog\/wp-content\/uploads\/2024\/10\/Polonia-Copernico-Frombork-Hospital-Espiritu-Santo-Tatuaje.jpg 800w, https:\/\/saltaconmigo.com\/blog\/wp-content\/uploads\/2024\/10\/Polonia-Copernico-Frombork-Hospital-Espiritu-Santo-Tatuaje-300x200.jpg 300w, https:\/\/saltaconmigo.com\/blog\/wp-content\/uploads\/2024\/10\/Polonia-Copernico-Frombork-Hospital-Espiritu-Santo-Tatuaje-768x513.jpg 768w, https:\/\/saltaconmigo.com\/blog\/wp-content\/uploads\/2024\/10\/Polonia-Copernico-Frombork-Hospital-Espiritu-Santo-Tatuaje-626x418.jpg 626w, https:\/\/saltaconmigo.com\/blog\/wp-content\/uploads\/2024\/10\/Polonia-Copernico-Frombork-Hospital-Espiritu-Santo-Tatuaje-409x272.jpg 409w, https:\/\/saltaconmigo.com\/blog\/wp-content\/uploads\/2024\/10\/Polonia-Copernico-Frombork-Hospital-Espiritu-Santo-Tatuaje-640x427.jpg 640w\" sizes=\"auto, (max-width: 800px) 100vw, 800px\" \/><figcaption class=\"wp-element-caption\">Uno de los tatuajes de la exposici\u00f3n, el menos expl\u00edcito&#8230;<\/figcaption><\/figure>\n<\/div>\n\n\n<p class=\"wp-block-paragraph\">Guarda un poco de sorpresa para unas <strong>piezas muy especiales de la colecci\u00f3n<\/strong>: <strong>piel humana tatuada del siglo XIX<\/strong>. Aunque te parezca extra\u00f1o y hasta de mal gusto, tenemos que decir que no da ninguna impresi\u00f3n y nos vol\u00f3 la cabeza. El tatuaje de la foto no es el m\u00e1s llamativo, pero no pod\u00edamos poner otros, no decimos m\u00e1s\u2026 Puedes ver los precios y horarios en la <a href=\"https:\/\/muzeumkopernika.pl\/dzial-historii-medycyny\/\" target=\"_blank\" rel=\"noopener\"><em>web<\/em><\/a>&nbsp;del Museo Nicol\u00e1s Cop\u00e9rnico.<em><br><\/em><\/p>\n\n\n\n<h2 class=\"wp-block-heading\">La estatua de Cop\u00e9rnico<\/h2>\n\n\n\n<p class=\"wp-block-paragraph\">A principios de los a\u00f1os 70 del siglo XX se convoc\u00f3 un <strong>concurso para erigir una estatua a Cop\u00e9rnico<\/strong>. Muchos moldes de las obras propuestas se muestran en el <strong>antiguo Palacio del Obispo<\/strong>. Fue <strong>Mieczys\u0142aw Welter<\/strong> el que se llev\u00f3 el gato al agua y su obra, al pie de la Colina de la Catedral \u2013fuera de las murallas, en la esquina noroeste, detr\u00e1s de la torre de Cop\u00e9rnico\u2013, se inaugur\u00f3 en 1973 para conmemorar el 5\u00ba centenario de su nacimiento.<\/p>\n\n\n<div class=\"wp-block-image wp-image-73581 size-full\">\n<figure class=\"aligncenter\"><img loading=\"lazy\" decoding=\"async\" width=\"800\" height=\"534\" src=\"https:\/\/saltaconmigo.com\/blog\/wp-content\/uploads\/2026\/03\/Que-Ver-en-Frombork-Colina-Catedral-Museo-Estatuas-Copernico.jpg\" alt=\"Que Ver en Frombork Colina Catedral Museo Estatuas Copernico\" class=\"wp-image-73581\" srcset=\"https:\/\/saltaconmigo.com\/blog\/wp-content\/uploads\/2026\/03\/Que-Ver-en-Frombork-Colina-Catedral-Museo-Estatuas-Copernico.jpg 800w, https:\/\/saltaconmigo.com\/blog\/wp-content\/uploads\/2026\/03\/Que-Ver-en-Frombork-Colina-Catedral-Museo-Estatuas-Copernico-300x200.jpg 300w, https:\/\/saltaconmigo.com\/blog\/wp-content\/uploads\/2026\/03\/Que-Ver-en-Frombork-Colina-Catedral-Museo-Estatuas-Copernico-768x513.jpg 768w, https:\/\/saltaconmigo.com\/blog\/wp-content\/uploads\/2026\/03\/Que-Ver-en-Frombork-Colina-Catedral-Museo-Estatuas-Copernico-626x418.jpg 626w, https:\/\/saltaconmigo.com\/blog\/wp-content\/uploads\/2026\/03\/Que-Ver-en-Frombork-Colina-Catedral-Museo-Estatuas-Copernico-409x272.jpg 409w, https:\/\/saltaconmigo.com\/blog\/wp-content\/uploads\/2026\/03\/Que-Ver-en-Frombork-Colina-Catedral-Museo-Estatuas-Copernico-640x427.jpg 640w\" sizes=\"auto, (max-width: 800px) 100vw, 800px\" \/><figcaption class=\"wp-element-caption\">Moldes de estatuas de Cop\u00e9rnico en el antiguo Palacio del Obispo<\/figcaption><\/figure>\n<\/div>\n\n\n<div class=\"rinconSC\">\n<p><span class=\"titulo\">\u00bfSab\u00edas que&#8230;?<\/span><\/p>\n<hr>\n<p>Una semana despu\u00e9s de la inauguraci\u00f3n de la estatua en Frombork, se coloc\u00f3 una copia en el Parque Chapultepec de Ciudad de M\u00e9xico.<\/p>\n<\/div>\n\n\n\n<p class=\"wp-block-paragraph\">En el mismo lugar que hoy, hab\u00eda una <strong>estatua dedicada a Cop\u00e9rnico desde principios del siglo XX<\/strong>. Como con muchos de los edificios de la Colina de la Catedral, <strong>la Segunda Guerra Mundial acab\u00f3 con ella<\/strong>.<\/p>\n\n\n\n<h2 class=\"wp-block-heading\">La torre del agua de Frombork y sus vistas al B\u00e1ltico<\/h2>\n\n\n\n<p class=\"wp-block-paragraph\">M\u00e1s all\u00e1 de las vistas desde el camino de ronda de las murallas de la Colina de la Catedral, tambi\u00e9n puedes subir a lo alto de la t<strong>orre del agua<\/strong> de la ciudad. Est\u00e1 mucho m\u00e1s abajo, pero mucho m\u00e1s cerca de la orilla del B\u00e1ltico. Eso s\u00ed, solo si tienes mucho tiempo o un deseo irrefrenable de <strong>ver el B\u00e1ltico desde las alturas<\/strong>. Nosotros no ten\u00edamos ni uno ni otro y no subimos.<\/p>\n\n\n<div class=\"wp-block-image wp-image-73582 size-full\">\n<figure class=\"aligncenter\"><img loading=\"lazy\" decoding=\"async\" width=\"800\" height=\"534\" src=\"https:\/\/saltaconmigo.com\/blog\/wp-content\/uploads\/2026\/03\/Que-Ver-en-Frombork-Torre-Agua-Baltico-Camino-Ronda.jpg\" alt=\"Que Ver en Frombork Torre Agua Baltico Camino Ronda\" class=\"wp-image-73582\" srcset=\"https:\/\/saltaconmigo.com\/blog\/wp-content\/uploads\/2026\/03\/Que-Ver-en-Frombork-Torre-Agua-Baltico-Camino-Ronda.jpg 800w, https:\/\/saltaconmigo.com\/blog\/wp-content\/uploads\/2026\/03\/Que-Ver-en-Frombork-Torre-Agua-Baltico-Camino-Ronda-300x200.jpg 300w, https:\/\/saltaconmigo.com\/blog\/wp-content\/uploads\/2026\/03\/Que-Ver-en-Frombork-Torre-Agua-Baltico-Camino-Ronda-768x513.jpg 768w, https:\/\/saltaconmigo.com\/blog\/wp-content\/uploads\/2026\/03\/Que-Ver-en-Frombork-Torre-Agua-Baltico-Camino-Ronda-626x418.jpg 626w, https:\/\/saltaconmigo.com\/blog\/wp-content\/uploads\/2026\/03\/Que-Ver-en-Frombork-Torre-Agua-Baltico-Camino-Ronda-409x272.jpg 409w, https:\/\/saltaconmigo.com\/blog\/wp-content\/uploads\/2026\/03\/Que-Ver-en-Frombork-Torre-Agua-Baltico-Camino-Ronda-640x427.jpg 640w\" sizes=\"auto, (max-width: 800px) 100vw, 800px\" \/><figcaption class=\"wp-element-caption\">La torre del agua con el B\u00e1ltico detr\u00e1s desde el camino de ronda de la muralla<\/figcaption><\/figure>\n<\/div>\n\n\n<p class=\"wp-block-paragraph\">Si tambi\u00e9n quieres <strong>ver el B\u00e1ltico desde su orilla<\/strong>, puedes acercarte al puerto de Frombork para ver sus aguas. Ya te decimos que no hay paseo mar\u00edtimo, pero sigue siendo el mar.<\/p>\n\n\n\n<h2 class=\"wp-block-heading\">Mapa con los lugares que ver en Frombork<\/h2>\n\n\n\n<p class=\"wp-block-paragraph\">Aunque la mayor\u00eda de lugares <strong>que ver en Frombork<\/strong> est\u00e1n dentro de las murallas de la <strong>Colina de la Catedral<\/strong>, aqu\u00ed tienes nuestro cl\u00e1sico mapa para que no te pierdas nada. Tambi\u00e9n te indicamos los sitios que est\u00e1n fuera.<\/p>\n\n\n\n<iframe loading=\"lazy\" src=\"https:\/\/www.google.com\/maps\/d\/u\/1\/embed?mid=1cSZAnlBMHmQ0aKsBFzoa-onbjPVaVto\" width=\"850\" height=\"563\" align=\"center\"><\/iframe>\n\n\n\n<h2 class=\"wp-block-heading\">D\u00f3nde dormir cerca de Frombork<\/h2>\n\n\n\n<p class=\"wp-block-paragraph\">En nuestro paso por la ciudad, no ten\u00edamos pensado <strong>dormir en Frombork<\/strong> \u2013tampoco hay muchos <a href=\"https:\/\/www.booking.com\/city\/pl\/frombork.es.html\" target=\"_blank\" rel=\"nofollow noopener sponsored\">hoteles en Frombork<\/a>\u2013. Despu\u00e9s de visitar la Colina de la Catedral, seguimos ruta hasta Lidzbark Warmi\u0144ski, haciendo el camino inverso al que hizo Cop\u00e9rnico en su d\u00eda.<\/p>\n\n\n<div class=\"wp-block-image wp-image-68317 size-full\">\n<figure class=\"aligncenter\"><img loading=\"lazy\" decoding=\"async\" width=\"800\" height=\"534\" src=\"https:\/\/saltaconmigo.com\/blog\/wp-content\/uploads\/2024\/10\/Polonia-Copernico-Lidzbark-Warminski-Hotel-Krasicki-Habitacion.jpg\" alt=\"Polonia Copernico Lidzbark Warminski Hotel Krasicki Habitacion\" class=\"wp-image-68317\" srcset=\"https:\/\/saltaconmigo.com\/blog\/wp-content\/uploads\/2024\/10\/Polonia-Copernico-Lidzbark-Warminski-Hotel-Krasicki-Habitacion.jpg 800w, https:\/\/saltaconmigo.com\/blog\/wp-content\/uploads\/2024\/10\/Polonia-Copernico-Lidzbark-Warminski-Hotel-Krasicki-Habitacion-300x200.jpg 300w, https:\/\/saltaconmigo.com\/blog\/wp-content\/uploads\/2024\/10\/Polonia-Copernico-Lidzbark-Warminski-Hotel-Krasicki-Habitacion-768x513.jpg 768w, https:\/\/saltaconmigo.com\/blog\/wp-content\/uploads\/2024\/10\/Polonia-Copernico-Lidzbark-Warminski-Hotel-Krasicki-Habitacion-626x418.jpg 626w, https:\/\/saltaconmigo.com\/blog\/wp-content\/uploads\/2024\/10\/Polonia-Copernico-Lidzbark-Warminski-Hotel-Krasicki-Habitacion-409x272.jpg 409w, https:\/\/saltaconmigo.com\/blog\/wp-content\/uploads\/2024\/10\/Polonia-Copernico-Lidzbark-Warminski-Hotel-Krasicki-Habitacion-640x427.jpg 640w\" sizes=\"auto, (max-width: 800px) 100vw, 800px\" \/><figcaption class=\"wp-element-caption\">Nuestra habitaci\u00f3n en el Hotel Krasicki<\/figcaption><\/figure>\n<\/div>\n\n\n<p class=\"wp-block-paragraph\">En <strong>Lidzbark Warmi\u0144ski<\/strong> pasamos la noche, junto al castillo de los obispos de Varmia, donde Cop\u00e9rnico vivi\u00f3 diez a\u00f1os. Bueno, no junto al castillo, en uno de sus edificios. Concretamente en el <strong>castillo bajo<\/strong> que, en el siglo XIV, serv\u00eda de defensa, y hoy se ha transformado en el <a href=\"https:\/\/www.booking.com\/hotel\/pl\/krasicki-olsztyn.es.html\" target=\"_blank\" rel=\"nofollow noopener sponsored\"><strong>Hotel Krasicki<\/strong><\/a>. Dormir\u00e1s entre paredes de ladrillo con casi cinco siglos de historia y podr\u00e1s disfrutar de su <em>spa<\/em>.<\/p>\n\n\n\n<p class=\"wp-block-paragraph\">La joya de Varmia, la residencia m\u00e1s longeva de Cop\u00e9rnico, el lugar donde se par\u00f3 el Sol\u2026 La <strong>Colina de la Catedral de Frombork<\/strong> no te va a defraudar.<\/p>\n\n\n<div class=\"cajaVenta\">\n<p>\u00bfQuieres <strong>viajar a Polonia<\/strong>? Aqu\u00ed puedes hacerlo:<\/p>\n<ul class=\"avion\">\n \t<li>Busca tu <strong>vuelo m\u00e1s barato<\/strong> a Polonia <a title=\"Vuelos baratos\" href=\"https:\/\/www.skyscanner.net\/g\/referrals\/v1\/flights\/cheap-flights-to?adId=1100662&amp;campaignId=13416&amp;currency=EUR&amp;destination=WAW&amp;locale=es-ES&amp;market=ES&amp;mediaPartnerId=1205554\" target=\"_blank\" rel=\"sponsored nofollow noopener noreferrer\">aqu\u00ed<\/a>.<\/li>\n<\/ul>\n<ul class=\"hotel\">\n \t<li>Escoge el <strong>hotel que m\u00e1s te guste al mejor precio<\/strong> en Varsovia <a title=\"Reserva tu hotel al mejor precio\" href=\"https:\/\/www.booking.com\/searchresults.es.html?auth_success=1;si=ai%2Cco%2Cci%2Cre%2Cdi;label=opensearch-plugin;ss=polonia&amp;aid=844890&amp;no_rooms=1&amp;group_adults=2\" target=\"_blank\" rel=\"sponsored nofollow noopener noreferrer\">aqu\u00ed<\/a>.<\/li>\n<\/ul>\n<ul class=\"coche\">\n \t<li><strong>Alquila el coche<\/strong> al mejor precio en Polonia <a title=\"Alquila tu coche al mejor precio\" href=\"https:\/\/www.booking.com\/cars\/index.html?aid=844890\" target=\"_blank\" rel=\"sponsored nofollow noopener noreferrer\">aqu\u00ed<\/a>.<\/li>\n<\/ul>\n<ul class=\"guias\">\n \t<li>Hazte con las <strong>mejores gu\u00edas<\/strong> de Polonia <a title=\"Compra tu gu\u00eda de viaje al mejor precio\" href=\"https:\/\/amzn.to\/2fR5YBW\" target=\"_blank\" rel=\"sponsored nofollow noopener noreferrer\">aqu\u00ed<\/a>.<\/li>\n<\/ul>\n<ul class=\"tour\">\n \t<li>Contrata tu <strong><em>tour<\/em> guiado en Polonia<\/strong> <a href=\"https:\/\/www.civitatis.com\/es\/polonia\/?aid=1259\" target=\"_blank\" rel=\"sponsored nofollow noopener noreferrer\">aqu\u00ed<\/a>.<\/li>\n<\/ul>\n<ul class=\"seguro\">\n \t<li>Contrata tu <strong>seguro de viaje con un 5% de descuento<\/strong> <a title=\"Contrata tu seguro de viaje al mejor precio\" href=\"https:\/\/www.iatiseguros.com\/contrato_agencia.phtml?id=447&amp;r=21058501929524\" target=\"_blank\" rel=\"sponsored nofollow noopener noreferrer\">aqu\u00ed<\/a>.<\/li>\n<\/ul>\n<ul class=\"tarjeta\">\n        <li>Hazte con la <strong>mejor tarjeta de viaje y recibe 10 \u20ac de recompensa<\/strong> <a href=\"https:\/\/revolut.ngih.net\/c\/1205554\/1576621\/9626\" target=\"_blank\" rel=\"sponsored nofollow noopener noreferrer noindex\">aqu\u00ed<\/a>.<\/li>\n<\/ul>\n<\/div>","protected":false},"excerpt":{"rendered":"<p>A orillas del mar B\u00e1ltico se levanta un castillo alrededor de una catedral desde el siglo XIII. Solo por el conjunto de la Colina de la Catedral y su intensa historia de batallas y conquistas habr\u00eda que visitar Frombork. Pero es que, adem\u00e1s, Cop\u00e9rnico par\u00f3 el Sol desde all\u00ed. \u00bfQuieres saber m\u00e1s?<\/p>\n","protected":false},"author":2,"featured_media":68305,"comment_status":"open","ping_status":"open","sticky":false,"template":"","format":"standard","meta":{"footnotes":""},"categories":[110,298],"tags":[],"class_list":["post-73576","post","type-post","status-publish","format-standard","has-post-thumbnail","hentry","category-europa","category-polonia"],"_links":{"self":[{"href":"https:\/\/saltaconmigo.com\/blog\/wp-json\/wp\/v2\/posts\/73576","targetHints":{"allow":["GET"]}}],"collection":[{"href":"https:\/\/saltaconmigo.com\/blog\/wp-json\/wp\/v2\/posts"}],"about":[{"href":"https:\/\/saltaconmigo.com\/blog\/wp-json\/wp\/v2\/types\/post"}],"author":[{"embeddable":true,"href":"https:\/\/saltaconmigo.com\/blog\/wp-json\/wp\/v2\/users\/2"}],"replies":[{"embeddable":true,"href":"https:\/\/saltaconmigo.com\/blog\/wp-json\/wp\/v2\/comments?post=73576"}],"version-history":[{"count":1,"href":"https:\/\/saltaconmigo.com\/blog\/wp-json\/wp\/v2\/posts\/73576\/revisions"}],"predecessor-version":[{"id":73594,"href":"https:\/\/saltaconmigo.com\/blog\/wp-json\/wp\/v2\/posts\/73576\/revisions\/73594"}],"wp:featuredmedia":[{"embeddable":true,"href":"https:\/\/saltaconmigo.com\/blog\/wp-json\/wp\/v2\/media\/68305"}],"wp:attachment":[{"href":"https:\/\/saltaconmigo.com\/blog\/wp-json\/wp\/v2\/media?parent=73576"}],"wp:term":[{"taxonomy":"category","embeddable":true,"href":"https:\/\/saltaconmigo.com\/blog\/wp-json\/wp\/v2\/categories?post=73576"},{"taxonomy":"post_tag","embeddable":true,"href":"https:\/\/saltaconmigo.com\/blog\/wp-json\/wp\/v2\/tags?post=73576"}],"curies":[{"name":"wp","href":"https:\/\/api.w.org\/{rel}","templated":true}]}}