{"id":60343,"date":"2023-01-27T09:04:31","date_gmt":"2023-01-27T08:04:31","guid":{"rendered":"https:\/\/saltaconmigo.com\/blog\/?p=60343"},"modified":"2023-09-04T10:31:07","modified_gmt":"2023-09-04T08:31:07","slug":"que-ver-en-ostuni-italia-puglia-mapa","status":"publish","type":"post","link":"https:\/\/saltaconmigo.com\/blog\/2023\/01\/que-ver-en-ostuni-italia-puglia-mapa\/","title":{"rendered":"Qu\u00e9 ver en Ostuni: la ciudad blanca de Puglia"},"content":{"rendered":"\n<p class=\"wp-block-paragraph\">Seguro que te suenan los pu\u200b\u200beblos blancos de Andaluc\u00eda. Pues en <em><strong>Puglia<\/strong><\/em>, el \u201ctac\u00f3n de la bota\u201d de Italia, tienen una prima: la <strong><em>citt\u00e0 bianca<\/em><\/strong>. Hablamos de <strong>Ostuni<\/strong>, una peque\u00f1a ciudad de casitas encaladas rodeada de olivares que bajan hasta el mar. \u00bfOlivares? \u00bfMar? S\u00ed, siguen las similitudes con Andaluc\u00eda. Al fin y al cabo, estamos en el Mediterr\u00e1neo.<\/p>\n\n\n<div class=\"wp-block-image wp-image-55417 size-full\">\n<figure class=\"aligncenter\"><img loading=\"lazy\" decoding=\"async\" width=\"800\" height=\"534\" src=\"https:\/\/saltaconmigo.com\/blog\/wp-content\/uploads\/2022\/02\/Que-Ver-en-Ostuni-Salto.jpg\" alt=\"Que Ver en Ostuni Salto\" class=\"wp-image-55417\" srcset=\"https:\/\/saltaconmigo.com\/blog\/wp-content\/uploads\/2022\/02\/Que-Ver-en-Ostuni-Salto.jpg 800w, https:\/\/saltaconmigo.com\/blog\/wp-content\/uploads\/2022\/02\/Que-Ver-en-Ostuni-Salto-300x200.jpg 300w, https:\/\/saltaconmigo.com\/blog\/wp-content\/uploads\/2022\/02\/Que-Ver-en-Ostuni-Salto-768x513.jpg 768w, https:\/\/saltaconmigo.com\/blog\/wp-content\/uploads\/2022\/02\/Que-Ver-en-Ostuni-Salto-626x418.jpg 626w, https:\/\/saltaconmigo.com\/blog\/wp-content\/uploads\/2022\/02\/Que-Ver-en-Ostuni-Salto-409x272.jpg 409w, https:\/\/saltaconmigo.com\/blog\/wp-content\/uploads\/2022\/02\/Que-Ver-en-Ostuni-Salto-640x427.jpg 640w\" sizes=\"auto, (max-width: 800px) 100vw, 800px\" \/><figcaption class=\"wp-element-caption\">Saltando en una calle de Ostuni<\/figcaption><\/figure>\n<\/div>\n\n\n<p class=\"wp-block-paragraph\">Al llegar a Ostuni en autob\u00fas, despu\u00e9s de los olivares, apareci\u00f3 esa postal perfecta de la <strong>ciudad blanca de Apulia<\/strong>. Pero esta peque\u00f1a ciudad es mucho m\u00e1s que una postal. Tras cruzar la antigua muralla aragonesa \u2013s\u00ed, \u00a1aragonesa!\u2013 descubrimos que hay mucho <strong>que ver en Ostuni<\/strong>. Bueno, que ver y que degustar, que se come de vicio. <em>Orecchiette<\/em>, <em>burrata<\/em>, <em>polpette<\/em> \u2013alb\u00f3ndigas\u2013, <em>taralli<\/em>\u2026 \u00bfqui\u00e9n da m\u00e1s?<\/p>\n\n\n\n<p class=\"wp-block-paragraph\">Ven con nosotros a descubrir todos los monumentos que hay <strong>que visitar en Ostuni<\/strong>, d\u00f3nde encontrar esa postal perfecta, d\u00f3nde <strong>degustar sus platos t\u00edpicos<\/strong> y todo lo que no puedes perderte en una de las etapas m\u00e1s bonitas de nuestra <a href=\"https:\/\/saltaconmigo.com\/blog\/2022\/02\/ruta-por-puglia-de-7-dias\/\"><strong>ruta por Puglia en transporte p\u00fablico<\/strong><\/a>. Playas incluidas, porque s\u00ed, tambi\u00e9n hay <strong>playas en Ostuni<\/strong> para elegir.<\/p>\n\n\n\n<h2 class=\"wp-block-heading\">Qu\u00e9 ver en Ostuni<\/h2>\n\n\n\n<p class=\"wp-block-paragraph\"><strong>Ostuni<\/strong> se divide en dos partes: el centro, con <strong>sus monumentos y sus casitas encaladas<\/strong>, y la <strong>Marina<\/strong>, con sus <strong>playas<\/strong>. Primero nos vamos al centro, donde est\u00e1 la mayor\u00eda de <strong>lugares que visitar en Ostuni<\/strong>. Aqu\u00ed los tienes todos o, por lo menos, los m\u00e1s importantes.<\/p>\n\n\n\n<h3 class=\"wp-block-heading\">La Plaza de la Libertad y el obelisco de San Oronzo<\/h3>\n\n\n\n<p class=\"wp-block-paragraph\">\u00bfLo primero <strong>que ver en Ostuni<\/strong>? Sin duda, la <strong>Plaza de la Libertad<\/strong>, <strong><em>Piazza della Libert\u00e0<\/em><\/strong> en italiano. Es la <strong>plaza principal de la ciudad<\/strong>, la m\u00e1s animada, con sus bares y caf\u00e9s, y el punto de encuentro m\u00e1s habitual de los locales. Desde luego, fue lo primero que nos llam\u00f3 la atenci\u00f3n tras bajar del autob\u00fas antes de meternos por las callejuelas del casco hist\u00f3rico. Y no fue por esa animaci\u00f3n \u2013que en invierno, cuando fuimos nosotros, no era tanta\u2013, sino por su obelisco barroco de casi 21 metros de altura. Es el <strong>obelisco de <em>Sant\u2019Oronzo<\/em><\/strong>, el santo patrono de la ciudad que, seg\u00fan la tradici\u00f3n, la habr\u00eda protegido de la peste en 1657. S\u00ed, has adivinado, la estatua del santo en lo alto del obelisco representa a San Oronzo, bendiciendo y protegiendo Ostuni.<\/p>\n\n\n<div class=\"wp-block-image wp-image-60353 size-full\">\n<figure class=\"aligncenter\"><img loading=\"lazy\" decoding=\"async\" width=\"800\" height=\"534\" src=\"https:\/\/saltaconmigo.com\/blog\/wp-content\/uploads\/2023\/01\/Que-Ver-En-Ostuni-Plaza-Libertad-Obelisco-San-Oronzo.jpg\" alt=\"Que Ver En Ostuni Plaza Libertad Obelisco San Oronzo\" class=\"wp-image-60353\" srcset=\"https:\/\/saltaconmigo.com\/blog\/wp-content\/uploads\/2023\/01\/Que-Ver-En-Ostuni-Plaza-Libertad-Obelisco-San-Oronzo.jpg 800w, https:\/\/saltaconmigo.com\/blog\/wp-content\/uploads\/2023\/01\/Que-Ver-En-Ostuni-Plaza-Libertad-Obelisco-San-Oronzo-300x200.jpg 300w, https:\/\/saltaconmigo.com\/blog\/wp-content\/uploads\/2023\/01\/Que-Ver-En-Ostuni-Plaza-Libertad-Obelisco-San-Oronzo-768x513.jpg 768w, https:\/\/saltaconmigo.com\/blog\/wp-content\/uploads\/2023\/01\/Que-Ver-En-Ostuni-Plaza-Libertad-Obelisco-San-Oronzo-626x418.jpg 626w, https:\/\/saltaconmigo.com\/blog\/wp-content\/uploads\/2023\/01\/Que-Ver-En-Ostuni-Plaza-Libertad-Obelisco-San-Oronzo-409x272.jpg 409w, https:\/\/saltaconmigo.com\/blog\/wp-content\/uploads\/2023\/01\/Que-Ver-En-Ostuni-Plaza-Libertad-Obelisco-San-Oronzo-640x427.jpg 640w\" sizes=\"auto, (max-width: 800px) 100vw, 800px\" \/><figcaption class=\"wp-element-caption\">El obelisco de San Oronzo en la Plaza de la Libertad de Ostuni<\/figcaption><\/figure>\n<\/div>\n\n\n<div class=\"rinconSC\">\n<p><span class=\"titulo\">\u00bfSab\u00edas que&#8230;?<\/span><\/p>\n<hr>\n<p>Parece que en ese mismo 1657 se originaron las fiestas patronales de Ostuni, que se siguen celebrando a finales de agosto \u201325, 26 y 27 para ser exactos\u2013. Hay una gran procesi\u00f3n de caballeros, la <em>Cavalcata di Sant\u2019Oronzo<\/em>, que llevan una figura del santo desde su santuario, en las afueras de la ciudad, hasta la plaza de la catedral. Lo m\u00e1s curioso son las mantas de los caballos, rojas para recordar la sangre del martirio y decoradas con arabescos y cientos de lentejuelas.<\/p>\n<\/div>\n\n\n\n<p class=\"wp-block-paragraph\">En la Plaza de la Libertad es tambi\u00e9n donde se alza el <strong>palacio municipal de Ostuni<\/strong>, el neocl\u00e1sico <strong>Palacio de San Francisco<\/strong>, antiguo convento franciscano. A su lado, de hecho, est\u00e1 la <strong>iglesia de San Francisco<\/strong>. No dejes de acercarte a las estatuas de San Francisco y San Antonio y cruzar el umbral de la iglesia entre ellas.<\/p>\n\n\n<div class=\"wp-block-image wp-image-60352 size-full\">\n<figure class=\"aligncenter\"><img loading=\"lazy\" decoding=\"async\" width=\"800\" height=\"534\" src=\"https:\/\/saltaconmigo.com\/blog\/wp-content\/uploads\/2023\/01\/Que-Ver-En-Ostuni-Plaza-Libertad.jpg\" alt=\"Que Ver En Ostuni Plaza Libertad\" class=\"wp-image-60352\" srcset=\"https:\/\/saltaconmigo.com\/blog\/wp-content\/uploads\/2023\/01\/Que-Ver-En-Ostuni-Plaza-Libertad.jpg 800w, https:\/\/saltaconmigo.com\/blog\/wp-content\/uploads\/2023\/01\/Que-Ver-En-Ostuni-Plaza-Libertad-300x200.jpg 300w, https:\/\/saltaconmigo.com\/blog\/wp-content\/uploads\/2023\/01\/Que-Ver-En-Ostuni-Plaza-Libertad-768x513.jpg 768w, https:\/\/saltaconmigo.com\/blog\/wp-content\/uploads\/2023\/01\/Que-Ver-En-Ostuni-Plaza-Libertad-626x418.jpg 626w, https:\/\/saltaconmigo.com\/blog\/wp-content\/uploads\/2023\/01\/Que-Ver-En-Ostuni-Plaza-Libertad-409x272.jpg 409w, https:\/\/saltaconmigo.com\/blog\/wp-content\/uploads\/2023\/01\/Que-Ver-En-Ostuni-Plaza-Libertad-640x427.jpg 640w\" sizes=\"auto, (max-width: 800px) 100vw, 800px\" \/><figcaption class=\"wp-element-caption\">El Palacio de San Francisco y la iglesia de San Francisco<\/figcaption><\/figure>\n<\/div>\n\n\n<h3 class=\"wp-block-heading\">La muralla aragonesa<\/h3>\n\n\n\n<p class=\"wp-block-paragraph\">Ostuni estuvo en su d\u00eda totalmente rodeado por una <strong>muralla<\/strong>. Una muralla que, entre otros, levantaron los <strong>Anjou<\/strong> \u2013en el siglo XIV para proteger la ciudad de los sarracenos\u2013 y los <strong>aragoneses<\/strong> \u2013en el siglo XV para protegerla de los turcos y los piratas\u2013. De ah\u00ed el nombre de \u201c<strong>muralla aragonesa<\/strong>\u201d que, a lo mejor, te sorprende un poco. Es un \u201crecuerdo\u201d de la \u00e9poca en la que el Reino de N\u00e1poles \u2013y, por ende, Apulia\u2013, estaba bajo el dominio del Reino de Arag\u00f3n.<\/p>\n\n\n<div class=\"wp-block-image wp-image-60354 size-full\">\n<figure class=\"aligncenter\"><img loading=\"lazy\" decoding=\"async\" width=\"800\" height=\"534\" src=\"https:\/\/saltaconmigo.com\/blog\/wp-content\/uploads\/2023\/01\/Que-Ver-En-Ostuni-Muralla-Aragonesa.jpg\" alt=\"Que Ver En Ostuni Muralla Aragonesa\" class=\"wp-image-60354\" srcset=\"https:\/\/saltaconmigo.com\/blog\/wp-content\/uploads\/2023\/01\/Que-Ver-En-Ostuni-Muralla-Aragonesa.jpg 800w, https:\/\/saltaconmigo.com\/blog\/wp-content\/uploads\/2023\/01\/Que-Ver-En-Ostuni-Muralla-Aragonesa-300x200.jpg 300w, https:\/\/saltaconmigo.com\/blog\/wp-content\/uploads\/2023\/01\/Que-Ver-En-Ostuni-Muralla-Aragonesa-768x513.jpg 768w, https:\/\/saltaconmigo.com\/blog\/wp-content\/uploads\/2023\/01\/Que-Ver-En-Ostuni-Muralla-Aragonesa-626x418.jpg 626w, https:\/\/saltaconmigo.com\/blog\/wp-content\/uploads\/2023\/01\/Que-Ver-En-Ostuni-Muralla-Aragonesa-409x272.jpg 409w, https:\/\/saltaconmigo.com\/blog\/wp-content\/uploads\/2023\/01\/Que-Ver-En-Ostuni-Muralla-Aragonesa-640x427.jpg 640w\" sizes=\"auto, (max-width: 800px) 100vw, 800px\" \/><figcaption class=\"wp-element-caption\">Parte de la muralla aragonesa<\/figcaption><\/figure>\n<\/div>\n\n\n<p class=\"wp-block-paragraph\">La muralla se mantuvo intacta hasta 1743, cuando la zona fue golpeada por un gran <strong>terremoto<\/strong>. Algunas partes se tiraron y otras se englobaron en nuevos edificios. Pero, que no cunda el p\u00e1nico, aunque ya no rodea todo el casco hist\u00f3rico, quedan pa\u00f1os bien conservados: el m\u00e1s grande, entre <em>Porta Nuova<\/em> y el <em>Palazzo Scalona<\/em>.<\/p>\n\n\n\n<h3 class=\"wp-block-heading\">Las callejuelas del casco hist\u00f3rico<\/h3>\n\n\n\n<p class=\"wp-block-paragraph\">\u00bfY qu\u00e9 tienes <strong>que ver en Ostuni dentro de su casco hist\u00f3rico<\/strong>? Pues hay plazas, iglesias, palacios y museos dignos de visitar, como en muchas otras ciudades europeas. Pero lo mejor es recorrer sin rumbo sus <strong>callejuelas<\/strong>. Subir las <strong>escalinatas<\/strong>, pasar bajo los <strong>arcos<\/strong> y asomarse a las <strong>terrazas panor\u00e1micas<\/strong> buscando la foto y el instante perfectos. \u00a1Siempre con fondo blanco, claro!<\/p>\n\n\n<div class=\"wp-block-image wp-image-55434 size-full\">\n<figure class=\"aligncenter\"><img loading=\"lazy\" decoding=\"async\" width=\"800\" height=\"534\" src=\"https:\/\/saltaconmigo.com\/blog\/wp-content\/uploads\/2022\/02\/Que-Ver-En-Ostuni-Calle.jpg\" alt=\"Que Ver En Ostuni Calle\" class=\"wp-image-55434\" srcset=\"https:\/\/saltaconmigo.com\/blog\/wp-content\/uploads\/2022\/02\/Que-Ver-En-Ostuni-Calle.jpg 800w, https:\/\/saltaconmigo.com\/blog\/wp-content\/uploads\/2022\/02\/Que-Ver-En-Ostuni-Calle-300x200.jpg 300w, https:\/\/saltaconmigo.com\/blog\/wp-content\/uploads\/2022\/02\/Que-Ver-En-Ostuni-Calle-768x513.jpg 768w, https:\/\/saltaconmigo.com\/blog\/wp-content\/uploads\/2022\/02\/Que-Ver-En-Ostuni-Calle-626x418.jpg 626w, https:\/\/saltaconmigo.com\/blog\/wp-content\/uploads\/2022\/02\/Que-Ver-En-Ostuni-Calle-409x272.jpg 409w, https:\/\/saltaconmigo.com\/blog\/wp-content\/uploads\/2022\/02\/Que-Ver-En-Ostuni-Calle-640x427.jpg 640w\" sizes=\"auto, (max-width: 800px) 100vw, 800px\" \/><figcaption class=\"wp-element-caption\">Una callejuela de Ostuni<\/figcaption><\/figure>\n<\/div>\n\n\n<p class=\"wp-block-paragraph\">Una de nuestras callejuelas favoritas es la <em><strong>Via Bixio Continelli<\/strong><\/em>, con sus arcos y la peque\u00f1a iglesia de Santiago. Y lo de callejuelas no es una forma de hablar, son todas muy estrechas y muchas no tienen salida. La \u00fanica calle que se puede definir como tal es la <em><strong>Via Cattedrale<\/strong><\/em>, la calle principal, que separa en dos el casco hist\u00f3rico y llega, sorpresa sorpresa, hasta la catedral.<\/p>\n\n\n<div class=\"wp-block-image wp-image-60356 size-full\">\n<figure class=\"aligncenter\"><img loading=\"lazy\" decoding=\"async\" width=\"800\" height=\"533\" src=\"https:\/\/saltaconmigo.com\/blog\/wp-content\/uploads\/2023\/01\/Que-Ver-En-Ostuni-Porta-Blu.jpg\" alt=\"Que Ver En Ostuni Porta Blu\" class=\"wp-image-60356\" srcset=\"https:\/\/saltaconmigo.com\/blog\/wp-content\/uploads\/2023\/01\/Que-Ver-En-Ostuni-Porta-Blu.jpg 800w, https:\/\/saltaconmigo.com\/blog\/wp-content\/uploads\/2023\/01\/Que-Ver-En-Ostuni-Porta-Blu-300x200.jpg 300w, https:\/\/saltaconmigo.com\/blog\/wp-content\/uploads\/2023\/01\/Que-Ver-En-Ostuni-Porta-Blu-768x512.jpg 768w, https:\/\/saltaconmigo.com\/blog\/wp-content\/uploads\/2023\/01\/Que-Ver-En-Ostuni-Porta-Blu-626x418.jpg 626w, https:\/\/saltaconmigo.com\/blog\/wp-content\/uploads\/2023\/01\/Que-Ver-En-Ostuni-Porta-Blu-409x272.jpg 409w, https:\/\/saltaconmigo.com\/blog\/wp-content\/uploads\/2023\/01\/Que-Ver-En-Ostuni-Porta-Blu-640x427.jpg 640w\" sizes=\"auto, (max-width: 800px) 100vw, 800px\" \/><figcaption class=\"wp-element-caption\">La Porta Blu<\/figcaption><\/figure>\n<\/div>\n\n\n<p class=\"wp-block-paragraph\">Cerca de la catedral hay tres rincones \u201ccl\u00e1sicos\u201d del <strong>casco hist\u00f3rico de Ostuni<\/strong> que no puedes perderte. Uno es el <em><strong>Arco Scoppa<\/strong><\/em>, que enmarca la fachada de la catedral en una de las postales m\u00e1s cl\u00e1sicas de Ostuni. Otro, la <em><strong>Porta Blu<\/strong><\/em>, la puerta azul de un edificio blanco \u2013un alojamiento tur\u00edstico\u2013 que se ha convertido en uno de los rincones m\u00e1s <em>instagrameados<\/em>&nbsp;de la ciudad. Y el \u00faltimo es la <strong>vista panor\u00e1mica<\/strong> que hay junto a ella, que da hacia el mar.<\/p>\n\n\n<div class=\"wp-block-image wp-image-60355 size-full\">\n<figure class=\"aligncenter\"><img loading=\"lazy\" decoding=\"async\" width=\"800\" height=\"534\" src=\"https:\/\/saltaconmigo.com\/blog\/wp-content\/uploads\/2023\/01\/Que-Ver-En-Ostuni-Arco-Scoppa.jpg\" alt=\"Que Ver En Ostuni Arco Scoppa\" class=\"wp-image-60355\" srcset=\"https:\/\/saltaconmigo.com\/blog\/wp-content\/uploads\/2023\/01\/Que-Ver-En-Ostuni-Arco-Scoppa.jpg 800w, https:\/\/saltaconmigo.com\/blog\/wp-content\/uploads\/2023\/01\/Que-Ver-En-Ostuni-Arco-Scoppa-300x200.jpg 300w, https:\/\/saltaconmigo.com\/blog\/wp-content\/uploads\/2023\/01\/Que-Ver-En-Ostuni-Arco-Scoppa-768x513.jpg 768w, https:\/\/saltaconmigo.com\/blog\/wp-content\/uploads\/2023\/01\/Que-Ver-En-Ostuni-Arco-Scoppa-626x418.jpg 626w, https:\/\/saltaconmigo.com\/blog\/wp-content\/uploads\/2023\/01\/Que-Ver-En-Ostuni-Arco-Scoppa-409x272.jpg 409w, https:\/\/saltaconmigo.com\/blog\/wp-content\/uploads\/2023\/01\/Que-Ver-En-Ostuni-Arco-Scoppa-640x427.jpg 640w\" sizes=\"auto, (max-width: 800px) 100vw, 800px\" \/><figcaption class=\"wp-element-caption\">El Arco Scoppa, el Puente de los Suspiros de Ostuni<\/figcaption><\/figure>\n<\/div>\n\n\n<div class=\"rinconSC\">\n<p><span class=\"titulo\">\u00bfSab\u00edas que&#8230;?<\/span><\/p>\n<hr>\n<p>El <em>Arco Scoppa<\/em>, que une el palacio episcopal con el del antiguo seminario, es de 1750 y sustituye uno anterior en madera. Lo mand\u00f3 construir en estilo barroco el arzobispo Scoppa y parece, aunque no sabemos cu\u00e1nta verdad habr\u00e1 en ello, que est\u00e1 inspirado \u00a1en el Puente de los Suspiros de <a href=\"https:\/\/saltaconmigo.com\/blog\/2020\/04\/que-ver-en-venecia-en-3-dias\/\">Venecia<\/a>! Nosotros no le vemos mucho el parecido, la verdad.<\/p>\n<\/div>\n\n\n\n<h3 class=\"wp-block-heading\">La catedral de Ostuni<\/h3>\n\n\n\n<p class=\"wp-block-paragraph\">El monumento m\u00e1s importante de la ciudad es la <strong><em>Cattedrale di Ostuni<\/em><\/strong>, en realidad <em>Concattedrale di Santa Maria dell&#8217;Assunzione<\/em>. Si te preguntas qu\u00e9 edificio tienes <strong>que visitar en Ostuni<\/strong>\u2026 ya sabes. Eso s\u00ed, su horario, sobre todo en invierno, es un poco \u201cflexible\u201d. Un paisano tiene la llave para abrirlo y lo de respetar el horario de apertura pues, no siempre se cumple. T\u00f3matelo con calma.<\/p>\n\n\n<div class=\"wp-block-image wp-image-60357 size-full\">\n<figure class=\"aligncenter\"><img loading=\"lazy\" decoding=\"async\" width=\"800\" height=\"534\" src=\"https:\/\/saltaconmigo.com\/blog\/wp-content\/uploads\/2023\/01\/Que-Ver-En-Ostuni-Catedral-Fachada.jpg\" alt=\"Que Ver En Ostuni Catedral Fachada\" class=\"wp-image-60357\" srcset=\"https:\/\/saltaconmigo.com\/blog\/wp-content\/uploads\/2023\/01\/Que-Ver-En-Ostuni-Catedral-Fachada.jpg 800w, https:\/\/saltaconmigo.com\/blog\/wp-content\/uploads\/2023\/01\/Que-Ver-En-Ostuni-Catedral-Fachada-300x200.jpg 300w, https:\/\/saltaconmigo.com\/blog\/wp-content\/uploads\/2023\/01\/Que-Ver-En-Ostuni-Catedral-Fachada-768x513.jpg 768w, https:\/\/saltaconmigo.com\/blog\/wp-content\/uploads\/2023\/01\/Que-Ver-En-Ostuni-Catedral-Fachada-626x418.jpg 626w, https:\/\/saltaconmigo.com\/blog\/wp-content\/uploads\/2023\/01\/Que-Ver-En-Ostuni-Catedral-Fachada-409x272.jpg 409w, https:\/\/saltaconmigo.com\/blog\/wp-content\/uploads\/2023\/01\/Que-Ver-En-Ostuni-Catedral-Fachada-640x427.jpg 640w\" sizes=\"auto, (max-width: 800px) 100vw, 800px\" \/><figcaption class=\"wp-element-caption\">La fachada de la catedral<\/figcaption><\/figure>\n<\/div>\n\n\n<p class=\"wp-block-paragraph\">En cualquier caso, ya el exterior no tiene desperdicio, desde la <strong>fachada tardog\u00f3tica<\/strong> con su curiosa forma y sus tres portales y tres rosetones, hasta su <strong>c\u00fapula de may\u00f3lica de colores<\/strong>. El interior se retoc\u00f3 en los siglos XVIII y XIX y hay unas cuantas capillas con obras barrocas.<\/p>\n\n\n<div class=\"wp-block-image wp-image-60358 size-full\">\n<figure class=\"aligncenter\"><img loading=\"lazy\" decoding=\"async\" width=\"800\" height=\"534\" src=\"https:\/\/saltaconmigo.com\/blog\/wp-content\/uploads\/2023\/01\/Que-Ver-En-Ostuni-Catedral-Interior-Ojo-Pez.jpg\" alt=\"Que Ver En Ostuni Catedral Interior Ojo Pez\" class=\"wp-image-60358\" srcset=\"https:\/\/saltaconmigo.com\/blog\/wp-content\/uploads\/2023\/01\/Que-Ver-En-Ostuni-Catedral-Interior-Ojo-Pez.jpg 800w, https:\/\/saltaconmigo.com\/blog\/wp-content\/uploads\/2023\/01\/Que-Ver-En-Ostuni-Catedral-Interior-Ojo-Pez-300x200.jpg 300w, https:\/\/saltaconmigo.com\/blog\/wp-content\/uploads\/2023\/01\/Que-Ver-En-Ostuni-Catedral-Interior-Ojo-Pez-768x513.jpg 768w, https:\/\/saltaconmigo.com\/blog\/wp-content\/uploads\/2023\/01\/Que-Ver-En-Ostuni-Catedral-Interior-Ojo-Pez-626x418.jpg 626w, https:\/\/saltaconmigo.com\/blog\/wp-content\/uploads\/2023\/01\/Que-Ver-En-Ostuni-Catedral-Interior-Ojo-Pez-409x272.jpg 409w, https:\/\/saltaconmigo.com\/blog\/wp-content\/uploads\/2023\/01\/Que-Ver-En-Ostuni-Catedral-Interior-Ojo-Pez-640x427.jpg 640w\" sizes=\"auto, (max-width: 800px) 100vw, 800px\" \/><figcaption class=\"wp-element-caption\">El interior de la catedral con el ojo de pez<\/figcaption><\/figure>\n<\/div>\n\n\n<h3 class=\"wp-block-heading\">Los museos, \u00bfs\u00ed o no?<\/h3>\n\n\n\n<p class=\"wp-block-paragraph\">Junto a la catedral, en el antiguo palacio episcopal, est\u00e1 el <a href=\"https:\/\/museodiocesanoostuni.it\/\" target=\"_blank\" rel=\"noopener\"><strong>Museo Diocesano<\/strong><\/a>. Nosotros no entramos, pero nos enteramos despu\u00e9s de la existencia de una obra muy curiosa que se conserva aqu\u00ed: el <strong><a href=\"https:\/\/museodiocesanoostuni.it\/la-collezione\/il-crocifisso-anatomico-in-cera\/\" target=\"_blank\" rel=\"noopener\">Crucifijo anat\u00f3mico en cera<\/a><\/strong>. Un crucifijo en cera de finales del siglo XVII &#8211; principios del XVIII con una \u201cpuertecilla\u201d en el abdomen que deja ver el coraz\u00f3n, los pulmones, el intestino y la caja tor\u00e1cica. No sabemos si merece la pena la visita solo por \u00e9l, pero curioso es un rato\u2026 Tambi\u00e9n hay piezas arqueol\u00f3gicas y los t\u00edpicos paramentos lit\u00fargicos de los museos diocesanos.<\/p>\n\n\n\n<p class=\"wp-block-paragraph\">Tampoco entramos en el otro museo del casco hist\u00f3rico, el <a href=\"https:\/\/www.ostunimuseo.it\/museo-civico\/\" target=\"_blank\" rel=\"noopener\"><strong>Museo C\u00edvico de Ostuni<\/strong><\/a>, ubicado en la iglesia de San Vito M\u00e1rtir \u2013la otra iglesia con c\u00fapula de may\u00f3lica de colores\u2013 y en el exmonasterio carmelita de Santa Mar\u00eda Magdalena de los Pazzi. Es un museo arqueol\u00f3gico con restos encontrados en yacimientos de los alrededores de Ostuni. Aqu\u00ed tambi\u00e9n hay una pieza muy curiosa: el <strong>esqueleto de la mujer embarazada m\u00e1s antiguo encontrado en todo el mundo<\/strong>. Nada menos que de hace unos 25.000 a\u00f1os, del Paleol\u00edtico. Es la llamada \u201cmujer de Ostuni\u201d o \u201cDelia\u201d y tambi\u00e9n hay una reconstrucci\u00f3n del enterramiento donde se encontr\u00f3.<\/p>\n\n\n\n<p class=\"wp-block-paragraph\">Probablemente, como nosotros, no tengas tiempo para ellos si est\u00e1s dando vueltas por toda la regi\u00f3n de Puglia. Pero no quer\u00edamos dejar de mencionar estas dos piezas tan curiosas para que no te pase como a nosotros, que nos enteramos a posteriori.<\/p>\n\n\n\n<h3 class=\"wp-block-heading\">La vista panor\u00e1mica de Ostuni al amanecer y al atardecer<\/h3>\n\n\n\n<p class=\"wp-block-paragraph\">Cuando buscamos informaci\u00f3n sobre <strong>lugares que visitar en Ostuni<\/strong>, nadie mencionaba desde d\u00f3nde ver la <strong>panor\u00e1mica que sale en todas las postales de la ciudad<\/strong>. Y es que, si el casco hist\u00f3rico es bonito desde dentro, desde lejos y con algo de perspectiva puede que lo sea a\u00fan m\u00e1s. Esa colinita de edificios blancos que nace en la muralla y est\u00e1 coronada por la catedral es todo un cl\u00e1sico de Puglia. Ten\u00edamos que <strong>encontrar el lugar desde donde Ostuni luc\u00eda m\u00e1s<\/strong> que en ninguno su apodo de ciudad blanca. As\u00ed que preguntamos en el hotel y, al final, encontramos el sitio, bueno, los sitios: la <strong><em>Piazzetta Martiri delle Foibe<\/em><\/strong> y una callejuela cercana. Te indicamos ambas en el <strong><a href=\"#mapa\">mapa de Ostuni<\/a><\/strong>.<\/p>\n\n\n<div class=\"wp-block-image wp-image-60350 size-full\">\n<figure class=\"aligncenter\"><img loading=\"lazy\" decoding=\"async\" width=\"800\" height=\"534\" src=\"https:\/\/saltaconmigo.com\/blog\/wp-content\/uploads\/2023\/01\/Que-Ver-En-Ostuni-Mirador-Amanecer.jpg\" alt=\"Que Ver En Ostuni Mirador Amanecer\" class=\"wp-image-60350\" srcset=\"https:\/\/saltaconmigo.com\/blog\/wp-content\/uploads\/2023\/01\/Que-Ver-En-Ostuni-Mirador-Amanecer.jpg 800w, https:\/\/saltaconmigo.com\/blog\/wp-content\/uploads\/2023\/01\/Que-Ver-En-Ostuni-Mirador-Amanecer-300x200.jpg 300w, https:\/\/saltaconmigo.com\/blog\/wp-content\/uploads\/2023\/01\/Que-Ver-En-Ostuni-Mirador-Amanecer-768x513.jpg 768w, https:\/\/saltaconmigo.com\/blog\/wp-content\/uploads\/2023\/01\/Que-Ver-En-Ostuni-Mirador-Amanecer-626x418.jpg 626w, https:\/\/saltaconmigo.com\/blog\/wp-content\/uploads\/2023\/01\/Que-Ver-En-Ostuni-Mirador-Amanecer-409x272.jpg 409w, https:\/\/saltaconmigo.com\/blog\/wp-content\/uploads\/2023\/01\/Que-Ver-En-Ostuni-Mirador-Amanecer-640x427.jpg 640w\" sizes=\"auto, (max-width: 800px) 100vw, 800px\" \/><figcaption class=\"wp-element-caption\">Amaneciendo sobre la citt\u00e0 bianca<\/figcaption><\/figure>\n<\/div>\n\n\n<p class=\"wp-block-paragraph\">Y si vas al <strong>amanecer<\/strong>, cuando ese blanco se ti\u00f1e de rojo y rosado, o al atardecer con el cielo torn\u00e1ndose morado&#8230; ya tienes tu imagen inolvidable de Ostuni.<\/p>\n\n\n\n<h2 class=\"wp-block-heading\">Las playas de Ostuni<\/h2>\n\n\n\n<p class=\"wp-block-paragraph\">Nosotros no somos de playas y fuimos por su casco hist\u00f3rico \u2013adem\u00e1s de hacerlo en diciembre\u2013, pero, en Italia, <strong>Ostuni es conocido tambi\u00e9n por sus playas<\/strong>. Su centro mar\u00edtimo, <strong><em>Marina di Ostuni<\/em><\/strong>, tiene diecisiete kil\u00f3metros de costa y una quincena de playas entre <strong>calitas y grandes arenales<\/strong>. Hay dos banderas azules, <em>Lido Fontanelle<\/em> y <em>Creta Rossa<\/em>; dos playas, <em>Lido Morelli<\/em> y <em>Onda Blu<\/em>, en el <strong>Parque Natural Regional de las Dunas Costeras de Torre Canne a Torre San Leonardo<\/strong>; playas m\u00e1s grandes y animadas como <em>Rosa Marina<\/em>; las calitas de la Costa Merlata como <em>Quarto di Monte<\/em>; una playa con torre del siglo XVI, <em>Torre Pozzelle<\/em>\u2026. Vamos, que las tienes para todos los gustos.<\/p>\n\n\n\n<p class=\"wp-block-paragraph\">Adem\u00e1s, al sur de <em>Marina di Ostuni<\/em> hay otra \u00e1rea protegida: la <strong>Reserva Natural de Torre Guaceto<\/strong>, con una peque\u00f1a playa y un centro de recuperaci\u00f3n de tortugas.<\/p>\n\n\n\n<h2 class=\"wp-block-heading\" id=\"mapa\">Mapa con los lugares que visitar en Ostuni<\/h2>\n\n\n\n<p class=\"wp-block-paragraph\">Aqu\u00ed est\u00e1 nuestro cl\u00e1sico mapa. Un <strong>mapa con todos los lugares que ver en Ostuni<\/strong> de los que te hemos hablado. Playas aparte, todo est\u00e1 muy cerca.<\/p>\n\n\n\n<iframe loading=\"lazy\" src=\"https:\/\/www.google.com\/maps\/d\/u\/1\/embed?mid=1pSAQLNac3uRGp_jO38VtAnTg8tN6cuQ\" width=\"850\" height=\"563\" align=\"center\"><\/iframe>\n\n\n\n<h2 class=\"wp-block-heading\">Restaurantes de Ostuni: d\u00f3nde y qu\u00e9 comer<\/h2>\n\n\n\n<p class=\"wp-block-paragraph\">Llega una parte fundamental en cualquier lugar de Italia: <strong>qu\u00e9 y d\u00f3nde comer<\/strong>. Para el qu\u00e9, te recomendamos nuestro art\u00edculo sobre la <a href=\"https:\/\/saltaconmigo.com\/blog\/2022\/01\/comida-tipica-de-puglia-italia\/\"><strong>comida t\u00edpica de Puglia<\/strong><\/a>, con nuestros platos favoritos. Y en cuanto al d\u00f3nde, a nosotros nos encant\u00f3 la <strong>Trattoria Saperi e Sapori<\/strong>, en pleno casco hist\u00f3rico. Platos regionales preparados muy bien, con ingredientes frescos, raciones abundantes \u2013cuidado con pedir demasiado si no eres de mucho comer\u2013, personal muy simp\u00e1tico y precios ajustados. \u00bfQu\u00e9 m\u00e1s se puede pedir? Solo con pensar en esos <strong><em>orecchiette<\/em> con tomate y <em>stracciatella<\/em><\/strong> o <em><strong>con cime di rapa<\/strong><\/em> babeamos\u2026<\/p>\n\n\n<div class=\"wp-block-image wp-image-55157 size-full\">\n<figure class=\"aligncenter\"><img loading=\"lazy\" decoding=\"async\" width=\"800\" height=\"534\" src=\"https:\/\/saltaconmigo.com\/blog\/wp-content\/uploads\/2022\/01\/Platos-Tipicos-Puglia-Orecchiette-Cime-Rapa-Ostuni.jpg\" alt=\"Platos Tipicos Puglia Orecchiette Cime Rapa Ostuni\" class=\"wp-image-55157\" srcset=\"https:\/\/saltaconmigo.com\/blog\/wp-content\/uploads\/2022\/01\/Platos-Tipicos-Puglia-Orecchiette-Cime-Rapa-Ostuni.jpg 800w, https:\/\/saltaconmigo.com\/blog\/wp-content\/uploads\/2022\/01\/Platos-Tipicos-Puglia-Orecchiette-Cime-Rapa-Ostuni-300x200.jpg 300w, https:\/\/saltaconmigo.com\/blog\/wp-content\/uploads\/2022\/01\/Platos-Tipicos-Puglia-Orecchiette-Cime-Rapa-Ostuni-768x513.jpg 768w, https:\/\/saltaconmigo.com\/blog\/wp-content\/uploads\/2022\/01\/Platos-Tipicos-Puglia-Orecchiette-Cime-Rapa-Ostuni-626x418.jpg 626w, https:\/\/saltaconmigo.com\/blog\/wp-content\/uploads\/2022\/01\/Platos-Tipicos-Puglia-Orecchiette-Cime-Rapa-Ostuni-409x272.jpg 409w, https:\/\/saltaconmigo.com\/blog\/wp-content\/uploads\/2022\/01\/Platos-Tipicos-Puglia-Orecchiette-Cime-Rapa-Ostuni-640x427.jpg 640w\" sizes=\"auto, (max-width: 800px) 100vw, 800px\" \/><figcaption class=\"wp-element-caption\">Orecchiette con cime di rapa<\/figcaption><\/figure>\n<\/div>\n\n\n<div class=\"rinconSC\">\n<p><span class=\"titulo\">Rinc\u00f3n Salta Conmigo<\/span><\/p>\n<hr>\n<p>No puedes ir a Puglia sin probar una <strong><em>mozzarella<\/em><\/strong> y una <em><strong>burrata<\/strong><\/em> artesanas reci\u00e9n hechas. Comprobar\u00e1s que no tienen nada que ver con las industriales que encuentras fuera de Italia. Lo bueno de Ostuni es que hay un <em>caseificio<\/em>, queser\u00eda, junto al casco hist\u00f3rico: el <strong>Caseificio Lacarbonara<\/strong>. \u00a1C\u00f3mo estaba esa burrata!<\/p>\n<\/div>\n\n\n\n<h2 class=\"wp-block-heading\">Nuestro hotel: d\u00f3nde dormir<\/h2>\n\n\n\n<p class=\"wp-block-paragraph\">Nuestro hotel, el <a href=\"https:\/\/www.booking.com\/hotel\/it\/rione-antico-la-terra.en.html?aid=844890&amp;no_rooms=1&amp;group_adults=2\" target=\"_blank\" rel=\"sponsored nofollow noopener noreferrer\"><strong>Hotel La Terra<\/strong><\/a>, tambi\u00e9n fue todo un acierto. Ubicaci\u00f3n ideal, en el casco hist\u00f3rico; habitaciones muy c\u00f3modas, en un <strong>antiguo palacio medieval restaurado<\/strong>; personal muy simp\u00e1tico, y un <strong>desayuno delicioso<\/strong> con pasteler\u00eda local, <em>pasticciotti<\/em> incluidos. Si no sabes qu\u00e9 son los <em>pasticciotti<\/em>, lee nuestro art\u00edculo sobre la <a href=\"https:\/\/saltaconmigo.com\/blog\/2022\/01\/comida-tipica-de-puglia-italia\/\">comida t\u00edpica de Puglia<\/a>.<\/p>\n\n\n<div class=\"wp-block-image wp-image-60347 size-full\">\n<figure class=\"aligncenter\"><img loading=\"lazy\" decoding=\"async\" width=\"800\" height=\"533\" src=\"https:\/\/saltaconmigo.com\/blog\/wp-content\/uploads\/2023\/01\/Dormir-En-Ostuni-Hotel-La-Terra-Habitacion.jpg\" alt=\"Dormir En Ostuni Hotel La Terra Habitacion\" class=\"wp-image-60347\" srcset=\"https:\/\/saltaconmigo.com\/blog\/wp-content\/uploads\/2023\/01\/Dormir-En-Ostuni-Hotel-La-Terra-Habitacion.jpg 800w, https:\/\/saltaconmigo.com\/blog\/wp-content\/uploads\/2023\/01\/Dormir-En-Ostuni-Hotel-La-Terra-Habitacion-300x200.jpg 300w, https:\/\/saltaconmigo.com\/blog\/wp-content\/uploads\/2023\/01\/Dormir-En-Ostuni-Hotel-La-Terra-Habitacion-768x512.jpg 768w, https:\/\/saltaconmigo.com\/blog\/wp-content\/uploads\/2023\/01\/Dormir-En-Ostuni-Hotel-La-Terra-Habitacion-626x418.jpg 626w, https:\/\/saltaconmigo.com\/blog\/wp-content\/uploads\/2023\/01\/Dormir-En-Ostuni-Hotel-La-Terra-Habitacion-409x272.jpg 409w, https:\/\/saltaconmigo.com\/blog\/wp-content\/uploads\/2023\/01\/Dormir-En-Ostuni-Hotel-La-Terra-Habitacion-640x427.jpg 640w\" sizes=\"auto, (max-width: 800px) 100vw, 800px\" \/><figcaption class=\"wp-element-caption\">Nuestra habitaci\u00f3n en el Hotel La Terra<\/figcaption><\/figure>\n<\/div>\n\n\n<p class=\"wp-block-paragraph\"><a href=\"https:\/\/www.booking.com\/hotel\/it\/rione-antico-la-terra.en.html?aid=844890&amp;no_rooms=1&amp;group_adults=2\" target=\"_blank\" rel=\"sponsored nofollow noopener noreferrer\">Aqu\u00ed<\/a> tienes precios y disponibilidad del hotel y <a href=\"https:\/\/www.booking.com\/searchresults.en.html?city=-123591&amp;aid=844890&amp;no_rooms=1&amp;group_adults=2\" target=\"_blank\" rel=\"sponsored nofollow noopener noreferrer\">aqu\u00ed<\/a> los de otros <strong>hoteles de Ostuni<\/strong> si este no te convence.<\/p>\n\n\n\n<h2 class=\"wp-block-heading\">C\u00f3mo llegar desde Bari, Alberobello, Locorotondo\u2026<\/h2>\n\n\n\n<p class=\"wp-block-paragraph\"><strong>Desde Bari y desde Lecce<\/strong> es muy f\u00e1cil <strong>llegar a Ostuni en transporte p\u00fablico<\/strong>: hay tren regional dir\u200b\u200becto. Tarda 45 minutos desde Bari y 50 desde Lecce, vamos, que est\u00e1 a mitad de camino. <strong>Llegar desde <a href=\"https:\/\/saltaconmigo.com\/blog\/2022\/04\/que-ver-alberobello-italia-mapa-trulli\/\">Alberobello<\/a><\/strong> o <strong><a href=\"https:\/\/saltaconmigo.com\/blog\/2023\/08\/que-ver-en-locorotondo-mapa\/\">Locorotondo<\/a><\/strong>, por otro lado, es un poco m\u00e1s complicado: hay que coger un <strong>autob\u00fas<\/strong> hasta Fasano y all\u00ed cambiar, te lo contamos \u200be\u200bn detalle en nuestra <a href=\"https:\/\/saltaconmigo.com\/blog\/2022\/02\/ruta-por-puglia-de-7-dias\/\">ruta por Puglia de 7 d\u00edas en transporte p\u00fablico<\/a>.<\/p>\n\n\n<div class=\"wp-block-image wp-image-55435 size-full\">\n<figure class=\"aligncenter\"><img loading=\"lazy\" decoding=\"async\" width=\"800\" height=\"534\" src=\"https:\/\/saltaconmigo.com\/blog\/wp-content\/uploads\/2022\/02\/Que-Ver-En-Ostuni-Vista-Mirador-Atardecer.jpg\" alt=\"Que Ver En Ostuni Vista Mirador Atardecer\" class=\"wp-image-55435\" srcset=\"https:\/\/saltaconmigo.com\/blog\/wp-content\/uploads\/2022\/02\/Que-Ver-En-Ostuni-Vista-Mirador-Atardecer.jpg 800w, https:\/\/saltaconmigo.com\/blog\/wp-content\/uploads\/2022\/02\/Que-Ver-En-Ostuni-Vista-Mirador-Atardecer-300x200.jpg 300w, https:\/\/saltaconmigo.com\/blog\/wp-content\/uploads\/2022\/02\/Que-Ver-En-Ostuni-Vista-Mirador-Atardecer-768x513.jpg 768w, https:\/\/saltaconmigo.com\/blog\/wp-content\/uploads\/2022\/02\/Que-Ver-En-Ostuni-Vista-Mirador-Atardecer-626x418.jpg 626w, https:\/\/saltaconmigo.com\/blog\/wp-content\/uploads\/2022\/02\/Que-Ver-En-Ostuni-Vista-Mirador-Atardecer-409x272.jpg 409w, https:\/\/saltaconmigo.com\/blog\/wp-content\/uploads\/2022\/02\/Que-Ver-En-Ostuni-Vista-Mirador-Atardecer-640x427.jpg 640w\" sizes=\"auto, (max-width: 800px) 100vw, 800px\" \/><figcaption class=\"wp-element-caption\">La vista de Ostuni desde el mirador al atardecer<\/figcaption><\/figure>\n<\/div>\n\n\n<p class=\"wp-block-paragraph\">La parada del autob\u00fas est\u00e1 muy cerca del casco hist\u00f3rico. La parada de trenes, por otra parte, est\u00e1 a unos dos kil\u00f3metros y medio del casco hist\u00f3rico. Hay autobuses urbanos, pero no siempre coinciden con los horarios de los trenes, por lo menos en invierno cuando hay menos. Nosotros acabamos bajando a pie.<\/p>\n\n\n\n<p class=\"wp-block-paragraph\">Qu\u00e9, \u00bfya te han entrado ganas de visitar la <strong>ciudad blanca de Puglia<\/strong>?<\/p>\n\n\n\n<div class=\"cajaVenta\">\n\n<p>\u00bfQuieres <strong>viajar a Ostuni<\/strong>? Aqu\u00ed puedes hacerlo:<\/p>\n<ul class=\"avion\">\n \t<li>Busca tu <strong>vuelo m\u00e1s barato a Bari<\/strong> <a title=\"Vuelo barato a Italia\" href=\"https:\/\/www.skyscanner.net\/g\/referrals\/v1\/flights\/cheap-flights-to?adId=1100662&amp;campaignId=13416&amp;currency=EUR&amp;destination=BRI&amp;locale=es-ES&amp;market=ES&amp;mediaPartnerId=1205554\" target=\"_blank\" rel=\"sponsored nofollow noopener noreferrer\">aqu\u00ed<\/a>.<\/li>\n<\/ul>\n<ul class=\"hotel\">\n \t<li>Escoge el <strong>hotel que m\u00e1s te guste al mejor precio<\/strong> en Ostuni <a href=\"https:\/\/www.booking.com\/searchresults.en.html?city=-123591&amp;aid=844890&amp;no_rooms=1&amp;group_adults=2\" target=\"_blank\" rel=\"sponsored nofollow noopener noreferrer\">aqu\u00ed<\/a>.<\/li>\n<\/ul>\n<ul class=\"coche\">\n \t<li><strong>Alquila el coche<\/strong> en Puglia al mejor precio comparando entre varias compa\u00f1\u00edas <a title=\"Alquila tu coche al mejor precio\" href=\"https:\/\/www.booking.com\/cars\/index.html?aid=844890\" target=\"_blank\" rel=\"sponsored nofollow noopener noreferrer\">aqu\u00ed<\/a>.<\/li>\n<\/ul>\n<ul class=\"guias\">\n \t<li>Hazte con las <strong>mejores gu\u00edas de Italia<\/strong> <a title=\"Compra tu gu\u00eda de Italia\" href=\"http:\/\/amzn.to\/2shqOzp\" target=\"_blank\" rel=\"sponsored nofollow noopener noreferrer\">aqu\u00ed<\/a>.<\/li>\n<\/ul>\n<ul class=\"tour\">\n \t<li>Contrata tu <strong><em>tour<\/em> guiado en Italia<\/strong> <a href=\"https:\/\/www.civitatis.com\/es\/italia\/?aid=1259\" target=\"_blank\" rel=\"sponsored nofollow noopener noreferrer\">aqu\u00ed<\/a>.<\/li>\n<\/ul>\n<ul class=\"seguro\">\n \t<li>Contrata tu <strong>seguro de viaje con un 5% de descuento<\/strong> <a title=\"Contrata tu seguro de viaje al mejor precio\" href=\"https:\/\/www.iatiseguros.com\/contrato_agencia.phtml?id=447&amp;r=21058501929524\" target=\"_blank\" rel=\"sponsored nofollow noopener noreferrer\">aqu\u00ed<\/a>.<\/li>\n<\/ul>\n<\/div>\n","protected":false},"excerpt":{"rendered":"<p>Callejuelas llenas de cuestas, escaleras, arcos y balcones de un blanco impoluto subiendo por las laderas de una colina rodeada por una muralla y campos de olivos. As\u00ed es Ostuni. Date una vuelta por el casco hist\u00f3rico, disfruta su gastronom\u00eda y hasta b\u00e1\u00f1ate en sus playas.<\/p>\n","protected":false},"author":3,"featured_media":55417,"comment_status":"open","ping_status":"open","sticky":false,"template":"","format":"standard","meta":{"footnotes":""},"categories":[110,325,3],"tags":[436],"class_list":["post-60343","post","type-post","status-publish","format-standard","has-post-thumbnail","hentry","category-europa","category-apulia","category-italia","tag-436"],"_links":{"self":[{"href":"https:\/\/saltaconmigo.com\/blog\/wp-json\/wp\/v2\/posts\/60343","targetHints":{"allow":["GET"]}}],"collection":[{"href":"https:\/\/saltaconmigo.com\/blog\/wp-json\/wp\/v2\/posts"}],"about":[{"href":"https:\/\/saltaconmigo.com\/blog\/wp-json\/wp\/v2\/types\/post"}],"author":[{"embeddable":true,"href":"https:\/\/saltaconmigo.com\/blog\/wp-json\/wp\/v2\/users\/3"}],"replies":[{"embeddable":true,"href":"https:\/\/saltaconmigo.com\/blog\/wp-json\/wp\/v2\/comments?post=60343"}],"version-history":[{"count":1,"href":"https:\/\/saltaconmigo.com\/blog\/wp-json\/wp\/v2\/posts\/60343\/revisions"}],"predecessor-version":[{"id":63063,"href":"https:\/\/saltaconmigo.com\/blog\/wp-json\/wp\/v2\/posts\/60343\/revisions\/63063"}],"wp:featuredmedia":[{"embeddable":true,"href":"https:\/\/saltaconmigo.com\/blog\/wp-json\/wp\/v2\/media\/55417"}],"wp:attachment":[{"href":"https:\/\/saltaconmigo.com\/blog\/wp-json\/wp\/v2\/media?parent=60343"}],"wp:term":[{"taxonomy":"category","embeddable":true,"href":"https:\/\/saltaconmigo.com\/blog\/wp-json\/wp\/v2\/categories?post=60343"},{"taxonomy":"post_tag","embeddable":true,"href":"https:\/\/saltaconmigo.com\/blog\/wp-json\/wp\/v2\/tags?post=60343"}],"curies":[{"name":"wp","href":"https:\/\/api.w.org\/{rel}","templated":true}]}}