{"id":43908,"date":"2020-05-11T09:35:16","date_gmt":"2020-05-11T07:35:16","guid":{"rendered":"https:\/\/saltaconmigo.com\/blog\/?p=43908"},"modified":"2025-03-19T11:04:38","modified_gmt":"2025-03-19T10:04:38","slug":"consejos-para-viajar-a-roma-tips","status":"publish","type":"post","link":"https:\/\/saltaconmigo.com\/blog\/2020\/05\/consejos-para-viajar-a-roma-tips\/","title":{"rendered":"Consejos para viajar a Roma (por una italiana)"},"content":{"rendered":"\n<p class=\"wp-block-paragraph\"><strong>Roma<\/strong> es una de nuestras ciudades favoritas en el mundo. Yo soy italiana, as\u00ed que soy parcial, lo admito. La ten\u00eda a unas tres horas de mi pueblo y la he visitado decenas de veces. Para ver una exposici\u00f3n, para ir de compras, para dar un paseo\u2026 Y nunca, nunca me ha decepcionado. De hecho, cada vez he vuelto m\u00e1s enamorada. Porque hay muchos turistas, suele estar m\u00e1s sucia de lo que deber\u00eda, el tr\u00e1fico es un desastre\u2026 pero detr\u00e1s de cada esquina te encuentras con una maravilla de la \u00e9poca romana, medieval, renacentista o barroca. Roma no tiene parang\u00f3n. Pero para disfrutarla hay que conocerla. Por eso hemos preparado estos <strong>consejos para viajar a Roma con toda la informaci\u00f3n pr\u00e1ctica<\/strong>&nbsp;que creemos que necesitar\u00e1s <strong>antes del viaje y durante<\/strong> los d\u00edas que est\u00e9s ah\u00ed. Para que la Ciudad Eterna no te abrume.<\/p>\n\n\n<div class=\"wp-block-image\">\n<figure class=\"aligncenter\"><img loading=\"lazy\" decoding=\"async\" width=\"800\" height=\"534\" src=\"https:\/\/saltaconmigo.com\/blog\/wp-content\/uploads\/2020\/05\/Roma-Vittorio-Emanuele-Salto.jpg\" alt=\"Roma Vittorio Emanuele Salto\" class=\"wp-image-43972\" title=\"Saltando frente al monumento a Vittorio Emanuele II\" srcset=\"https:\/\/saltaconmigo.com\/blog\/wp-content\/uploads\/2020\/05\/Roma-Vittorio-Emanuele-Salto.jpg 800w, https:\/\/saltaconmigo.com\/blog\/wp-content\/uploads\/2020\/05\/Roma-Vittorio-Emanuele-Salto-300x200.jpg 300w, https:\/\/saltaconmigo.com\/blog\/wp-content\/uploads\/2020\/05\/Roma-Vittorio-Emanuele-Salto-768x513.jpg 768w, https:\/\/saltaconmigo.com\/blog\/wp-content\/uploads\/2020\/05\/Roma-Vittorio-Emanuele-Salto-626x418.jpg 626w, https:\/\/saltaconmigo.com\/blog\/wp-content\/uploads\/2020\/05\/Roma-Vittorio-Emanuele-Salto-409x272.jpg 409w, https:\/\/saltaconmigo.com\/blog\/wp-content\/uploads\/2020\/05\/Roma-Vittorio-Emanuele-Salto-640x427.jpg 640w\" sizes=\"auto, (max-width: 800px) 100vw, 800px\" \/><figcaption class=\"wp-element-caption\">Saltando frente al monumento a Vittorio Emanuele II<\/figcaption><\/figure>\n<\/div>\n\n\n<p class=\"wp-block-paragraph\">Los requisitos para viajar a Italia, <strong>d\u00f3nde dormir, horarios, restaurantes, visitas gratuitas y reservas, el transporte p\u00fablico<\/strong> y c\u00f3mo moverte por la ciudad\u2026 Creemos que no nos dejamos nada. Y si no, siempre puedes preguntarnos.<\/p>\n\n\n\n<p class=\"wp-block-paragraph\"><em>Buon viaggio!<\/em><\/p>\n\n\n\n<div class=\"rinconSC\">\n<p><span class=\"titulo\">Saltaconmiconsejo<\/span><\/p>\n<hr>\n<p>Si, adem\u00e1s de Roma, quieres conocer el resto del pa\u00eds, \u00e9chale un ojo tambi\u00e9n a nuestros <a href=\"https:\/\/saltaconmigo.com\/blog\/2022\/03\/consejos-para-viajar-a-italia\/\">consejos para viajar a Italia<\/a>.<\/p>\n<\/div>\n\n\n<div class=\"vw-accordion\" data-open=\"true\"><div class=\"vw-accordion-header\"><span class=\"vw-accordion-header-text\">\u00cdndice<\/span><\/div><div class=\"vw-accordion-content\"><\/p>\n<ul>\n<li><a href=\"#requisitos\">Requisitos para viajar a Roma por turismo<\/a><\/li>\n<li><a href=\"#quever\">Decidir qu\u00e9 ver y cu\u00e1ntos d\u00edas quedarse<\/a><\/li>\n<li><a href=\"#llegar\">C\u00f3mo llegar: vuelos a Roma<\/a><\/li>\n<li><a href=\"#moverse\">Moverse en transporte p\u00fablico: metro, autob\u00fas, tranv\u00eda y tren urbano<\/a><\/li>\n<li><a href=\"#reservas\">Qu\u00e9 museos y atracciones hace falta reservar con antelaci\u00f3n<\/a><\/li>\n<li><a href=\"#gratis\">Ahorrar en los museos: d\u00edas gratuitos<\/a><\/li>\n<li><a href=\"#tarjetas\">Las tarjetas <em>Roma Pass<\/em> y <em>Omnia Vatican Pass<\/em><\/a><\/li>\n<li><a href=\"#hoteles\">Hoteles en Roma: d\u00f3nde dormir en el centro, \u00bfhay hoteles baratos?<\/a><\/li>\n<li><a href=\"#comer\">D\u00f3nde comer en Roma: restaurantes y m\u00e1s<\/a><\/li>\n<li><a href=\"#cuando\">Cu\u00e1ndo viajar a Roma: clima y fiestas<\/a><\/li>\n<li><a href=\"#seguridad\">\u00bfRoma es peligrosa? Seguridad, salud y seguro de viaje<\/a><\/li>\n<li><a href=\"#noche\">Roma de noche<\/a><\/li>\n<li><a href=\"#info\">M\u00e1s informaci\u00f3n pr\u00e1ctica para el viaje<\/a><\/li>\n<\/ul>\n<p><\/div><\/div>\n\n\n\n<h2 class=\"wp-block-heading\" id=\"requisitos\">Requisitos para viajar a Roma por turismo<\/h2>\n\n\n\n<p class=\"wp-block-paragraph\">Para <strong>viajar a Roma<\/strong>, como al resto de Italia, es suficiente con el DNI en vigor para los espa\u00f1oles y los ciudadanos del resto de pa\u00edses de la UE. Para los latinoamericanos que no tengan pasaporte de la Uni\u00f3n Europea es necesario lo siguiente: pasaporte con al menos tres meses de validez a partir de la fecha de salida de la Uni\u00f3n; vuelo de ida y vuelta \u2013salida de la UE\u2013; reservas de hotel, y, en principio, poder demostrar que se tienen los medios econ\u00f3micos suficientes para el viaje. En el art\u00edculo de <a href=\"https:\/\/saltaconmigo.com\/blog\/2018\/02\/consejos-para-viajar-a-europa-tips\/\">consejos para viajar a Europa<\/a> lo explicamos con m\u00e1s detalle.<\/p>\n\n\n<div class=\"wp-block-image\">\n<figure class=\"aligncenter\"><img loading=\"lazy\" decoding=\"async\" width=\"800\" height=\"534\" src=\"https:\/\/saltaconmigo.com\/blog\/wp-content\/uploads\/2020\/05\/Roma-Plaza-Spagna.jpg\" alt=\"Roma Plaza Spagna\" class=\"wp-image-43969\" title=\"La Plaza de Espa\u00f1a en Roma\" srcset=\"https:\/\/saltaconmigo.com\/blog\/wp-content\/uploads\/2020\/05\/Roma-Plaza-Spagna.jpg 800w, https:\/\/saltaconmigo.com\/blog\/wp-content\/uploads\/2020\/05\/Roma-Plaza-Spagna-300x200.jpg 300w, https:\/\/saltaconmigo.com\/blog\/wp-content\/uploads\/2020\/05\/Roma-Plaza-Spagna-768x513.jpg 768w, https:\/\/saltaconmigo.com\/blog\/wp-content\/uploads\/2020\/05\/Roma-Plaza-Spagna-626x418.jpg 626w, https:\/\/saltaconmigo.com\/blog\/wp-content\/uploads\/2020\/05\/Roma-Plaza-Spagna-409x272.jpg 409w, https:\/\/saltaconmigo.com\/blog\/wp-content\/uploads\/2020\/05\/Roma-Plaza-Spagna-640x427.jpg 640w\" sizes=\"auto, (max-width: 800px) 100vw, 800px\" \/><figcaption class=\"wp-element-caption\">La Plaza de Espa\u00f1a en Roma<\/figcaption><\/figure>\n<\/div>\n\n\n<h2 class=\"wp-block-heading\" id=\"quever\">Decidir qu\u00e9 ver y cu\u00e1ntos d\u00edas quedarse<\/h2>\n\n\n\n<p class=\"wp-block-paragraph\">Roma no es una de las ciudades m\u00e1s grandes del mundo, pero su centro hist\u00f3rico seguramente s\u00ed que sea de los m\u00e1s amplios y, desde luego, la densidad de monumentos es abrumadora. Nosotros hemos estado en Roma en muchas ocasiones, la \u00faltima casi un mes haciendo turismo a diario y\u2026 \u00a1se nos quedaron muchas cosas por ver! As\u00ed que, dos consejos. Primero: no intentes verlo todo en un fin de semana, elige y disfruta, \u00a1ya volver\u00e1s! Segundo: si puedes, qu\u00e9date un poco m\u00e1s de lo que hab\u00edas pensado.<\/p>\n\n\n<div class=\"wp-block-image\">\n<figure class=\"aligncenter\"><img loading=\"lazy\" decoding=\"async\" width=\"800\" height=\"534\" src=\"https:\/\/saltaconmigo.com\/blog\/wp-content\/uploads\/2020\/05\/Roma-Iglesia-San-Luis-Franceses-Caravaggio.jpg\" alt=\"Roma Iglesia San Luis Franceses Caravaggio\" class=\"wp-image-43960\" title=\"La iglesia de San Luis de los Franceses, con obras de Caravaggio\" srcset=\"https:\/\/saltaconmigo.com\/blog\/wp-content\/uploads\/2020\/05\/Roma-Iglesia-San-Luis-Franceses-Caravaggio.jpg 800w, https:\/\/saltaconmigo.com\/blog\/wp-content\/uploads\/2020\/05\/Roma-Iglesia-San-Luis-Franceses-Caravaggio-300x200.jpg 300w, https:\/\/saltaconmigo.com\/blog\/wp-content\/uploads\/2020\/05\/Roma-Iglesia-San-Luis-Franceses-Caravaggio-768x513.jpg 768w, https:\/\/saltaconmigo.com\/blog\/wp-content\/uploads\/2020\/05\/Roma-Iglesia-San-Luis-Franceses-Caravaggio-626x418.jpg 626w, https:\/\/saltaconmigo.com\/blog\/wp-content\/uploads\/2020\/05\/Roma-Iglesia-San-Luis-Franceses-Caravaggio-409x272.jpg 409w, https:\/\/saltaconmigo.com\/blog\/wp-content\/uploads\/2020\/05\/Roma-Iglesia-San-Luis-Franceses-Caravaggio-640x427.jpg 640w\" sizes=\"auto, (max-width: 800px) 100vw, 800px\" \/><figcaption class=\"wp-element-caption\">La iglesia de San Luis de los Franceses, con obras de Caravaggio<\/figcaption><\/figure>\n<\/div>\n\n\n<p class=\"wp-block-paragraph\">Para ayudarte con la selecci\u00f3n, hemos preparado un recorrido por <a href=\"https:\/\/saltaconmigo.com\/blog\/2020\/01\/que-ver-en-roma-en-2-dias\/\"><strong>Roma en dos d\u00edas<\/strong><\/a>, <a href=\"https:\/\/saltaconmigo.com\/blog\/2020\/04\/que-ver-en-venecia-en-3-dias\/\"><strong>Roma en tres d\u00edas<\/strong><\/a> y otro de <a href=\"https:\/\/saltaconmigo.com\/blog\/2022\/04\/roma-en-4-dias-que-ver\/\"><strong>Roma en 4 d\u00edas<\/strong><\/a>. Y, si quieres m\u00e1s, un listado de <a href=\"https:\/\/saltaconmigo.com\/blog\/2019\/08\/que-hacer-que-ver-en-roma\/\">60 cosas que hacer y que ver en Roma<\/a>, para que te organices los d\u00edas que quieras. Si ya has visitado la capital italiana en m\u00e1s de una ocasi\u00f3n, te puede interesar conocer tambi\u00e9n la <a href=\"https:\/\/saltaconmigo.com\/blog\/2020\/03\/roma-secreta-alternativa-oculta-diferente\/\">Roma secreta y alternativa<\/a>.<\/p>\n\n\n\n<h2 class=\"wp-block-heading\" id=\"llegar\">C\u00f3mo llegar: vuelos a Roma<\/h2>\n\n\n\n<p class=\"wp-block-paragraph\">Son dos los <strong>aeropuertos de Roma<\/strong>: <em>Aeroporto Internazionale Leonardo da Vinci di Fiumicino<\/em> \u2013c\u00f3digo IATA FCO\u2013 y <em>Aeroporto Internazionale G.B. Pastine di Ciampino<\/em> \u2013CIA\u2013. A ellos llegan vuelos desde casi cualquier ciudad de Espa\u00f1a y desde muchas del mundo. El primero algo m\u00e1s lejano y el segundo \u2013al que vuelan sobre todo las compa\u00f1\u00edas de bajo coste\u2013 m\u00e1s cercano al centro. A la hora de elegir a cu\u00e1l de los dos volar, ten en cuenta la distancia al centro y el coste del traslado. Te lo contamos todo en nuestro art\u00edculo <a href=\"https:\/\/saltaconmigo.com\/blog\/2019\/07\/como-llegar-aeropuertos-fiumicino-ciampino-roma\/\">C\u00f3mo llegar de los aeropuertos de Fiumicino y Ciampino al centro de Roma<\/a>.<\/p>\n\n\n<div class=\"wp-block-image\">\n<figure class=\"aligncenter\"><img loading=\"lazy\" decoding=\"async\" width=\"800\" height=\"534\" src=\"https:\/\/saltaconmigo.com\/blog\/wp-content\/uploads\/2020\/05\/Roma-Foro-Imperial-Plaza-Campidoglio.jpg\" alt=\"Roma Foro Imperial Plaza Campidoglio\" class=\"wp-image-43958\" title=\"La vista del Foro Imperial desde la Plaza del Campidoglio\" srcset=\"https:\/\/saltaconmigo.com\/blog\/wp-content\/uploads\/2020\/05\/Roma-Foro-Imperial-Plaza-Campidoglio.jpg 800w, https:\/\/saltaconmigo.com\/blog\/wp-content\/uploads\/2020\/05\/Roma-Foro-Imperial-Plaza-Campidoglio-300x200.jpg 300w, https:\/\/saltaconmigo.com\/blog\/wp-content\/uploads\/2020\/05\/Roma-Foro-Imperial-Plaza-Campidoglio-768x513.jpg 768w, https:\/\/saltaconmigo.com\/blog\/wp-content\/uploads\/2020\/05\/Roma-Foro-Imperial-Plaza-Campidoglio-626x418.jpg 626w, https:\/\/saltaconmigo.com\/blog\/wp-content\/uploads\/2020\/05\/Roma-Foro-Imperial-Plaza-Campidoglio-409x272.jpg 409w, https:\/\/saltaconmigo.com\/blog\/wp-content\/uploads\/2020\/05\/Roma-Foro-Imperial-Plaza-Campidoglio-640x427.jpg 640w\" sizes=\"auto, (max-width: 800px) 100vw, 800px\" \/><figcaption class=\"wp-element-caption\">La vista del Foro Imperial desde la Plaza del Campidoglio<\/figcaption><\/figure>\n<\/div>\n\n\n<h2 class=\"wp-block-heading\" id=\"moverse\">Moverse en transporte p\u00fablico: metro, autob\u00fas, tranv\u00eda y tren urbano<\/h2>\n\n\n\n<p class=\"wp-block-paragraph\">Una vez <strong>en Roma<\/strong>, \u00bf<strong>c\u00f3mo moverse<\/strong> de un sitio a otro? Las opciones son muchas: metro, autob\u00fas, tranv\u00eda, tren urbano, taxi\u2026 Como no es tan sencillo y hay muchas posibilidades, echa un vistazo a nuestro art\u00edculo <a href=\"https:\/\/saltaconmigo.com\/blog\/2019\/10\/transporte-publico-en-roma\/\">Moverse en transporte p\u00fablico en Roma: metro, autob\u00fas y m\u00e1s<\/a>, con informaci\u00f3n sobre horarios, puntualidad, precios, compra de billetes\u2026 de cada uno de ellos.<\/p>\n\n\n<div class=\"wp-block-image\">\n<figure class=\"aligncenter\"><img loading=\"lazy\" decoding=\"async\" width=\"800\" height=\"534\" src=\"https:\/\/saltaconmigo.com\/blog\/wp-content\/uploads\/2020\/05\/Roma-Basilica-San-Pedro-Piedad-Miguel-Angel.jpg\" alt=\"Roma Basilica San Pedro Piedad Miguel Angel\" class=\"wp-image-43954\" title=\"La Piedad de Miguel \u00c1ngel en la Bas\u00edlica de San Pedro\" srcset=\"https:\/\/saltaconmigo.com\/blog\/wp-content\/uploads\/2020\/05\/Roma-Basilica-San-Pedro-Piedad-Miguel-Angel.jpg 800w, https:\/\/saltaconmigo.com\/blog\/wp-content\/uploads\/2020\/05\/Roma-Basilica-San-Pedro-Piedad-Miguel-Angel-300x200.jpg 300w, https:\/\/saltaconmigo.com\/blog\/wp-content\/uploads\/2020\/05\/Roma-Basilica-San-Pedro-Piedad-Miguel-Angel-768x513.jpg 768w, https:\/\/saltaconmigo.com\/blog\/wp-content\/uploads\/2020\/05\/Roma-Basilica-San-Pedro-Piedad-Miguel-Angel-626x418.jpg 626w, https:\/\/saltaconmigo.com\/blog\/wp-content\/uploads\/2020\/05\/Roma-Basilica-San-Pedro-Piedad-Miguel-Angel-409x272.jpg 409w, https:\/\/saltaconmigo.com\/blog\/wp-content\/uploads\/2020\/05\/Roma-Basilica-San-Pedro-Piedad-Miguel-Angel-640x427.jpg 640w\" sizes=\"auto, (max-width: 800px) 100vw, 800px\" \/><figcaption class=\"wp-element-caption\">La Piedad de Miguel \u00c1ngel en la Bas\u00edlica de San Pedro<\/figcaption><\/figure>\n<\/div>\n\n\n<h2 class=\"wp-block-heading\" id=\"reservas\">Qu\u00e9 museos y atracciones hace falta reservar con antelaci\u00f3n<\/h2>\n\n\n\n<p class=\"wp-block-paragraph\">Hay algunos museos y <strong>monumentos de Roma a los que solo se puede acceder con reserva<\/strong> o es muy aconsejable hacerlo para evitar colas kilom\u00e9tricas.&nbsp;Aqu\u00ed tienes algunos de ellos.<\/p>\n\n\n\n<div class=\"rinconSC\">\n<p><span class=\"titulo\">Saltaconmiconsejo<\/span><\/p>\n<hr>\n<p>Con la cantidad de museos de la ciudad te va a resultar complicado elegir cu\u00e1l visitar&#8230; no te preocupes, nosotros hemos reducido la lista a \u00a1tres! Echa un vistazo a nuestro art\u00edculo <a href=\"https:\/\/saltaconmigo.com\/blog\/2021\/05\/museos-en-roma\/\"><strong>Museos de Roma imprescindibles<\/strong><\/a>. Y, como ahorrar nunca viene mal, mira los <strong><a href=\"https:\/\/saltaconmigo.com\/blog\/2023\/04\/museos-gratis-en-roma-primer-domingo-de-mes\/\">museos de Roma gratis el primer domingo de mes<\/a><\/strong>.<\/p>\n<\/div>\n\n\n\n<h3 class=\"wp-block-heading\">Coliseo<\/h3>\n\n\n\n<p class=\"wp-block-paragraph\">En este caso, incluso con reserva, puede haber momentos en que se ralentice la entrada porque el monumento ha llegado a su m\u00e1ximo aforo \u20133.000 personas pre-coronavirus\u2013, ya que no se tiene que salir a ninguna hora en concreto. Puedes reservar en la p\u00e1gina oficial, <a href=\"https:\/\/colosseo.it\/es\/\" target=\"_blank\" rel=\"noopener noreferrer\">aqu\u00ed<\/a>. En temporada alta, tendr\u00e1s que hacerlo con un mes de antelaci\u00f3n m\u00ednimo. Otra opci\u00f3n es <a href=\"https:\/\/www.civitatis.com\/es\/roma\/visita-guiada-roma-antigua\/?aid=1259&amp;cmp=consejos_roma\" target=\"_blank\" rel=\"sponsored nofollow noopener noreferrer\"><strong>contratar un <em>tour<\/em> guiado en espa\u00f1ol<\/strong><\/a>, ellos siempre tienen plazas reservadas. En realidad, ese <em>tour<\/em> lo combinamos con los Museos Vaticanos, puedes leer nuestro art\u00edculo sobre el <a href=\"https:\/\/saltaconmigo.com\/blog\/2019\/05\/tour-vaticano-coliseo-civitatis\/\"><em>tour<\/em> del Vaticano m\u00e1s Coliseo, Foro y Palatino<\/a> para saber de nuestra experiencia. Tambi\u00e9n te hablamos, en otro art\u00edculo, de la <a href=\"https:\/\/saltaconmigo.com\/blog\/2020\/01\/coliseo-de-roma-visita-entradas-precios-horarios\/\">visita al Coliseo de Roma<\/a>, tanto si quieres ir en <em>tour<\/em> como si quieres hacerlo por tu cuenta.<\/p>\n\n\n<div class=\"wp-block-image\">\n<figure class=\"aligncenter\"><img loading=\"lazy\" decoding=\"async\" width=\"800\" height=\"534\" src=\"https:\/\/saltaconmigo.com\/blog\/wp-content\/uploads\/2020\/05\/Roma-Coliseo-Interior-Ojo-Pez.jpg\" alt=\"Roma Coliseo Interior Ojo Pez\" class=\"wp-image-43956\" title=\"La arena del Coliseo\" srcset=\"https:\/\/saltaconmigo.com\/blog\/wp-content\/uploads\/2020\/05\/Roma-Coliseo-Interior-Ojo-Pez.jpg 800w, https:\/\/saltaconmigo.com\/blog\/wp-content\/uploads\/2020\/05\/Roma-Coliseo-Interior-Ojo-Pez-300x200.jpg 300w, https:\/\/saltaconmigo.com\/blog\/wp-content\/uploads\/2020\/05\/Roma-Coliseo-Interior-Ojo-Pez-768x513.jpg 768w, https:\/\/saltaconmigo.com\/blog\/wp-content\/uploads\/2020\/05\/Roma-Coliseo-Interior-Ojo-Pez-626x418.jpg 626w, https:\/\/saltaconmigo.com\/blog\/wp-content\/uploads\/2020\/05\/Roma-Coliseo-Interior-Ojo-Pez-409x272.jpg 409w, https:\/\/saltaconmigo.com\/blog\/wp-content\/uploads\/2020\/05\/Roma-Coliseo-Interior-Ojo-Pez-640x427.jpg 640w\" sizes=\"auto, (max-width: 800px) 100vw, 800px\" \/><figcaption class=\"wp-element-caption\">La arena del Coliseo<\/figcaption><\/figure>\n<\/div>\n\n\n<h3 class=\"wp-block-heading\">Galleria Borghese<\/h3>\n\n\n\n<p class=\"wp-block-paragraph\">Este museo, uno de los m\u00e1s interesante de <strong>Roma \u2013<\/strong>te lo contamos en nuestro art\u00edculo <strong><a href=\"https:\/\/saltaconmigo.com\/blog\/2020\/09\/galeria-borghese-roma\/\">La <em>Galleria Borghese<\/em>: visitas y obras imprescindibles<\/a>\u2013<\/strong>, es tambi\u00e9n uno de los m\u00e1s solicitados. Tanto, que hay que reservar con, por lo menos, un mes de antelaci\u00f3n y solo se puede entrar dos horas. Las agencias s\u00ed que suelen tener m\u00e1s facilidad con las reservas, con lo cual, si no encuentras plaza o, en cualquier caso, si quieres ir con gu\u00eda en espa\u00f1ol, puedes <a href=\"https:\/\/www.civitatis.com\/es\/roma\/visita-guiada-galeria-borghese\/?aid=1259&amp;cmp=consejos_roma\" target=\"_blank\" rel=\"sponsored nofollow noopener noreferrer\">reservar una visita guiada a la Galeria Borghese<\/a>. Tambi\u00e9n hay que reservar en los d\u00edas en los que es gratuito.<\/p>\n\n\n<div class=\"wp-block-image\">\n<figure class=\"aligncenter\"><img loading=\"lazy\" decoding=\"async\" width=\"800\" height=\"534\" src=\"https:\/\/saltaconmigo.com\/blog\/wp-content\/uploads\/2020\/05\/Roma-Galleria-Borghese-Bernini-Rapto-Proserpina.jpg\" alt=\"Roma Galleria Borghese Bernini Rapto Proserpina\" class=\"wp-image-43959\" title=\"El Rapto de Proserpina de Bernini en la Galleria Borghese\" srcset=\"https:\/\/saltaconmigo.com\/blog\/wp-content\/uploads\/2020\/05\/Roma-Galleria-Borghese-Bernini-Rapto-Proserpina.jpg 800w, https:\/\/saltaconmigo.com\/blog\/wp-content\/uploads\/2020\/05\/Roma-Galleria-Borghese-Bernini-Rapto-Proserpina-300x200.jpg 300w, https:\/\/saltaconmigo.com\/blog\/wp-content\/uploads\/2020\/05\/Roma-Galleria-Borghese-Bernini-Rapto-Proserpina-768x513.jpg 768w, https:\/\/saltaconmigo.com\/blog\/wp-content\/uploads\/2020\/05\/Roma-Galleria-Borghese-Bernini-Rapto-Proserpina-626x418.jpg 626w, https:\/\/saltaconmigo.com\/blog\/wp-content\/uploads\/2020\/05\/Roma-Galleria-Borghese-Bernini-Rapto-Proserpina-409x272.jpg 409w, https:\/\/saltaconmigo.com\/blog\/wp-content\/uploads\/2020\/05\/Roma-Galleria-Borghese-Bernini-Rapto-Proserpina-640x427.jpg 640w\" sizes=\"auto, (max-width: 800px) 100vw, 800px\" \/><figcaption class=\"wp-element-caption\">El Rapto de Proserpina de Bernini en la Galleria Borghese<\/figcaption><\/figure>\n<\/div>\n\n\n<h3 class=\"wp-block-heading\">Catacumbas del Vaticano<\/h3>\n\n\n\n<p class=\"wp-block-paragraph\">Primero hay que aclarar que no se trata de la cripta a la que se accede desde la <a href=\"https:\/\/saltaconmigo.com\/blog\/2021\/03\/basilica-de-san-pedro-vaticano\/\">Bas\u00edlica de San Pedro<\/a> gratuitamente. Hablamos de las catacumbas del Vaticano donde se encuentra la tumba de San Pedro, la necr\u00f3polis bajo la cripta. En este caso, hay que reservar directamente en su <a href=\"https:\/\/www.necropolivaticana.org\/it\" target=\"_blank\" rel=\"noopener noreferrer\">p\u00e1gina oficial<\/a>.<\/p>\n\n\n\n<h3 class=\"wp-block-heading\">Domus Aurea<\/h3>\n\n\n\n<p class=\"wp-block-paragraph\">Los restos reci\u00e9n restaurados del que fue el grandioso palacio del emperador Ner\u00f3n tambi\u00e9n se pueden visitar solo con reserva. Todas las visitas, solo los s\u00e1bados y los domingos, incluyen gu\u00eda y las hay tambi\u00e9n en espa\u00f1ol. Aqu\u00ed tienes el <a href=\"https:\/\/ecm.coopculture.it\/index.php?option=com_snapp&amp;view=event&amp;id=62AE41B1-C813-B731-1125-0159CFB34995&amp;catalogid=57C8EFFC-F668-A698-1FFB-0167A85F15D6&amp;lang=es\" target=\"_blank\" rel=\"noopener noreferrer\"><em>link<\/em> directo<\/a> de su p\u00e1gina oficial para la reserva de las visitas en espa\u00f1ol.<\/p>\n\n\n\n<h3 class=\"wp-block-heading\"><em>Palazzo Farnese<\/em><\/h3>\n\n\n\n<p class=\"wp-block-paragraph\">Este precioso palacio renacentista \u2013Palacio Farnesio en espa\u00f1ol\u2013 es hoy sede de la Embajada de Francia en Italia, con lo cual no siempre es posible visitarlo. Solo se puede acceder los lunes, mi\u00e9rcoles y viernes previa reserva. Eso s\u00ed, en este caso con reservar la semana antes suele valer \u2013hasta ahora\u2013. Puedes reservar tu entrada desde su <a href=\"https:\/\/visite-palazzofarnese.it\/\" target=\"_blank\" rel=\"noopener noreferrer\">p\u00e1gina oficial<\/a>.<\/p>\n\n\n\n<h3 class=\"wp-block-heading\">Museos Vaticanos<\/h3>\n\n\n\n<p class=\"wp-block-paragraph\">Aunque no es obligatorio hacer una reserva para visitar los Museos Vaticanos, s\u00ed que se aconseja \u2013tiene un coste a\u00f1adido\u2013 para no hacer colas kilom\u00e9tricas. La otra opci\u00f3n es, de nuevo, reservar una visita guiada como esta que hicimos nosotros, sea o no en un <em>tour<\/em> junto con el Coliseo: te volvemos a copiar el enlace a nuestra experiencia con el <a href=\"https:\/\/saltaconmigo.com\/blog\/2019\/05\/tour-vaticano-coliseo-civitatis\/\"><em>tour<\/em> del Vaticanos m\u00e1s Coliseo, Foro y Palatino<\/a>. Te hablamos en detalle de consejos para visitar <a href=\"https:\/\/saltaconmigo.com\/blog\/2019\/05\/museos-vaticanos-capilla-sixtina\/\">los Museos Vaticanos y la Capilla Sixtina<\/a> en otro art\u00edculo.<\/p>\n\n\n<div class=\"wp-block-image\">\n<figure class=\"aligncenter\"><img loading=\"lazy\" decoding=\"async\" width=\"800\" height=\"534\" src=\"https:\/\/saltaconmigo.com\/blog\/wp-content\/uploads\/2020\/05\/Roma-Museos-Vaticanos-Galeria.jpg\" alt=\"Roma Museos Vaticanos Galeria\" class=\"wp-image-43964\" title=\"La galer\u00eda de los mapas de los Museos Vaticanos\" srcset=\"https:\/\/saltaconmigo.com\/blog\/wp-content\/uploads\/2020\/05\/Roma-Museos-Vaticanos-Galeria.jpg 800w, https:\/\/saltaconmigo.com\/blog\/wp-content\/uploads\/2020\/05\/Roma-Museos-Vaticanos-Galeria-300x200.jpg 300w, https:\/\/saltaconmigo.com\/blog\/wp-content\/uploads\/2020\/05\/Roma-Museos-Vaticanos-Galeria-768x513.jpg 768w, https:\/\/saltaconmigo.com\/blog\/wp-content\/uploads\/2020\/05\/Roma-Museos-Vaticanos-Galeria-626x418.jpg 626w, https:\/\/saltaconmigo.com\/blog\/wp-content\/uploads\/2020\/05\/Roma-Museos-Vaticanos-Galeria-409x272.jpg 409w, https:\/\/saltaconmigo.com\/blog\/wp-content\/uploads\/2020\/05\/Roma-Museos-Vaticanos-Galeria-640x427.jpg 640w\" sizes=\"auto, (max-width: 800px) 100vw, 800px\" \/><figcaption class=\"wp-element-caption\">La galer\u00eda de los mapas de los Museos Vaticanos<\/figcaption><\/figure>\n<\/div>\n\n\n<h2 class=\"wp-block-heading\" id=\"gratis\">Ahorrar en los museos: d\u00edas gratuitos<\/h2>\n\n\n\n<p class=\"wp-block-paragraph\">Casi todos los museos de Roma tienen d\u00edas de entrada gratuita, aqu\u00ed tienes unos ejemplos.<\/p>\n\n\n\n<p class=\"wp-block-paragraph\">Empezamos por los m\u00e1s solicitados: los <strong>Museos Vaticanos<\/strong>. La entrada es gratuita el \u00faltimo domingo de cada mes. Eso s\u00ed, solo abre de 9:00 a 14:00 y tendr\u00e1s que estar en la cola mucho antes de que amanezca&#8230;<\/p>\n\n\n<div class=\"wp-block-image\">\n<figure class=\"aligncenter\"><img loading=\"lazy\" decoding=\"async\" width=\"800\" height=\"534\" src=\"https:\/\/saltaconmigo.com\/blog\/wp-content\/uploads\/2020\/05\/Roma-Museo-Nacional-Romano-Palazzo-Massimo-Terme.jpg\" alt=\"Roma Museo Nacional Romano Palazzo Massimo Terme\" class=\"wp-image-43962\" title=\"El Palazzo Massimo\" srcset=\"https:\/\/saltaconmigo.com\/blog\/wp-content\/uploads\/2020\/05\/Roma-Museo-Nacional-Romano-Palazzo-Massimo-Terme.jpg 800w, https:\/\/saltaconmigo.com\/blog\/wp-content\/uploads\/2020\/05\/Roma-Museo-Nacional-Romano-Palazzo-Massimo-Terme-300x200.jpg 300w, https:\/\/saltaconmigo.com\/blog\/wp-content\/uploads\/2020\/05\/Roma-Museo-Nacional-Romano-Palazzo-Massimo-Terme-768x513.jpg 768w, https:\/\/saltaconmigo.com\/blog\/wp-content\/uploads\/2020\/05\/Roma-Museo-Nacional-Romano-Palazzo-Massimo-Terme-626x418.jpg 626w, https:\/\/saltaconmigo.com\/blog\/wp-content\/uploads\/2020\/05\/Roma-Museo-Nacional-Romano-Palazzo-Massimo-Terme-409x272.jpg 409w, https:\/\/saltaconmigo.com\/blog\/wp-content\/uploads\/2020\/05\/Roma-Museo-Nacional-Romano-Palazzo-Massimo-Terme-640x427.jpg 640w\" sizes=\"auto, (max-width: 800px) 100vw, 800px\" \/><figcaption class=\"wp-element-caption\">El Palazzo Massimo<\/figcaption><\/figure>\n<\/div>\n\n\n<p class=\"wp-block-paragraph\">Los <strong>museos del Estado<\/strong> son <a href=\"https:\/\/saltaconmigo.com\/blog\/2023\/04\/museos-gratis-en-roma-primer-domingo-de-mes\/\">gratuitos el primer domingo del mes en Roma<\/a> \u2013<a href=\"https:\/\/cultura.gov.it\/domenicalmuseo#LAZIO\" target=\"_blank\" rel=\"noopener\">aqu\u00ed<\/a> tienes el listado de todos los del pa\u00eds, los de Roma est\u00e1n en la regi\u00f3n de Lazio\u2013, confirma primero en sus <em>webs<\/em> oficiales porque no es todos los meses. Entre ellos, el Museo Nacional Romano \u2013las cuatro sedes: las termas de Diocleciano, el palazzo Altemps, el palazzo Massimo y la Cripta Balbi\u2013, <a href=\"https:\/\/saltaconmigo.com\/blog\/2021\/09\/ostia-antica-roma-italia-mapa\/\">Ostia Antica<\/a>, las <a href=\"https:\/\/saltaconmigo.com\/blog\/2020\/12\/termas-de-caracalla-en-roma\/\">termas de Caracalla<\/a>\u2026 El <a href=\"https:\/\/saltaconmigo.com\/blog\/2020\/01\/coliseo-de-roma-visita-entradas-precios-horarios\/\">Coliseo<\/a>, el Foro Romano o <a href=\"https:\/\/saltaconmigo.com\/blog\/2019\/07\/castillo-de-sant-angelo-roma\/\">Castel Sant\u2019Angelo<\/a> tambi\u00e9n tienen d\u00edas espec\u00edficos de entrada gratis que indican en sus <em>webs.<\/em><\/p>\n\n\n<div class=\"wp-block-image\">\n<figure class=\"aligncenter\"><img loading=\"lazy\" decoding=\"async\" width=\"800\" height=\"534\" src=\"https:\/\/saltaconmigo.com\/blog\/wp-content\/uploads\/2020\/05\/Roma-Castel-Sant-Angelo-Puente.jpg\" alt=\"Roma Castel Sant Angelo Puente\" class=\"wp-image-43955\" title=\"Castel Sant'Angelo desde el puente\" srcset=\"https:\/\/saltaconmigo.com\/blog\/wp-content\/uploads\/2020\/05\/Roma-Castel-Sant-Angelo-Puente.jpg 800w, https:\/\/saltaconmigo.com\/blog\/wp-content\/uploads\/2020\/05\/Roma-Castel-Sant-Angelo-Puente-300x200.jpg 300w, https:\/\/saltaconmigo.com\/blog\/wp-content\/uploads\/2020\/05\/Roma-Castel-Sant-Angelo-Puente-768x513.jpg 768w, https:\/\/saltaconmigo.com\/blog\/wp-content\/uploads\/2020\/05\/Roma-Castel-Sant-Angelo-Puente-626x418.jpg 626w, https:\/\/saltaconmigo.com\/blog\/wp-content\/uploads\/2020\/05\/Roma-Castel-Sant-Angelo-Puente-409x272.jpg 409w, https:\/\/saltaconmigo.com\/blog\/wp-content\/uploads\/2020\/05\/Roma-Castel-Sant-Angelo-Puente-640x427.jpg 640w\" sizes=\"auto, (max-width: 800px) 100vw, 800px\" \/><figcaption class=\"wp-element-caption\">Castel Sant&#8217;Angelo desde el puente<\/figcaption><\/figure>\n<\/div>\n\n\n<p class=\"wp-block-paragraph\">La <a href=\"https:\/\/saltaconmigo.com\/blog\/2020\/09\/galeria-borghese-roma\/\"><strong>Galleria Borghese<\/strong><\/a> ofrece gratuitamente los \u00faltimos tres turnos \u201313:00, 15:00 y 17:00\u2013 de cada segundo mi\u00e9rcoles del mes. En tiempos de pandemia parece haber desaparecido esa gratuidad&#8230;<\/p>\n\n\n\n<p class=\"wp-block-paragraph\">El 25 de abril, d\u00eda de la Liberaci\u00f3n de Italia, hay bastantes museos y sitios arqueol\u00f3gicos gratuitos, echa un vistazo a sus p\u00e1ginas web oficiales.<\/p>\n\n\n<div class=\"wp-block-image\">\n<figure class=\"aligncenter\"><img loading=\"lazy\" decoding=\"async\" width=\"800\" height=\"534\" src=\"https:\/\/saltaconmigo.com\/blog\/wp-content\/uploads\/2020\/05\/Roma-Panteon-Interior.jpg\" alt=\"Roma Panteon Interior\" class=\"wp-image-43966\" title=\"Interior del Pante\u00f3n de Agripa\" srcset=\"https:\/\/saltaconmigo.com\/blog\/wp-content\/uploads\/2020\/05\/Roma-Panteon-Interior.jpg 800w, https:\/\/saltaconmigo.com\/blog\/wp-content\/uploads\/2020\/05\/Roma-Panteon-Interior-300x200.jpg 300w, https:\/\/saltaconmigo.com\/blog\/wp-content\/uploads\/2020\/05\/Roma-Panteon-Interior-768x513.jpg 768w, https:\/\/saltaconmigo.com\/blog\/wp-content\/uploads\/2020\/05\/Roma-Panteon-Interior-626x418.jpg 626w, https:\/\/saltaconmigo.com\/blog\/wp-content\/uploads\/2020\/05\/Roma-Panteon-Interior-409x272.jpg 409w, https:\/\/saltaconmigo.com\/blog\/wp-content\/uploads\/2020\/05\/Roma-Panteon-Interior-640x427.jpg 640w\" sizes=\"auto, (max-width: 800px) 100vw, 800px\" \/><figcaption class=\"wp-element-caption\">Interior del Pante\u00f3n de Agripa<\/figcaption><\/figure>\n<\/div>\n\n\n<p class=\"wp-block-paragraph\">Monumentos que son siempre gratis en Roma: el <a href=\"https:\/\/saltaconmigo.com\/blog\/2019\/09\/panteon-de-agripa-roma\/\">Pante\u00f3n<\/a>, la <em>Bocca della Verit\u00e0<\/em> y la <em>Fontana di Trevi<\/em> \u2013bueno, esto est\u00e1 claro, es una fuente en la calle\u2013, adem\u00e1s de la mayor\u00eda de las iglesias. Con eso, las <a href=\"https:\/\/saltaconmigo.com\/blog\/2020\/05\/plazas-en-roma\/\">plazas de Roma<\/a>, los parques, etc. tendr\u00e1s mucho que ver sin pagar ni un euro.<\/p>\n\n\n\n<h2 class=\"wp-block-heading\" id=\"tarjetas\">Las tarjetas <em>Roma Pass<\/em> y <em>Omnia Card<\/em><\/h2>\n\n\n\n<p class=\"wp-block-paragraph\">Dependiendo de la cantidad de lugares tur\u00edsticos y museos que quieras visitar, puede merecer la pena que te hagas con una tarjeta que los incluya. En Roma hay dos tipos, te damos los detalles en nuestro art\u00edculo <a href=\"https:\/\/saltaconmigo.com\/blog\/2021\/07\/roma-pass-omnia-card\/\"><strong>Roma Pass y Omnia Card: opini\u00f3n y d\u00f3nde comprarla<\/strong><\/a>, pero te adelantamos las caracter\u00edsticas principales.<\/p>\n\n\n\n<p class=\"wp-block-paragraph\">La <a href=\"https:\/\/www.getyourguide.es\/rome-l33\/roma-pass-48-hour-city-card-with-transportation-t68896\/\" target=\"_blank\" rel=\"noreferrer noopener sponsored nofollow\"><em><strong>Roma Pass<\/strong><\/em><\/a> permite la entrada gratuita a uno o dos de ellos \u2013uno con la Roma Pass de dos d\u00edas y dos con la de tres d\u00edas\u2013 y la entrada a precio reducido al resto. Adem\u00e1s, incluye el transporte p\u00fablico durante esos d\u00edas.<\/p>\n\n\n<div class=\"wp-block-image\">\n<figure class=\"aligncenter\"><img loading=\"lazy\" decoding=\"async\" width=\"800\" height=\"534\" src=\"https:\/\/saltaconmigo.com\/blog\/wp-content\/uploads\/2020\/05\/Roma-Jardin-Naranjos-Hora-Azul.jpg\" alt=\"Roma Jardin Naranjos Hora Azul\" class=\"wp-image-43961\" title=\"Hora azul desde el Jard\u00edn de los Naranjos\" srcset=\"https:\/\/saltaconmigo.com\/blog\/wp-content\/uploads\/2020\/05\/Roma-Jardin-Naranjos-Hora-Azul.jpg 800w, https:\/\/saltaconmigo.com\/blog\/wp-content\/uploads\/2020\/05\/Roma-Jardin-Naranjos-Hora-Azul-300x200.jpg 300w, https:\/\/saltaconmigo.com\/blog\/wp-content\/uploads\/2020\/05\/Roma-Jardin-Naranjos-Hora-Azul-768x513.jpg 768w, https:\/\/saltaconmigo.com\/blog\/wp-content\/uploads\/2020\/05\/Roma-Jardin-Naranjos-Hora-Azul-626x418.jpg 626w, https:\/\/saltaconmigo.com\/blog\/wp-content\/uploads\/2020\/05\/Roma-Jardin-Naranjos-Hora-Azul-409x272.jpg 409w, https:\/\/saltaconmigo.com\/blog\/wp-content\/uploads\/2020\/05\/Roma-Jardin-Naranjos-Hora-Azul-640x427.jpg 640w\" sizes=\"auto, (max-width: 800px) 100vw, 800px\" \/><figcaption class=\"wp-element-caption\">Hora azul desde el Jard\u00edn de los Naranjos<\/figcaption><\/figure>\n<\/div>\n\n\n<p class=\"wp-block-paragraph\">La <em><strong>Omnia Card + Roma Pass 72 h<\/strong><\/em> permite la entrada a los Museos Vaticanos, con la Capilla Sixtina, y el acceso a la Bas\u00edlica de San Pedro sin colas. Tambi\u00e9n incluye dos entradas a elegir entre el Coliseo, el Foro Romano y la Colina Palatina, los <a href=\"https:\/\/saltaconmigo.com\/blog\/2020\/02\/museos-capitolinos-roma\/\">Museos Capitolinos<\/a>, la Galer\u00eda Borghese y el Museo Nacional del Castel Sant\u2019Angelo. Como la Roma Pass, tambi\u00e9n incluye el transporte p\u00fablico y, adem\u00e1s, el autob\u00fas tur\u00edstico. <a href=\"https:\/\/www.civitatis.com\/es\/roma\/omnia-vatican-rome-card\/?aid=1259&amp;cmp=consejos_roma\" target=\"_blank\" rel=\"sponsored nofollow noopener noreferrer\">Aqu\u00ed<\/a> puedes ver el <strong>precio<\/strong> y comprobar si te interesa.<\/p>\n\n\n\n<p class=\"wp-block-paragraph\">Nosotros solo hemos usado la <a href=\"https:\/\/www.getyourguide.es\/rome-l33\/roma-pass-48-hour-city-card-with-transportation-t68896\/\" target=\"_blank\" rel=\"noreferrer noopener sponsored nofollow\"><em>Roma Pass<\/em><\/a> y nos pareci\u00f3 muy \u00fatil. Aunque creas que la entrada gratuita solo a uno o dos lugares es poco, ten en cuenta que las entradas reducidas son muy baratas \u2013al Coliseo, por ejemplo, son \u00a12 \u20ac!\u2013.<\/p>\n\n\n\n<h2 class=\"wp-block-heading\" id=\"hoteles\">Hoteles en Roma: d\u00f3nde dormir en el centro, \u00bfhay hoteles baratos?<\/h2>\n\n\n\n<p class=\"wp-block-paragraph\">En <strong>Roma<\/strong>, como en el resto de grandes ciudades tur\u00edsticas italianas, <strong>los hoteles no son muy baratos<\/strong> y, a paridad de categor\u00eda, suelen tener un nivel inferior a los espa\u00f1oles. Normalmente, la comparaci\u00f3n funciona al quitarle una estrella.<\/p>\n\n\n<div class=\"wp-block-image\">\n<figure class=\"aligncenter\"><img loading=\"lazy\" decoding=\"async\" width=\"800\" height=\"534\" src=\"https:\/\/saltaconmigo.com\/blog\/wp-content\/uploads\/2020\/05\/Roma-Trastevere-Calle.jpg\" alt=\"Roma Trastevere Calle\" class=\"wp-image-43971\" title=\"Una calle de Trastevere\" srcset=\"https:\/\/saltaconmigo.com\/blog\/wp-content\/uploads\/2020\/05\/Roma-Trastevere-Calle.jpg 800w, https:\/\/saltaconmigo.com\/blog\/wp-content\/uploads\/2020\/05\/Roma-Trastevere-Calle-300x200.jpg 300w, https:\/\/saltaconmigo.com\/blog\/wp-content\/uploads\/2020\/05\/Roma-Trastevere-Calle-768x513.jpg 768w, https:\/\/saltaconmigo.com\/blog\/wp-content\/uploads\/2020\/05\/Roma-Trastevere-Calle-626x418.jpg 626w, https:\/\/saltaconmigo.com\/blog\/wp-content\/uploads\/2020\/05\/Roma-Trastevere-Calle-409x272.jpg 409w, https:\/\/saltaconmigo.com\/blog\/wp-content\/uploads\/2020\/05\/Roma-Trastevere-Calle-640x427.jpg 640w\" sizes=\"auto, (max-width: 800px) 100vw, 800px\" \/><figcaption class=\"wp-element-caption\">Una calle de Trastevere<\/figcaption><\/figure>\n<\/div>\n\n\n<p class=\"wp-block-paragraph\"><strong>Ojo con las ofertas<\/strong>: muchos de los hoteles que salen en ellas est\u00e1n alejados del centro. Aunque la relaci\u00f3n calidad-precio est\u00e9 bien, vas a perder mucho tiempo todos los d\u00edas para llegar hasta los monumentos que querr\u00e1s visitar. Y salir de noche, aunque solo sea a pasear, ser\u00e1 misi\u00f3n imposible. No creemos que merezca la pena el ahorro.<\/p>\n\n\n\n<p class=\"wp-block-paragraph\">\u00bf<strong>D\u00f3nde alojarse en Roma<\/strong> entonces? En cuanto a comodidad, lo mejor es estar en el <strong>centro<\/strong>. Considera un m\u00e1ximo de 2 km alrededor del <a href=\"https:\/\/saltaconmigo.com\/blog\/2019\/09\/panteon-de-agripa-roma\/\">Pante\u00f3n de Agripa<\/a> para hacerte una idea. M\u00e1s cerca mejor, claro \u2013aunque la zona del Pante\u00f3n es muy cara\u2013. Si est\u00e1s un poco alejado, aseg\u00farate de tener una parada de metro cerca, aunque el horario nocturno del metro no es muy amplio.&nbsp;<\/p>\n\n\n<div class=\"wp-block-image\">\n<figure class=\"aligncenter\"><img loading=\"lazy\" decoding=\"async\" width=\"800\" height=\"534\" src=\"https:\/\/saltaconmigo.com\/blog\/wp-content\/uploads\/2020\/05\/Roma-Plaza-Navona.jpg\" alt=\"Roma Plaza Navona\" class=\"wp-image-43968\" title=\"La Plaza Navona\" srcset=\"https:\/\/saltaconmigo.com\/blog\/wp-content\/uploads\/2020\/05\/Roma-Plaza-Navona.jpg 800w, https:\/\/saltaconmigo.com\/blog\/wp-content\/uploads\/2020\/05\/Roma-Plaza-Navona-300x200.jpg 300w, https:\/\/saltaconmigo.com\/blog\/wp-content\/uploads\/2020\/05\/Roma-Plaza-Navona-768x513.jpg 768w, https:\/\/saltaconmigo.com\/blog\/wp-content\/uploads\/2020\/05\/Roma-Plaza-Navona-626x418.jpg 626w, https:\/\/saltaconmigo.com\/blog\/wp-content\/uploads\/2020\/05\/Roma-Plaza-Navona-409x272.jpg 409w, https:\/\/saltaconmigo.com\/blog\/wp-content\/uploads\/2020\/05\/Roma-Plaza-Navona-640x427.jpg 640w\" sizes=\"auto, (max-width: 800px) 100vw, 800px\" \/><figcaption class=\"wp-element-caption\">La Plaza Navona<\/figcaption><\/figure>\n<\/div>\n\n\n<p class=\"wp-block-paragraph\"><strong>\u00bfCu\u00e1les son las zonas m\u00e1s baratas para dormir en Roma?<\/strong> Dentro del centro, la zona cercana a la estaci\u00f3n Termini y piazza Vittorio, el barrio Esquilino y la parte m\u00e1s c\u00e9ntrica de Torpignattara, es la m\u00e1s barata. Tambi\u00e9n se supone que es de los <strong>barrios m\u00e1s peligrosos de Roma<\/strong>, por lo menos en cuanto a hurtos. Hace muchos a\u00f1os nos quedamos en la zona y, aunque no tiene buena pinta de noche, no nos pareci\u00f3 tan peligroso.<\/p>\n\n\n\n<p class=\"wp-block-paragraph\">Otra zona con mucha mejor pinta, y tambi\u00e9n relativamente barata considerando que sigues en el centro, es la zona del rione Prati: el barrio al norte de Ciudad del Vaticano. Es una zona residencial bonita y bien comunicada, gracias al metro Ottaviano.<\/p>\n\n\n\n<h3 class=\"wp-block-heading\">Hoteles aconsejados y precios<\/h3>\n\n\n\n<p class=\"wp-block-paragraph\">Tenemos que confesar que casi no hemos dormido en <a href=\"https:\/\/www.booking.com\/searchresults.en.html?city=-126693&amp;aid=844890&amp;no_rooms=1&amp;group_adults=2\" target=\"_blank\" rel=\"sponsored nofollow noopener noreferrer\"><strong>hoteles en Roma<\/strong><\/a>. Muchas veces vamos y volvemos en el d\u00eda desde Jesi y, cuando estuvimos casi un mes, nos quedamos en una casa. A\u00fan as\u00ed, tenemos una recomendaci\u00f3n: el <a href=\"https:\/\/www.booking.com\/hotel\/it\/hotelvirgilioroma.en.html?aid=844890&amp;no_rooms=1&amp;group_adults=2\" target=\"_blank\" rel=\"sponsored nofollow noopener noreferrer\"><strong>Hotel Virgilio<\/strong><\/a>. Lo descubrimos en uno de nuestros \u00faltimos viajes: c\u00e9ntrico, muy bien de precio y con buenas habitaciones.&nbsp;<\/p>\n\n\n<div class=\"wp-block-image\">\n<figure class=\"aligncenter\"><img loading=\"lazy\" decoding=\"async\" width=\"800\" height=\"534\" src=\"https:\/\/saltaconmigo.com\/blog\/wp-content\/uploads\/2020\/05\/Roma-Museos-Capitalinos-Loba-Capitolina.jpg\" alt=\"Roma Museos Capitalinos Loba Capitolina\" class=\"wp-image-43963\" title=\"La Loba Capitolina en los Museos Capitolinos\" srcset=\"https:\/\/saltaconmigo.com\/blog\/wp-content\/uploads\/2020\/05\/Roma-Museos-Capitalinos-Loba-Capitolina.jpg 800w, https:\/\/saltaconmigo.com\/blog\/wp-content\/uploads\/2020\/05\/Roma-Museos-Capitalinos-Loba-Capitolina-300x200.jpg 300w, https:\/\/saltaconmigo.com\/blog\/wp-content\/uploads\/2020\/05\/Roma-Museos-Capitalinos-Loba-Capitolina-768x513.jpg 768w, https:\/\/saltaconmigo.com\/blog\/wp-content\/uploads\/2020\/05\/Roma-Museos-Capitalinos-Loba-Capitolina-626x418.jpg 626w, https:\/\/saltaconmigo.com\/blog\/wp-content\/uploads\/2020\/05\/Roma-Museos-Capitalinos-Loba-Capitolina-409x272.jpg 409w, https:\/\/saltaconmigo.com\/blog\/wp-content\/uploads\/2020\/05\/Roma-Museos-Capitalinos-Loba-Capitolina-640x427.jpg 640w\" sizes=\"auto, (max-width: 800px) 100vw, 800px\" \/><figcaption class=\"wp-element-caption\">La Loba Capitolina en los Museos Capitolinos<\/figcaption><\/figure>\n<\/div>\n\n\n<p class=\"wp-block-paragraph\">Si viajas en <strong>temporada alta<\/strong>, te aconsejamos reservar con al menos un par de meses de antelaci\u00f3n para encontrar precios aceptables.<\/p>\n\n\n\n<h2 class=\"wp-block-heading\" id=\"comer\">D\u00f3nde comer en Roma: restaurantes y m\u00e1s<\/h2>\n\n\n\n<p class=\"wp-block-paragraph\">Mucho c\u00f3mo llegar, moverse, visitar, ahorrar\u2026 pero \u00bfy comer? Comer en Roma es cosa muy seria y da para un art\u00edculo. De hecho, lo hemos escrito: <a href=\"https:\/\/saltaconmigo.com\/blog\/2025\/03\/donde-comer-en-roma-restaurantes\/\"><strong>D\u00f3nde comer en Roma, restaurantes y m\u00e1s<\/strong><\/a>. Ya puedes ir eligiendo los lugares en los que probar los <em>tonnarelli cacio e pepe<\/em>, los <em>spaghetti alla carbonara<\/em>, la <em>trippa alla romana<\/em>, el <em>abbacchio<\/em>, las alcachofas, los helados\u2026 Que no se viaja a la Ciudad Eterna para adelgazar.<\/p>\n\n\n<div class=\"wp-block-image\">\n<figure class=\"aligncenter\"><img loading=\"lazy\" decoding=\"async\" width=\"800\" height=\"534\" src=\"https:\/\/saltaconmigo.com\/blog\/wp-content\/uploads\/2020\/04\/Comida-Tipica-Centro-Italia-Lazio-Trippa.jpg\" alt=\"Comida Tipica Centro Italia Lazio Trippa\" class=\"wp-image-43287\" title=\"Los callos a la romana, la trippa alla romana\" srcset=\"https:\/\/saltaconmigo.com\/blog\/wp-content\/uploads\/2020\/04\/Comida-Tipica-Centro-Italia-Lazio-Trippa.jpg 800w, https:\/\/saltaconmigo.com\/blog\/wp-content\/uploads\/2020\/04\/Comida-Tipica-Centro-Italia-Lazio-Trippa-300x200.jpg 300w, https:\/\/saltaconmigo.com\/blog\/wp-content\/uploads\/2020\/04\/Comida-Tipica-Centro-Italia-Lazio-Trippa-768x513.jpg 768w, https:\/\/saltaconmigo.com\/blog\/wp-content\/uploads\/2020\/04\/Comida-Tipica-Centro-Italia-Lazio-Trippa-626x418.jpg 626w, https:\/\/saltaconmigo.com\/blog\/wp-content\/uploads\/2020\/04\/Comida-Tipica-Centro-Italia-Lazio-Trippa-409x272.jpg 409w, https:\/\/saltaconmigo.com\/blog\/wp-content\/uploads\/2020\/04\/Comida-Tipica-Centro-Italia-Lazio-Trippa-640x427.jpg 640w\" sizes=\"auto, (max-width: 800px) 100vw, 800px\" \/><figcaption class=\"wp-element-caption\">Los callos a la romana, la trippa alla romana<\/figcaption><\/figure>\n<\/div>\n\n\n<h2 class=\"wp-block-heading\" id=\"cuando\">Cu\u00e1ndo viajar a Roma: clima y fiestas<\/h2>\n\n\n\n<p class=\"wp-block-paragraph\">Si solo tienes vacaciones en verano, puedes plantearte <strong>visitar Roma en agosto<\/strong>. Si no, no te lo recomendamos, y en julio tampoco \u2013dir\u00edamos casi desde mitad de junio hasta mitad de septiembre\u2013. Hace mucho calor, con lo cual la experiencia no va a ser de las mejores. En agosto, adem\u00e1s, muchos restaurantes no exclusivamente para turistas cierran, es cuando la mayor\u00eda de romanos se va de vacaciones.<\/p>\n\n\n<div class=\"wp-block-image\">\n<figure class=\"aligncenter\"><img loading=\"lazy\" decoding=\"async\" width=\"800\" height=\"569\" src=\"https:\/\/saltaconmigo.com\/blog\/wp-content\/uploads\/2020\/05\/Roma-Plaza-Campidoglio.jpg\" alt=\"Roma Plaza Campidoglio\" class=\"wp-image-43967\" title=\"La Plaza del Campidoglio\" srcset=\"https:\/\/saltaconmigo.com\/blog\/wp-content\/uploads\/2020\/05\/Roma-Plaza-Campidoglio.jpg 800w, https:\/\/saltaconmigo.com\/blog\/wp-content\/uploads\/2020\/05\/Roma-Plaza-Campidoglio-300x213.jpg 300w, https:\/\/saltaconmigo.com\/blog\/wp-content\/uploads\/2020\/05\/Roma-Plaza-Campidoglio-768x546.jpg 768w\" sizes=\"auto, (max-width: 800px) 100vw, 800px\" \/><figcaption class=\"wp-element-caption\">La Plaza del Campidoglio<\/figcaption><\/figure>\n<\/div>\n\n\n<p class=\"wp-block-paragraph\">En cuanto a <strong>clima<\/strong>, la <strong>mejor \u00e9poca es la primavera y el oto\u00f1o<\/strong>. Eso s\u00ed, sigue siendo <strong>temporada alta<\/strong>: de abril a junio y de septiembre a octubre. Los precios son altos y hay muchos turistas. Gente vas a encontrar todo el a\u00f1o, \u00a1es Roma! Uno de los meses con menos turistas es febrero \u2013<strong>noviembre-febrero es temporada baja<\/strong>\u2013.<\/p>\n\n\n\n<h3 class=\"wp-block-heading\">Las fiestas<\/h3>\n\n\n\n<p class=\"wp-block-paragraph\">Mira tambi\u00e9n el calendario de festividades italianas, en los puentes suben los precios y hay m\u00e1s gente. Adem\u00e1s de fiestas internacionales y cat\u00f3licas como el 1 y el 6 de enero, el 1 de mayo, el 15 de agosto, el 1 de noviembre y el 25 de diciembre, tambi\u00e9n son festivos el lunes de Pascua; el 25 de abril \u2013fiesta de liberaci\u00f3n del fascismo\u2013; el 2 de junio \u2013fiesta de la Rep\u00fablica\u2013, y el 26 de diciembre \u2013San Esteban\u2013.<\/p>\n\n\n<div class=\"wp-block-image\">\n<figure class=\"aligncenter\"><img loading=\"lazy\" decoding=\"async\" width=\"800\" height=\"534\" src=\"https:\/\/saltaconmigo.com\/blog\/wp-content\/uploads\/2020\/05\/Roma-Natale-di-Roma-Desfile.jpg\" alt=\"Roma Natale di Roma Desfile\" class=\"wp-image-43965\" title=\"El desfile de la fiesta Natale di Roma\" srcset=\"https:\/\/saltaconmigo.com\/blog\/wp-content\/uploads\/2020\/05\/Roma-Natale-di-Roma-Desfile.jpg 800w, https:\/\/saltaconmigo.com\/blog\/wp-content\/uploads\/2020\/05\/Roma-Natale-di-Roma-Desfile-300x200.jpg 300w, https:\/\/saltaconmigo.com\/blog\/wp-content\/uploads\/2020\/05\/Roma-Natale-di-Roma-Desfile-768x513.jpg 768w, https:\/\/saltaconmigo.com\/blog\/wp-content\/uploads\/2020\/05\/Roma-Natale-di-Roma-Desfile-626x418.jpg 626w, https:\/\/saltaconmigo.com\/blog\/wp-content\/uploads\/2020\/05\/Roma-Natale-di-Roma-Desfile-409x272.jpg 409w, https:\/\/saltaconmigo.com\/blog\/wp-content\/uploads\/2020\/05\/Roma-Natale-di-Roma-Desfile-640x427.jpg 640w\" sizes=\"auto, (max-width: 800px) 100vw, 800px\" \/><figcaption class=\"wp-element-caption\">El desfile de la fiesta Natale di Roma<\/figcaption><\/figure>\n<\/div>\n\n\n<p class=\"wp-block-paragraph\">A\u00fan as\u00ed, las fiestas tienen su encanto. Visitar <a href=\"https:\/\/saltaconmigo.com\/blog\/2024\/12\/que-hacer-en-roma-en-navidad-nochevieja\/\">Roma en Navidades y Nochevieja<\/a> o en Semana Santa puede ser sugestivo \u2013m\u00e1s a\u00fan si eres cat\u00f3lico practicante\u2013. As\u00ed como asistir a las celebraciones de las fiestas nacionales \u201325 de abril y 2 de junio\u2013 y locales \u2013los patronos de Roma, los ap\u00f3stoles Pedro y Pablo, el 29 de junio\u2013. O a algunas fiestas peculiares como el <em>Natale di Roma<\/em>, el \u201ccumplea\u00f1os\u201d de la ciudad, desde su fundaci\u00f3n m\u00edtica por parte de R\u00f3mulo, en 753 a.C. Hay un desfile con trajes de romanos antiguos y participantes de todo el mundo. En este caso, adem\u00e1s, la fiesta no es muy conocida y no hay mucha gente. En la misma \u00e9poca \u2013de mediados de abril a principios de mayo\u2013 la Plaza de Espa\u00f1a se decora con azaleas.<\/p>\n\n\n\n<p class=\"wp-block-paragraph\">Si viajas en verano, tambi\u00e9n te encontrar\u00e1s con algunas de las fiestas m\u00e1s caracter\u00edsticas de la ciudad: la <em>Festa de Noantri<\/em> \u2013las fiestas de Trastevere\u2013 en julio y <em>Lungo il Tevere<\/em>, de junio a septiembre, con celebraciones al aire libre alrededor del r\u00edo Tiber.<\/p>\n\n\n\n<h2 class=\"wp-block-heading\" id=\"seguridad\">\u00bfRoma es peligrosa? Seguridad, salud y seguro de viaje<\/h2>\n\n\n\n<p class=\"wp-block-paragraph\">En general, <strong>Roma es una ciudad bastante segura<\/strong>. Eso s\u00ed, la cantidad de turistas que recibe la convierte en un lugar muy atractivo para <strong>carteristas y ladrones al descuido<\/strong>. Es poco probable que sufras un robo, pero no un hurto. Deber\u00edas estar atento a tus pertenencias cuando pares en un restaurante, te sientes en la calle o camines por lugares llenos de gente \u2013echa un vistazo a nuestros <a href=\"https:\/\/saltaconmigo.com\/blog\/2015\/02\/seguridad-en-los-viajes-como-viajar-seguros\/\">consejos para viajar seguro<\/a>\u2013. Tienes que tener especial cuidado en los vagones de metro, en los autobuses y en las zonas contiguas a las estaciones de tren, en particular Termini, pero tambi\u00e9n Ostiense y Tiburtina.<\/p>\n\n\n<div class=\"wp-block-image\">\n<figure class=\"aligncenter\"><img loading=\"lazy\" decoding=\"async\" width=\"800\" height=\"534\" src=\"https:\/\/saltaconmigo.com\/blog\/wp-content\/uploads\/2020\/05\/Roma-Palazzo-Colonna.jpg\" alt=\"Roma Palazzo Colonna\" class=\"wp-image-43975\" title=\"Interior del Palazzo Colonna\" srcset=\"https:\/\/saltaconmigo.com\/blog\/wp-content\/uploads\/2020\/05\/Roma-Palazzo-Colonna.jpg 800w, https:\/\/saltaconmigo.com\/blog\/wp-content\/uploads\/2020\/05\/Roma-Palazzo-Colonna-300x200.jpg 300w, https:\/\/saltaconmigo.com\/blog\/wp-content\/uploads\/2020\/05\/Roma-Palazzo-Colonna-768x513.jpg 768w, https:\/\/saltaconmigo.com\/blog\/wp-content\/uploads\/2020\/05\/Roma-Palazzo-Colonna-626x418.jpg 626w, https:\/\/saltaconmigo.com\/blog\/wp-content\/uploads\/2020\/05\/Roma-Palazzo-Colonna-409x272.jpg 409w, https:\/\/saltaconmigo.com\/blog\/wp-content\/uploads\/2020\/05\/Roma-Palazzo-Colonna-640x427.jpg 640w\" sizes=\"auto, (max-width: 800px) 100vw, 800px\" \/><figcaption class=\"wp-element-caption\">Interior del Palazzo Colonna<\/figcaption><\/figure>\n<\/div>\n\n\n<p class=\"wp-block-paragraph\"><strong>\u00bfHay barrios particularmente inseguros en Roma?<\/strong> S\u00ed, pero la mayor\u00eda est\u00e1n en las afueras, as\u00ed que los turistas no llegan ah\u00ed. La \u00fanica excepci\u00f3n es, como dec\u00edamos en el apartado de hoteles y d\u00f3nde dormir, la zona que rodea la estaci\u00f3n de Termini y la piazza Vittorio.<\/p>\n\n\n\n<p class=\"wp-block-paragraph\">La <strong>sanidad en Italia es gratuita<\/strong> para los extranjeros, tengas o no tarjeta sanitaria europea. As\u00ed que, si tienes alg\u00fan problema de salud, ac\u00e9rcate a un hospital p\u00fablico cuanto antes.<\/p>\n\n\n\n<p class=\"wp-block-paragraph\">El hecho de que la sanidad sea gratuita no significa que no te merezca la pena contratar un seguro \u2013tambi\u00e9n para acceder a la sanidad privada y hacer menos cola\u2013. M\u00e1s all\u00e1 de los problemas m\u00e9dicos, los robos, los retrasos, que nadie est\u00e1 libre de romper algo que no deba\u2026 Te damos m\u00e1s detalles en <strong><a href=\"https:\/\/saltaconmigo.com\/blog\/2022\/03\/seguro-de-viaje-italia\/\">Seguro de viaje para Italia, recomendaciones y consejos<\/a><\/strong>, y te recordamos que contratando tu <strong>seguro de IATI<\/strong> desde <a href=\"https:\/\/www.iatiseguros.com\/?r=21058501929524&amp;cmp=consejosita\" target=\"_blank\" rel=\"sponsored nofollow noopener noreferrer\">aqu\u00ed<\/a> tienes un <strong>5% de descuento<\/strong>. Si tienes previsto visitar m\u00e1s pa\u00edses, echa un vistazo al <a href=\"https:\/\/saltaconmigo.com\/blog\/2022\/05\/mejor-seguro-de-viaje-para-europa\/\"><strong>mejor seguro de viaje para Europa<\/strong><\/a> o a <a href=\"https:\/\/saltaconmigo.com\/blog\/2024\/02\/mejor-seguro-de-viaje-internacional\/\"><strong>c\u00f3mo elegir el mejor seguro de viaje internacional<\/strong><\/a>.<\/p>\n\n\n<div class=\"wp-block-image\">\n<figure class=\"aligncenter\"><img loading=\"lazy\" decoding=\"async\" width=\"800\" height=\"534\" src=\"https:\/\/saltaconmigo.com\/blog\/wp-content\/uploads\/2020\/05\/Roma-Columna-Marco-Aurelio.jpg\" alt=\"Roma Columna Marco Aurelio\" class=\"wp-image-43974\" title=\"Columna de Marco Aurelio\" srcset=\"https:\/\/saltaconmigo.com\/blog\/wp-content\/uploads\/2020\/05\/Roma-Columna-Marco-Aurelio.jpg 800w, https:\/\/saltaconmigo.com\/blog\/wp-content\/uploads\/2020\/05\/Roma-Columna-Marco-Aurelio-300x200.jpg 300w, https:\/\/saltaconmigo.com\/blog\/wp-content\/uploads\/2020\/05\/Roma-Columna-Marco-Aurelio-768x513.jpg 768w, https:\/\/saltaconmigo.com\/blog\/wp-content\/uploads\/2020\/05\/Roma-Columna-Marco-Aurelio-626x418.jpg 626w, https:\/\/saltaconmigo.com\/blog\/wp-content\/uploads\/2020\/05\/Roma-Columna-Marco-Aurelio-409x272.jpg 409w, https:\/\/saltaconmigo.com\/blog\/wp-content\/uploads\/2020\/05\/Roma-Columna-Marco-Aurelio-640x427.jpg 640w\" sizes=\"auto, (max-width: 800px) 100vw, 800px\" \/><figcaption class=\"wp-element-caption\">Columna de Marco Aurelio<\/figcaption><\/figure>\n<\/div>\n\n\n<p class=\"wp-block-paragraph\">Otra cuesti\u00f3n es la limpieza. En muchas ocasiones, desafortunadamente, encontrar\u00e1s papeleras y contenedores a reventar y las calles no muy limpias, sobre todo en algunas zonas. Eso puede dar tambi\u00e9n cierta apariencia de inseguridad.<\/p>\n\n\n\n<h2 class=\"wp-block-heading\" id=\"noche\">Roma de noche<\/h2>\n\n\n\n<p class=\"wp-block-paragraph\">Los barrios poco seguros, como los <strong>alrededores de Termini,<\/strong> es mejor <strong>evitarlos de noche<\/strong>. Mejor pasear lo menos posible y coger un taxi en caso de no sentirse seguros.<\/p>\n\n\n<div class=\"wp-block-image\">\n<figure class=\"aligncenter\"><img loading=\"lazy\" decoding=\"async\" width=\"800\" height=\"534\" src=\"https:\/\/saltaconmigo.com\/blog\/wp-content\/uploads\/2020\/05\/Roma-Coliseo-Noche.jpg\" alt=\"Roma Coliseo Noche\" class=\"wp-image-43957\" title=\"El Coliseo iluminado de noche\" srcset=\"https:\/\/saltaconmigo.com\/blog\/wp-content\/uploads\/2020\/05\/Roma-Coliseo-Noche.jpg 800w, https:\/\/saltaconmigo.com\/blog\/wp-content\/uploads\/2020\/05\/Roma-Coliseo-Noche-300x200.jpg 300w, https:\/\/saltaconmigo.com\/blog\/wp-content\/uploads\/2020\/05\/Roma-Coliseo-Noche-768x513.jpg 768w, https:\/\/saltaconmigo.com\/blog\/wp-content\/uploads\/2020\/05\/Roma-Coliseo-Noche-626x418.jpg 626w, https:\/\/saltaconmigo.com\/blog\/wp-content\/uploads\/2020\/05\/Roma-Coliseo-Noche-409x272.jpg 409w, https:\/\/saltaconmigo.com\/blog\/wp-content\/uploads\/2020\/05\/Roma-Coliseo-Noche-640x427.jpg 640w\" sizes=\"auto, (max-width: 800px) 100vw, 800px\" \/><figcaption class=\"wp-element-caption\">El Coliseo iluminado de noche<\/figcaption><\/figure>\n<\/div>\n\n\n<p class=\"wp-block-paragraph\">No podemos dar muchos consejos sobre <strong>salir de noche en Roma<\/strong> en el sentido de salir de fiesta, porque a nosotros no nos gusta. S\u00ed que nos gusta pasear por el casco hist\u00f3rico con la ciudad iluminada, eso no deber\u00edas perd\u00e9rtelo.<\/p>\n\n\n<div class=\"wp-block-image\">\n<figure class=\"aligncenter\"><img loading=\"lazy\" decoding=\"async\" width=\"800\" height=\"534\" src=\"https:\/\/saltaconmigo.com\/blog\/wp-content\/uploads\/2020\/05\/Roma-San-Pedro-Noche.jpg\" alt=\"Roma San Pedro Noche\" class=\"wp-image-43970\" title=\"Reflejo nocturno de la c\u00fapula de San Pedro\" srcset=\"https:\/\/saltaconmigo.com\/blog\/wp-content\/uploads\/2020\/05\/Roma-San-Pedro-Noche.jpg 800w, https:\/\/saltaconmigo.com\/blog\/wp-content\/uploads\/2020\/05\/Roma-San-Pedro-Noche-300x200.jpg 300w, https:\/\/saltaconmigo.com\/blog\/wp-content\/uploads\/2020\/05\/Roma-San-Pedro-Noche-768x513.jpg 768w, https:\/\/saltaconmigo.com\/blog\/wp-content\/uploads\/2020\/05\/Roma-San-Pedro-Noche-626x418.jpg 626w, https:\/\/saltaconmigo.com\/blog\/wp-content\/uploads\/2020\/05\/Roma-San-Pedro-Noche-409x272.jpg 409w, https:\/\/saltaconmigo.com\/blog\/wp-content\/uploads\/2020\/05\/Roma-San-Pedro-Noche-640x427.jpg 640w\" sizes=\"auto, (max-width: 800px) 100vw, 800px\" \/><figcaption class=\"wp-element-caption\">Reflejo nocturno de la c\u00fapula de San Pedro<\/figcaption><\/figure>\n<\/div>\n\n\n<p class=\"wp-block-paragraph\">Por lo que s\u00e9 y por los amigos y familia que tengo o he tenido viviendo ah\u00ed, las zonas de marcha son los barrios de Ostiense y Testaccio \u2013para discotecas\u2013, Pigneto y San Lorenzo \u2013un poco m\u00e1s \u201calternativos\u201d\u2013 y Ponte Milvio y Parioli \u2013m\u00e1s pijos\u2013. En el centro, suele reunirse bastante gente en Campo de\u2019 Fiori y en Trastevere. En verano la zona del T\u00edber tambi\u00e9n tiene bastante marcha, aunque muchos romanos se van hacia la playa, en Ostia Lido.<\/p>\n\n\n\n<h2 class=\"wp-block-heading\" id=\"info\">M\u00e1s informaci\u00f3n pr\u00e1ctica para el viaje<\/h2>\n\n\n\n<p class=\"wp-block-paragraph\">Algunos datos m\u00e1s para ayudarte con tu <strong>viaje a Roma<\/strong>.<\/p>\n\n\n\n<ul class=\"wp-block-list\">\n<li>Los <strong>enchufes<\/strong>: son como en Espa\u00f1a, tipo C. Para los de clavija gorda, tipo F, necesitar\u00e1s un adaptador \u2013un simple ladr\u00f3n ser\u00e1 suficiente\u2013.<\/li>\n\n\n\n<li>El <strong>voltaje y la frecuencia<\/strong>: son los mismos que en Espa\u00f1a, 220-230V y 50 Hz.<\/li>\n\n\n\n<li><strong>Tel\u00e9fono<\/strong>: si tienes tarjeta espa\u00f1ola, no hay roaming en Italia. Como en el resto de la Uni\u00f3n Europea, podr\u00e1s usar tu SIM con datos y llamadas como si estuvieras en Espa\u00f1a.<\/li>\n\n\n\n<li><strong>Wifi<\/strong>: hay wifi gratuito en todos los hoteles y en la mayor\u00eda de bares y restaurantes.<\/li>\n\n\n\n<li><strong>Vestimenta<\/strong> en iglesias y en los Museos Vaticanos: faldas debajo de las rodillas o pantalones largos y hombros cubiertos \u2013ni tirantes ni camisetas sin mangas\u2013.<\/li>\n\n\n\n<li><strong>Propinas<\/strong>: no son obligatorias en ning\u00fan lado. Se suele redondear el precio del taxi. Se puede dejar uno o dos euros en las pizzer\u00edas y nunca m\u00e1s del 10% de la cuenta en otros tipos de restaurantes, aunque la mayor\u00eda ya cobra el cubierto y el servicio.<\/li>\n\n\n\n<li><strong>Cruzar la calle<\/strong>: si no est\u00e1s acostumbrado, puede ser misi\u00f3n imposible. Cruza decidido, si no lo haces, los coches no parar\u00e1n.<\/li>\n\n\n\n<li><strong>Horarios<\/strong>: las tiendas suelen estar abiertas de 9 h a 20 h, en el centro abren tambi\u00e9n los domingos. Hay supermercados con horarios muy amplios, incluso 24h. Se come pronto respecto a Espa\u00f1a, los restaurantes cierran antes de las 15 h y de las 23 h por la noche \u2013algo m\u00e1s tarde en verano\u2013.<\/li>\n\n\n\n<li><strong>Agua en Roma<\/strong>: no olvides llevar un bid\u00f3n para rellenar con el agua de Roma. La ciudad est\u00e1 llena de fuentes y el agua es muy rica, \u00a1as\u00ed no contribuir\u00e1s a llenar Roma de pl\u00e1stico!<\/li>\n<\/ul>\n\n\n<div class=\"wp-block-image\">\n<figure class=\"aligncenter\"><img loading=\"lazy\" decoding=\"async\" width=\"800\" height=\"534\" src=\"https:\/\/saltaconmigo.com\/blog\/wp-content\/uploads\/2020\/05\/Roma-Atardecer-Castel-Sant-Angelo.jpg\" alt=\"Roma Atardecer Castel Sant'Angelo\" class=\"wp-image-43977\" title=\"Atardecer sobre Roma desde la terraza de Castel Sant'Angelo\" srcset=\"https:\/\/saltaconmigo.com\/blog\/wp-content\/uploads\/2020\/05\/Roma-Atardecer-Castel-Sant-Angelo.jpg 800w, https:\/\/saltaconmigo.com\/blog\/wp-content\/uploads\/2020\/05\/Roma-Atardecer-Castel-Sant-Angelo-300x200.jpg 300w, https:\/\/saltaconmigo.com\/blog\/wp-content\/uploads\/2020\/05\/Roma-Atardecer-Castel-Sant-Angelo-768x513.jpg 768w, https:\/\/saltaconmigo.com\/blog\/wp-content\/uploads\/2020\/05\/Roma-Atardecer-Castel-Sant-Angelo-626x418.jpg 626w, https:\/\/saltaconmigo.com\/blog\/wp-content\/uploads\/2020\/05\/Roma-Atardecer-Castel-Sant-Angelo-409x272.jpg 409w, https:\/\/saltaconmigo.com\/blog\/wp-content\/uploads\/2020\/05\/Roma-Atardecer-Castel-Sant-Angelo-640x427.jpg 640w\" sizes=\"auto, (max-width: 800px) 100vw, 800px\" \/><figcaption class=\"wp-element-caption\">Atardecer sobre Roma desde la terraza de Castel Sant&#8217;Angelo<\/figcaption><\/figure>\n<\/div>\n\n\n<p class=\"wp-block-paragraph\">\u00a1A disfrutar de la Ciudad Eterna!<\/p>\n\n\n<div class=\"cajaVenta\">\n<p>\u00bfQuieres <strong>viajar a Roma<\/strong>? Aqu\u00ed puedes hacerlo:<\/p>\n<ul class=\"avion\">\n \t<li>Busca tu <strong>vuelo m\u00e1s barato a Roma<\/strong> <a title=\"Vuelos baratos a Roma\" href=\"https:\/\/www.skyscanner.net\/g\/referrals\/v1\/flights\/cheap-flights-to?adId=1100662&amp;campaignId=13416&amp;currency=EUR&amp;destination=ROME&amp;locale=es-ES&amp;market=ES&amp;mediaPartnerId=1205554\" target=\"_blank\" rel=\"sponsored nofollow noopener noreferrer\">aqu\u00ed<\/a>.<\/li>\n<\/ul>\n<ul class=\"hotel\">\n \t<li>Escoge el <strong>hotel que m\u00e1s te guste en Roma al mejor precio<\/strong> <a title=\"Reserva tu hotel al mejor precio\" href=\"https:\/\/www.booking.com\/searchresults.en.html?city=-126693&amp;aid=844890&amp;no_rooms=1&amp;group_adults=2\" target=\"_blank\" rel=\"sponsored nofollow noopener noreferrer\">aqu\u00ed<\/a>.<\/li>\n<\/ul>\n<ul class=\"coche\">\n \t<li>Compra tu <strong>tarjeta Omnia Card + Roma Pass<\/strong> para tener transporte p\u00fablico ilimitado y acceso a monumentos sin colas <a href=\"https:\/\/www.civitatis.com\/es\/roma\/omnia-vatican-rome-card\/?aid=1259\" target=\"_blank\" rel=\"sponsored nofollow noopener noreferrer\">aqu\u00ed<\/a> o contrata tu <strong>traslado desde el aeropuerto a tu hotel<\/strong> <a href=\"https:\/\/www.civitatis.com\/es\/roma\/traslados\/?aid=1259\" target=\"_blank\" rel=\"sponsored nofollow noopener noreferrer\">aqu\u00ed<\/a>.<\/li>\n<\/ul>\n<ul class=\"guias\">\n \t<li>Hazte con las <strong>mejores gu\u00edas de Roma<\/strong> <a title=\"Compra tu gu\u00eda de viaje al mejor precio\" href=\"http:\/\/amzn.to\/2yCy8LV\" target=\"_blank\" rel=\"sponsored nofollow noopener noreferrer\">aqu\u00ed<\/a>.<\/li>\n<\/ul>\n<ul class=\"tour\">\n \t<li>Contrata tu <strong><em>tour<\/em> guiado en Roma<\/strong> y s\u00e1ltate las colas <a href=\"https:\/\/www.civitatis.com\/roma\/actividades\/?aid=1259\" target=\"_blank\" rel=\"sponsored nofollow noopener noreferrer\">aqu\u00ed<\/a>.<\/li>\n<\/ul>\n<ul class=\"seguro\">\n \t<li>Contrata tu <strong>seguro de viaje con un 5% de descuento<\/strong> <a title=\"Contrata tu seguro de viaje al mejor precio\" href=\"https:\/\/www.iatiseguros.com\/?r=21058501929524&#038;cmp=cv_roma\" target=\"_blank\" rel=\"sponsored nofollow noopener noreferrer noindex\">aqu\u00ed<\/a>.<\/li>\n<\/ul>\n<ul class=\"tarjeta\">\n \t<li>Hazte con la <strong>mejor tarjeta de viaje y recibe 10 \u20ac de recompensa<\/strong> <a href=\"https:\/\/revolut.ngih.net\/c\/1205554\/1576621\/9626\" target=\"_blank\" rel=\"sponsored nofollow noopener noreferrer noindex\">aqu\u00ed<\/a>.<\/li>\n<\/ul>\n<\/div>","protected":false},"excerpt":{"rendered":"<p>Todo lo que necesitas saber a la hora de preparar tu viaje a Roma: desde los requisitos de entrada hasta c\u00f3mo llegar, pasando por d\u00f3nde dormir, qu\u00e9 atracciones necesitas reservar, d\u00edas gratuitos&#8230; Y lo que necesitas saber cuando est\u00e9s all\u00ed: c\u00f3mo moverse y d\u00f3nde y qu\u00e9 comer.<\/p>\n","protected":false},"author":3,"featured_media":43972,"comment_status":"open","ping_status":"open","sticky":false,"template":"","format":"standard","meta":{"footnotes":""},"categories":[110,135,3,202,90],"tags":[419],"class_list":["post-43908","post","type-post","status-publish","format-standard","has-post-thumbnail","hentry","category-europa","category-utilidades","category-italia","category-lacio","category-roma","tag-419"],"_links":{"self":[{"href":"https:\/\/saltaconmigo.com\/blog\/wp-json\/wp\/v2\/posts\/43908","targetHints":{"allow":["GET"]}}],"collection":[{"href":"https:\/\/saltaconmigo.com\/blog\/wp-json\/wp\/v2\/posts"}],"about":[{"href":"https:\/\/saltaconmigo.com\/blog\/wp-json\/wp\/v2\/types\/post"}],"author":[{"embeddable":true,"href":"https:\/\/saltaconmigo.com\/blog\/wp-json\/wp\/v2\/users\/3"}],"replies":[{"embeddable":true,"href":"https:\/\/saltaconmigo.com\/blog\/wp-json\/wp\/v2\/comments?post=43908"}],"version-history":[{"count":1,"href":"https:\/\/saltaconmigo.com\/blog\/wp-json\/wp\/v2\/posts\/43908\/revisions"}],"predecessor-version":[{"id":69997,"href":"https:\/\/saltaconmigo.com\/blog\/wp-json\/wp\/v2\/posts\/43908\/revisions\/69997"}],"wp:featuredmedia":[{"embeddable":true,"href":"https:\/\/saltaconmigo.com\/blog\/wp-json\/wp\/v2\/media\/43972"}],"wp:attachment":[{"href":"https:\/\/saltaconmigo.com\/blog\/wp-json\/wp\/v2\/media?parent=43908"}],"wp:term":[{"taxonomy":"category","embeddable":true,"href":"https:\/\/saltaconmigo.com\/blog\/wp-json\/wp\/v2\/categories?post=43908"},{"taxonomy":"post_tag","embeddable":true,"href":"https:\/\/saltaconmigo.com\/blog\/wp-json\/wp\/v2\/tags?post=43908"}],"curies":[{"name":"wp","href":"https:\/\/api.w.org\/{rel}","templated":true}]}}