{"id":34368,"date":"2018-07-23T08:47:29","date_gmt":"2018-07-23T06:47:29","guid":{"rendered":"https:\/\/saltaconmigo.com\/blog\/?p=34368"},"modified":"2021-08-05T17:33:48","modified_gmt":"2021-08-05T15:33:48","slug":"kilmainham-gaol-carcel-de-dublin","status":"publish","type":"post","link":"https:\/\/saltaconmigo.com\/blog\/2018\/07\/kilmainham-gaol-carcel-de-dublin\/","title":{"rendered":"Kilmainham Gaol, la c\u00e1rcel m\u00e1s famosa de Dubl\u00edn"},"content":{"rendered":"<p>Todo el mundo habla maravillas de los mercados y recomienda hacerles un hueco en cualquier viaje. Eso s\u00ed, probablemente nunca te hayan dicho lo mismo de una <strong>c\u00e1rcel,<\/strong> ni te hayas planteado visitar una\u2026 Nosotros s\u00ed, pero tambi\u00e9n somos de los que nos acercamos a los cementerios. \u00bfSomos raros? Un poco, para qu\u00e9 negarlo. Pero ten por seguro que <strong>Kilmainham Gaol<\/strong> no puede quedar fuera del listado de cosas <a href=\"https:\/\/saltaconmigo.com\/blog\/2018\/06\/que-ver-en-dublin-en-3-dias-4\/\"><strong>que ver en Dubl\u00edn<\/strong><\/a>.<\/p>\n<p><img loading=\"lazy\" decoding=\"async\" class=\"aligncenter wp-image-34407 size-full\" title=\"El interior victoriano de Kilmainham Gaol\" src=\"https:\/\/saltaconmigo.com\/blog\/wp-content\/uploads\/2018\/07\/Irlanda-Dublin-Kilmainham-Gaol-Ala-Victoriana-Luz.jpg\" alt=\"Irlanda Dublin Kilmainham Gaol Ala Victoriana Luz\" width=\"640\" height=\"427\" srcset=\"https:\/\/saltaconmigo.com\/blog\/wp-content\/uploads\/2018\/07\/Irlanda-Dublin-Kilmainham-Gaol-Ala-Victoriana-Luz.jpg 640w, https:\/\/saltaconmigo.com\/blog\/wp-content\/uploads\/2018\/07\/Irlanda-Dublin-Kilmainham-Gaol-Ala-Victoriana-Luz-300x200.jpg 300w, https:\/\/saltaconmigo.com\/blog\/wp-content\/uploads\/2018\/07\/Irlanda-Dublin-Kilmainham-Gaol-Ala-Victoriana-Luz-360x240.jpg 360w\" sizes=\"auto, (max-width: 640px) 100vw, 640px\" \/><\/p>\n<p>M\u00e1s all\u00e1 de la arquitectura de su <strong>ala victoriana<\/strong> \u2013la primera c\u00e1rcel \u201cmoderna\u201d y luminosa del Imperio Brit\u00e1nico, todav\u00eda lo era en ese momento\u2013, lo que pas\u00f3 entre sus muros y dentro de sus celdas la convierte en <strong>uno de los lugares m\u00e1s importantes en la historia de Irlanda<\/strong>. Al menos, en la creaci\u00f3n del propio pa\u00eds.<\/p>\n<p>Prep\u00e1rate para descubrir un poco de esa historia y las condiciones en que viv\u00edan los presos en el siglo XIX. Las cosas, por fortuna, han cambiado mucho.<\/p>\n<h2>La historia de la c\u00e1rcel de Kilmainham, la c\u00e1rcel nueva de Dubl\u00edn<\/h2>\n<p>La <strong>c\u00e1rcel de Kilmainham<\/strong>, <strong>Kilmainham Gaol<\/strong>, se construy\u00f3 en 1796 para sustituir la vieja prisi\u00f3n que estaba a pocos metros. De hecho, se la conoc\u00eda, al principio, como \u201cla c\u00e1rcel nueva\u201d.<\/p>\n<p><img loading=\"lazy\" decoding=\"async\" class=\"aligncenter wp-image-34412 size-full\" title=\"Los muros exteriores de Kilmainham Gaol, la c\u00e1rcel de Dubl\u00edn\" src=\"https:\/\/saltaconmigo.com\/blog\/wp-content\/uploads\/2018\/07\/Irlanda-Dublin-Kilmainham-Gaol-Exterior.jpg\" alt=\"Irlanda Dublin Kilmainham Gaol Exterior\" width=\"640\" height=\"427\" srcset=\"https:\/\/saltaconmigo.com\/blog\/wp-content\/uploads\/2018\/07\/Irlanda-Dublin-Kilmainham-Gaol-Exterior.jpg 640w, https:\/\/saltaconmigo.com\/blog\/wp-content\/uploads\/2018\/07\/Irlanda-Dublin-Kilmainham-Gaol-Exterior-300x200.jpg 300w, https:\/\/saltaconmigo.com\/blog\/wp-content\/uploads\/2018\/07\/Irlanda-Dublin-Kilmainham-Gaol-Exterior-360x240.jpg 360w\" sizes=\"auto, (max-width: 640px) 100vw, 640px\" \/><\/p>\n<div class=\"rinconSC\">\n<p><span class=\"titulo\">\u00bfSab\u00edas que&#8230;?<\/span><\/p>\n<hr>\n<p>La palabra <strong><em>gaol<\/em><\/strong> significa <strong>c\u00e1rcel en ingl\u00e9s antiguo<\/strong>. Y, dado lo antiguo de la c\u00e1rcel de Kilmainham, lo ha mantenido en su nombre en lugar del m\u00e1s habitual en la actualidad <em>\u201cprison\u201d.<\/em><\/p>\n<\/div>\n<p>Paseando por el ala m\u00e1s antigua del edificio uno se siente inc\u00f3modo. No ayuda que el gu\u00eda te explique que, en aquellos d\u00edas, <strong>hombres, mujeres y ni\u00f1os viv\u00edan juntos<\/strong> y cada uno se ten\u00eda que buscar su seguridad. Tampoco ayuda que cuente \u2013aunque se ve y se siente\u2013 que <strong>no hab\u00eda cristales en las ventanas<\/strong> y que el viento aullaba en invierno por los pasillos. Menos a\u00fan que la iluminaci\u00f3n era a base de <strong>velas,<\/strong> lo que la hac\u00eda tenebrosa y peligrosa por los posibles incendios.<\/p>\n<p><img loading=\"lazy\" decoding=\"async\" class=\"aligncenter wp-image-34417 size-full\" title=\"Los pasillos del la c\u00e1rcel de Kilmainham original\" src=\"https:\/\/saltaconmigo.com\/blog\/wp-content\/uploads\/2018\/07\/Irlanda-Dublin-Kilmainham-Gaol-Pasillo-Ventanas.jpg\" alt=\"Irlanda Dublin Kilmainham Gaol Pasillo Ventanas\" width=\"640\" height=\"427\" srcset=\"https:\/\/saltaconmigo.com\/blog\/wp-content\/uploads\/2018\/07\/Irlanda-Dublin-Kilmainham-Gaol-Pasillo-Ventanas.jpg 640w, https:\/\/saltaconmigo.com\/blog\/wp-content\/uploads\/2018\/07\/Irlanda-Dublin-Kilmainham-Gaol-Pasillo-Ventanas-300x200.jpg 300w, https:\/\/saltaconmigo.com\/blog\/wp-content\/uploads\/2018\/07\/Irlanda-Dublin-Kilmainham-Gaol-Pasillo-Ventanas-360x240.jpg 360w\" sizes=\"auto, (max-width: 640px) 100vw, 640px\" \/><\/p>\n<p>El dato de que las <strong>condenas a muerte<\/strong> eran habituales \u2013hasta 1865 fueron ahorcados unos 130 hombres\u2013 no hace que la imagen de la c\u00e1rcel mejore. Paredes gruesas, pasillos oscuros, puertas macizas\u2026 casi como las <strong>mazmorras de un castillo medieval<\/strong> un poco actualizadas.<\/p>\n<p><img loading=\"lazy\" decoding=\"async\" class=\"aligncenter wp-image-34416 size-full\" title=\"Las puertas de las antiguas celdas de la c\u00e1rcel de Kilmainham, Dubl\u00edn\" src=\"https:\/\/saltaconmigo.com\/blog\/wp-content\/uploads\/2018\/07\/Irlanda-Dublin-Kilmainham-Gaol-Pasillo-Puertas.jpg\" alt=\"Irlanda Dublin Kilmainham Gaol Pasillo Puertas\" width=\"640\" height=\"427\" srcset=\"https:\/\/saltaconmigo.com\/blog\/wp-content\/uploads\/2018\/07\/Irlanda-Dublin-Kilmainham-Gaol-Pasillo-Puertas.jpg 640w, https:\/\/saltaconmigo.com\/blog\/wp-content\/uploads\/2018\/07\/Irlanda-Dublin-Kilmainham-Gaol-Pasillo-Puertas-300x200.jpg 300w, https:\/\/saltaconmigo.com\/blog\/wp-content\/uploads\/2018\/07\/Irlanda-Dublin-Kilmainham-Gaol-Pasillo-Puertas-360x240.jpg 360w\" sizes=\"auto, (max-width: 640px) 100vw, 640px\" \/><\/p>\n<h3>La gran hambruna irlandesa en Kilmainham Gaol<\/h3>\n<p>La idea inicial era que s\u00f3lo hubiera un preso por celda, pero eso pronto se \u201colvid\u00f3\u201d. Parte de culpa la tuvo la <strong>gran hambruna irlandesa<\/strong> a mediados del siglo XIX. Una plaga arras\u00f3 los <strong>cultivos de patata<\/strong> de toda Europa. En Irlanda, donde un tercio de la poblaci\u00f3n depend\u00eda de ese tub\u00e9rculo, las consecuencias fueron desastrosas. M\u00e1s de un mill\u00f3n de personas murieron en el pa\u00eds y un mill\u00f3n y medio m\u00e1s abandonaron los campos con la esperanza de una vida mejor en las ciudades.<\/p>\n<p><img loading=\"lazy\" decoding=\"async\" class=\"aligncenter wp-image-34408 size-full\" title=\"El interior de una celda a trav\u00e9s de la mirilla\" src=\"https:\/\/saltaconmigo.com\/blog\/wp-content\/uploads\/2018\/07\/Irlanda-Dublin-Kilmainham-Gaol-Celda-Mirilla.jpg\" alt=\"Irlanda Dublin Kilmainham Gaol Celda Mirilla\" width=\"640\" height=\"427\" srcset=\"https:\/\/saltaconmigo.com\/blog\/wp-content\/uploads\/2018\/07\/Irlanda-Dublin-Kilmainham-Gaol-Celda-Mirilla.jpg 640w, https:\/\/saltaconmigo.com\/blog\/wp-content\/uploads\/2018\/07\/Irlanda-Dublin-Kilmainham-Gaol-Celda-Mirilla-300x200.jpg 300w, https:\/\/saltaconmigo.com\/blog\/wp-content\/uploads\/2018\/07\/Irlanda-Dublin-Kilmainham-Gaol-Celda-Mirilla-360x240.jpg 360w\" sizes=\"auto, (max-width: 640px) 100vw, 640px\" \/><\/p>\n<p>Evidentemente, las ciudades no eran la tierra prometida y muchos acabaron <strong>mendigando en las calles<\/strong>. A causa de ese aumento, la <strong>mendicidad fue declarada ilegal<\/strong> y la c\u00e1rcel se satur\u00f3. Eso s\u00ed, durante ese periodo de hambruna, en el interior de <strong>Kilmainham Gaol<\/strong> s\u00f3lo <strong>murieron 63 presos<\/strong>. Parece que la vida aqu\u00ed era mejor que en las calles&#8230;<\/p>\n<h3>Modernizando la c\u00e1rcel en la \u00e9poca victoriana<\/h3>\n<p>En 1860, plena \u00e9poca victoriana, se construye una <strong>nueva ala<\/strong>, el ala este. Todo cambia: de la oscuridad y los pasillos laber\u00ednticos a la <strong>luz<\/strong> y la <strong>visi\u00f3n de 360 grados<\/strong>. Desde el centro del pabell\u00f3n \u2013donde se encontraban los guardias\u2013 se pod\u00edan ver todas las celdas de un vistazo. Se buscaba el arrepentimiento y la reforma de los presos a trav\u00e9s del <strong>poder de la luz<\/strong>. Los presos ya estaban separados: las mujeres y los ni\u00f1os estaban en la parte de abajo.<\/p>\n<p><img loading=\"lazy\" decoding=\"async\" class=\"aligncenter wp-image-34406 size-full\" title=\"La imagen m\u00e1s conocida de Kilmainham Gaol, el ala victoriana\" src=\"https:\/\/saltaconmigo.com\/blog\/wp-content\/uploads\/2018\/07\/Irlanda-Dublin-Kilmainham-Gaol-Ala-Victoriana-Frontal.jpg\" alt=\"Irlanda Dublin Kilmainham Gaol Ala Victoriana Frontal\" width=\"640\" height=\"427\" srcset=\"https:\/\/saltaconmigo.com\/blog\/wp-content\/uploads\/2018\/07\/Irlanda-Dublin-Kilmainham-Gaol-Ala-Victoriana-Frontal.jpg 640w, https:\/\/saltaconmigo.com\/blog\/wp-content\/uploads\/2018\/07\/Irlanda-Dublin-Kilmainham-Gaol-Ala-Victoriana-Frontal-300x200.jpg 300w, https:\/\/saltaconmigo.com\/blog\/wp-content\/uploads\/2018\/07\/Irlanda-Dublin-Kilmainham-Gaol-Ala-Victoriana-Frontal-360x240.jpg 360w\" sizes=\"auto, (max-width: 640px) 100vw, 640px\" \/><\/p>\n<p>\u00c9sta es la <strong>imagen m\u00e1s conocida de la c\u00e1rcel<\/strong> y, seguramente, te recuerde a alguna que has visto en el cine \u2013probablemente ella misma\u2013 o en documentales \u2013sirvi\u00f3 de ejemplo para otras\u2013.<\/p>\n<p>Una demostraci\u00f3n m\u00e1s de la <strong>eficiencia victoriana<\/strong> es que, gracias a un sistema de montacargas y poleas, la comida llegaba caliente desde las cocinas \u2013en el s\u00f3tano\u2013 a todas las celdas de la nueva ala.<\/p>\n<p><img loading=\"lazy\" decoding=\"async\" class=\"aligncenter wp-image-34405 size-full\" title=\"La escalera de caracol para subir a las plantas superiores\" src=\"https:\/\/saltaconmigo.com\/blog\/wp-content\/uploads\/2018\/07\/Irlanda-Dublin-Kilmainham-Gaol-Ala-Victoriana-Escalera-Ojo-Pez.jpg\" alt=\"Irlanda Dublin Kilmainham Gaol Ala Victoriana Escalera Ojo Pez\" width=\"640\" height=\"427\" srcset=\"https:\/\/saltaconmigo.com\/blog\/wp-content\/uploads\/2018\/07\/Irlanda-Dublin-Kilmainham-Gaol-Ala-Victoriana-Escalera-Ojo-Pez.jpg 640w, https:\/\/saltaconmigo.com\/blog\/wp-content\/uploads\/2018\/07\/Irlanda-Dublin-Kilmainham-Gaol-Ala-Victoriana-Escalera-Ojo-Pez-300x200.jpg 300w, https:\/\/saltaconmigo.com\/blog\/wp-content\/uploads\/2018\/07\/Irlanda-Dublin-Kilmainham-Gaol-Ala-Victoriana-Escalera-Ojo-Pez-360x240.jpg 360w\" sizes=\"auto, (max-width: 640px) 100vw, 640px\" \/><\/p>\n<h3>El final de la c\u00e1rcel y el nacimiento del museo<\/h3>\n<p>El <strong>\u00faltimo preso de Kilmainham Gaol<\/strong> fue \u00c9amon de Valera \u2013el que fuera despu\u00e9s presidente de Irlanda\u2013 que sali\u00f3 de la c\u00e1rcel el 16 de julio de 1924. Fueron <strong>casi 130 a\u00f1os de actividad<\/strong> durante los que cientos de presos pasaron por sus celdas.<\/p>\n<p><img loading=\"lazy\" decoding=\"async\" class=\"aligncenter wp-image-34411 size-full\" title=\"La c\u00e1rcel y el museo de Kilmainham\" src=\"https:\/\/saltaconmigo.com\/blog\/wp-content\/uploads\/2018\/07\/Irlanda-Dublin-Kilmainham-Gaol-Entrada.jpg\" alt=\"Irlanda Dublin Kilmainham Gaol Entrada\" width=\"640\" height=\"427\" srcset=\"https:\/\/saltaconmigo.com\/blog\/wp-content\/uploads\/2018\/07\/Irlanda-Dublin-Kilmainham-Gaol-Entrada.jpg 640w, https:\/\/saltaconmigo.com\/blog\/wp-content\/uploads\/2018\/07\/Irlanda-Dublin-Kilmainham-Gaol-Entrada-300x200.jpg 300w, https:\/\/saltaconmigo.com\/blog\/wp-content\/uploads\/2018\/07\/Irlanda-Dublin-Kilmainham-Gaol-Entrada-360x240.jpg 360w\" sizes=\"auto, (max-width: 640px) 100vw, 640px\" \/><\/p>\n<p>Despu\u00e9s de ese momento, qued\u00f3 <strong>abandonada<\/strong> y, aunque se propuso varias veces convertirla en museo, tambi\u00e9n se valor\u00f3 su completa demolici\u00f3n \u2013no se llev\u00f3 a cabo por el coste que supon\u00edan las obras\u2013. A partir de los a\u00f1os 50 del siglo XX, la <strong>Kilmainham Gaol Restoration Society<\/strong> se encarg\u00f3 de su rehabilitaci\u00f3n y su transformaci\u00f3n en museo \u2013no lo hemos incluido entre nuestros <a href=\"https:\/\/saltaconmigo.com\/blog\/2020\/02\/museos-de-dublin\/\"><strong>museos de Dubl\u00edn imprescindibles<\/strong><\/a>, porque el lugar ya es imprescindible con o sin museo\u2013.<\/p>\n<p><img loading=\"lazy\" decoding=\"async\" class=\"aligncenter wp-image-34414 size-full\" title=\"Objetos de la c\u00e1rcel expuestos en el museo\" src=\"https:\/\/saltaconmigo.com\/blog\/wp-content\/uploads\/2018\/07\/Irlanda-Dublin-Kilmainham-Gaol-Museo-Candados-Cepos.jpg\" alt=\"Irlanda Dublin Kilmainham Gaol Museo Candados Cepos\" width=\"640\" height=\"427\" srcset=\"https:\/\/saltaconmigo.com\/blog\/wp-content\/uploads\/2018\/07\/Irlanda-Dublin-Kilmainham-Gaol-Museo-Candados-Cepos.jpg 640w, https:\/\/saltaconmigo.com\/blog\/wp-content\/uploads\/2018\/07\/Irlanda-Dublin-Kilmainham-Gaol-Museo-Candados-Cepos-300x200.jpg 300w, https:\/\/saltaconmigo.com\/blog\/wp-content\/uploads\/2018\/07\/Irlanda-Dublin-Kilmainham-Gaol-Museo-Candados-Cepos-360x240.jpg 360w\" sizes=\"auto, (max-width: 640px) 100vw, 640px\" \/><\/p>\n<h2>Kilmainham Gaol, el lugar m\u00e1s importante de la historia de Irlanda<\/h2>\n<p>Decir que un lugar espec\u00edfico es el <strong>m\u00e1s importante de la historia<\/strong> de un pa\u00eds es bastante arriesgado. De hecho, nosotros lo escribimos tal y como nos lo contaron durante la visita guiada. Eso s\u00ed, cuando nos lo explicaron, no dejamos de estar de acuerdo.<\/p>\n<p>Aunque la idea de independencia de Londres no era nueva, el <strong>levantamiento de Pascua de 1916<\/strong> marc\u00f3 un antes y un despu\u00e9s. Y no fue porque toda la poblaci\u00f3n siguiera a los sublevados \u2013que no lo hicieron porque casi todos ten\u00edan familiares combatiendo con el ej\u00e9rcito brit\u00e1nico en la Primera Guerra Mundial y tem\u00edan las represalias\u2013, sino por lo que sucedi\u00f3 despu\u00e9s con los l\u00edderes del alzamiento.<\/p>\n<p><img loading=\"lazy\" decoding=\"async\" class=\"aligncenter wp-image-34415 size-full\" title=\"En el museo se cuenta m\u00e1s del alzamiento de Pascua y se pueden ver cartas de los l\u00edderes antes de ser ejecutados\" src=\"https:\/\/saltaconmigo.com\/blog\/wp-content\/uploads\/2018\/07\/Irlanda-Dublin-Kilmainham-Gaol-Museo-Paneles.jpg\" alt=\"Irlanda Dublin Kilmainham Gaol Museo Paneles\" width=\"640\" height=\"427\" srcset=\"https:\/\/saltaconmigo.com\/blog\/wp-content\/uploads\/2018\/07\/Irlanda-Dublin-Kilmainham-Gaol-Museo-Paneles.jpg 640w, https:\/\/saltaconmigo.com\/blog\/wp-content\/uploads\/2018\/07\/Irlanda-Dublin-Kilmainham-Gaol-Museo-Paneles-300x200.jpg 300w, https:\/\/saltaconmigo.com\/blog\/wp-content\/uploads\/2018\/07\/Irlanda-Dublin-Kilmainham-Gaol-Museo-Paneles-360x240.jpg 360w\" sizes=\"auto, (max-width: 640px) 100vw, 640px\" \/><\/p>\n<p>Fue justamente eso lo que dispar\u00f3 el sentimiento independentista. Los propios irlandeses consideran que esos hechos, acontecidos en la <strong>c\u00e1rcel de Kilmainham<\/strong>, fueron el germen del nacimiento de la <strong>Rep\u00fablica de Irlanda<\/strong>.<\/p>\n<h2>La prisi\u00f3n del levantamiento de Pascua<\/h2>\n<p>\u00bfQu\u00e9 fue lo que sucedi\u00f3? Seguramente ya te habr\u00e1s hecho una idea\u2026 Las <strong>represiones brit\u00e1nicas<\/strong> fueron dur\u00edsimas y la <strong>c\u00e1rcel de Kilmainham<\/strong> se convirti\u00f3 en la <strong>prisi\u00f3n de los cabecillas de la rebeli\u00f3n<\/strong>. De hecho, gran parte de la fama de la c\u00e1rcel se debe a ellos, a pesar de que s\u00f3lo un 10% de sus presos tuvieron un car\u00e1cter \u201cpol\u00edtico\u201d \u2013entre comillas porque el alzamiento pol\u00edtico acab\u00f3 en revueltas y muertes\u2013.<\/p>\n<p><img loading=\"lazy\" decoding=\"async\" class=\"aligncenter wp-image-34421 size-full\" title=\"Placa en recuerdo de los l\u00edderes del alzamiento de Pascua ejecutados en la c\u00e1rcel de Kilmainham\" src=\"https:\/\/saltaconmigo.com\/blog\/wp-content\/uploads\/2018\/07\/Irlanda-Dublin-Kilmainham-Gaol-Patio-Placa-Alzamiento.jpg\" alt=\"Irlanda Dublin Kilmainham Gaol Patio Placa Alzamiento\" width=\"640\" height=\"427\" srcset=\"https:\/\/saltaconmigo.com\/blog\/wp-content\/uploads\/2018\/07\/Irlanda-Dublin-Kilmainham-Gaol-Patio-Placa-Alzamiento.jpg 640w, https:\/\/saltaconmigo.com\/blog\/wp-content\/uploads\/2018\/07\/Irlanda-Dublin-Kilmainham-Gaol-Patio-Placa-Alzamiento-300x200.jpg 300w, https:\/\/saltaconmigo.com\/blog\/wp-content\/uploads\/2018\/07\/Irlanda-Dublin-Kilmainham-Gaol-Patio-Placa-Alzamiento-360x240.jpg 360w\" sizes=\"auto, (max-width: 640px) 100vw, 640px\" \/><\/p>\n<p>Trece de los l\u00edderes del levantamiento fueron encarcelados en Kilmainham Gaol y posteriormente <strong>ejecutados en el Stonebreakers\u2019 Yard<\/strong>, el patio de la c\u00e1rcel. Una cruz marca el lugar. Un l\u00edder m\u00e1s, <strong>James Connolly<\/strong>, tambi\u00e9n fue ejecutado en el patio, aunque no estaba encarcelado all\u00ed. Su estado de salud \u2013estaba ingresado en el hospital del castillo de Dubl\u00edn\u2013 oblig\u00f3 a que lo trasladaran en ambulancia y a que fuera ejecutado sentado. No pod\u00eda mantenerse en pie, de hecho, lo ataron a la silla para que no se cayera. Otra cruz, frente a la anterior, recuerda el lugar de su ejecuci\u00f3n.<\/p>\n<p><img loading=\"lazy\" decoding=\"async\" class=\"aligncenter wp-image-34419 size-full\" title=\"La cruz que marca el lugar en que fueron ejecutados trece de los l\u00edderes del alzamiento de Pascua\" src=\"https:\/\/saltaconmigo.com\/blog\/wp-content\/uploads\/2018\/07\/Irlanda-Dublin-Kilmainham-Gaol-Patio-Cruz-Alzamiento.jpg\" alt=\"Irlanda Dublin Kilmainham Gaol Patio Cruz Alzamiento\" width=\"640\" height=\"427\" srcset=\"https:\/\/saltaconmigo.com\/blog\/wp-content\/uploads\/2018\/07\/Irlanda-Dublin-Kilmainham-Gaol-Patio-Cruz-Alzamiento.jpg 640w, https:\/\/saltaconmigo.com\/blog\/wp-content\/uploads\/2018\/07\/Irlanda-Dublin-Kilmainham-Gaol-Patio-Cruz-Alzamiento-300x200.jpg 300w, https:\/\/saltaconmigo.com\/blog\/wp-content\/uploads\/2018\/07\/Irlanda-Dublin-Kilmainham-Gaol-Patio-Cruz-Alzamiento-360x240.jpg 360w\" sizes=\"auto, (max-width: 640px) 100vw, 640px\" \/><\/p>\n<p>Durante la visita, el gu\u00eda va desgranando m\u00e1s <strong>historias relacionadas con el alzamiento<\/strong> y explica las relaciones entre muchos de los presos de una forma muy personal. Un recuerdo m\u00e1s, los nombres de algunos de ellos est\u00e1n escritos sobre las <strong>celdas en las que cumplieron su condena<\/strong>.<\/p>\n<p>Estas ejecuciones encendieron los \u00e1nimos de los irlandeses que cambiaron su recelo inicial por un decidido apoyo a la independencia, de ah\u00ed la importancia de la <strong>Kilmainham Gaol<\/strong> en la <strong>historia de la Irlanda moderna<\/strong>.<\/p>\n<p><img loading=\"lazy\" decoding=\"async\" class=\"aligncenter wp-image-34403 size-full\" title=\"La celda de \u00c9amon de Valera (izquierda), el \u00faltimo preso de Kilmainham Gaol\" src=\"https:\/\/saltaconmigo.com\/blog\/wp-content\/uploads\/2018\/07\/Irlanda-Dublin-Kilmainham-Gaol-Ala-Victoriana-Celdas-Alzamiento.jpg\" alt=\"Irlanda Dublin Kilmainham Gaol Ala Victoriana Celdas Alzamiento\" width=\"640\" height=\"427\" srcset=\"https:\/\/saltaconmigo.com\/blog\/wp-content\/uploads\/2018\/07\/Irlanda-Dublin-Kilmainham-Gaol-Ala-Victoriana-Celdas-Alzamiento.jpg 640w, https:\/\/saltaconmigo.com\/blog\/wp-content\/uploads\/2018\/07\/Irlanda-Dublin-Kilmainham-Gaol-Ala-Victoriana-Celdas-Alzamiento-300x200.jpg 300w, https:\/\/saltaconmigo.com\/blog\/wp-content\/uploads\/2018\/07\/Irlanda-Dublin-Kilmainham-Gaol-Ala-Victoriana-Celdas-Alzamiento-360x240.jpg 360w\" sizes=\"auto, (max-width: 640px) 100vw, 640px\" \/><\/p>\n<p>Durante la visita nos explicaron que los ejecutados no fueron los \u00fanicos presos \u201cpol\u00edticos\u201d de la c\u00e1rcel de Kilmainham. La <strong>primera mujer elegida para ser diputada en la C\u00e1mara de los Comunes<\/strong>, <strong>Constance Markievicz<\/strong>, tambi\u00e9n cumpli\u00f3 condena en la c\u00e1rcel. Su condici\u00f3n de mujer fue el motivo para que su pena de muerte fuera conmutada a cadena perpetua. Condena que termin\u00f3 con la amnist\u00eda general de 1917.<\/p>\n<p><img loading=\"lazy\" decoding=\"async\" class=\"aligncenter wp-image-34410 size-full\" title=\"Celdas del ala antigua de la c\u00e1rcel de Kilmainham\" src=\"https:\/\/saltaconmigo.com\/blog\/wp-content\/uploads\/2018\/07\/Irlanda-Dublin-Kilmainham-Gaol-Celdas-Superiores.jpg\" alt=\"Irlanda Dublin Kilmainham Gaol Celdas Superiores\" width=\"640\" height=\"427\" srcset=\"https:\/\/saltaconmigo.com\/blog\/wp-content\/uploads\/2018\/07\/Irlanda-Dublin-Kilmainham-Gaol-Celdas-Superiores.jpg 640w, https:\/\/saltaconmigo.com\/blog\/wp-content\/uploads\/2018\/07\/Irlanda-Dublin-Kilmainham-Gaol-Celdas-Superiores-300x200.jpg 300w, https:\/\/saltaconmigo.com\/blog\/wp-content\/uploads\/2018\/07\/Irlanda-Dublin-Kilmainham-Gaol-Celdas-Superiores-360x240.jpg 360w\" sizes=\"auto, (max-width: 640px) 100vw, 640px\" \/><\/p>\n<p>De igual forma, la <strong>primera alcaldesa de Dubl\u00edn<\/strong>, <strong>Kathleen Clarke<\/strong> \u2013esposa y hermana de l\u00edderes del alzamiento que fueron ejecutados en la c\u00e1rcel\u2013 tambi\u00e9n pas\u00f3 por sus celdas.<\/p>\n<h2>Curiosidades de Kilmainham Gaol<\/h2>\n<p>Con casi 130 a\u00f1os de historia son muchos los datos relativos a la c\u00e1rcel que pueden considerarse \u201ccuriosos\u201d. Eso s\u00ed, unas curiosidades con poca gracia o iron\u00eda\u2026<\/p>\n<p>A lo largo de los a\u00f1os, <strong>572 ni\u00f1os fueron encarcelados en Kilmainham Gaol<\/strong>. El m\u00e1s peque\u00f1o de ellos ten\u00eda tan s\u00f3lo cinco a\u00f1os de edad.<\/p>\n<p><img loading=\"lazy\" decoding=\"async\" class=\"aligncenter wp-image-34418 size-full\" title=\"Pasillos terror\u00edficos de Kilmainham Gaol\" src=\"https:\/\/saltaconmigo.com\/blog\/wp-content\/uploads\/2018\/07\/Irlanda-Dublin-Kilmainham-Gaol-Pasillo.jpg\" alt=\"Irlanda Dublin Kilmainham Gaol Pasillo\" width=\"640\" height=\"427\" srcset=\"https:\/\/saltaconmigo.com\/blog\/wp-content\/uploads\/2018\/07\/Irlanda-Dublin-Kilmainham-Gaol-Pasillo.jpg 640w, https:\/\/saltaconmigo.com\/blog\/wp-content\/uploads\/2018\/07\/Irlanda-Dublin-Kilmainham-Gaol-Pasillo-300x200.jpg 300w, https:\/\/saltaconmigo.com\/blog\/wp-content\/uploads\/2018\/07\/Irlanda-Dublin-Kilmainham-Gaol-Pasillo-360x240.jpg 360w\" sizes=\"auto, (max-width: 640px) 100vw, 640px\" \/><\/p>\n<p>Durante la <strong>primera mitad del siglo XIX<\/strong>, la c\u00e1rcel sirvi\u00f3 como lugar de espera para los presos antes de ser trasladados a <strong>Australia.<\/strong> Nada menos que <strong>4.000 convictos de Kilmainham<\/strong> hicieron ese viaje.<\/p>\n<p>No s\u00f3lo presos comunes y l\u00edderes del levantamiento de Pascua pasaron por sus muros. <strong>Charles Stewart Parnell<\/strong>, conocido como \u201cel rey de Irlanda sin corona\u201d \u2013<em><strong>uncrowned King of Ireland<\/strong><\/em>\u2013 tambi\u00e9n fue un \u201cinquilino\u201d de Kilmainham. Su fortuna, una de las m\u00e1s grandes de la isla esmeralda, le vali\u00f3 disfrutar de una <strong>celda m\u00e1s amplia y con ventanas<\/strong> y hasta se le permit\u00eda pedir <strong>comida a los restaurantes<\/strong> de la ciudad en lugar de la de la prisi\u00f3n.<\/p>\n<p><img loading=\"lazy\" decoding=\"async\" class=\"aligncenter wp-image-34420 size-full\" title=\"La cruz que recuerda la ejecuci\u00f3n de Connolly, m\u00e1s cerca de la puerta por la que le llev\u00f3 la ambulancia\" src=\"https:\/\/saltaconmigo.com\/blog\/wp-content\/uploads\/2018\/07\/Irlanda-Dublin-Kilmainham-Gaol-Patio-Cruz-Connolly.jpg\" alt=\"Irlanda Dublin Kilmainham Gaol Patio Cruz Connolly\" width=\"640\" height=\"427\" srcset=\"https:\/\/saltaconmigo.com\/blog\/wp-content\/uploads\/2018\/07\/Irlanda-Dublin-Kilmainham-Gaol-Patio-Cruz-Connolly.jpg 640w, https:\/\/saltaconmigo.com\/blog\/wp-content\/uploads\/2018\/07\/Irlanda-Dublin-Kilmainham-Gaol-Patio-Cruz-Connolly-300x200.jpg 300w, https:\/\/saltaconmigo.com\/blog\/wp-content\/uploads\/2018\/07\/Irlanda-Dublin-Kilmainham-Gaol-Patio-Cruz-Connolly-360x240.jpg 360w\" sizes=\"auto, (max-width: 640px) 100vw, 640px\" \/><\/p>\n<h2>La c\u00e1rcel de Kilmainham, una c\u00e1rcel de pel\u00edcula<\/h2>\n<p><strong>Kilmainham Gaol<\/strong> es una de las <strong>c\u00e1rceles vac\u00edas m\u00e1s grandes de Europa<\/strong> y eso la convierte en un <strong>plat\u00f3 de cine<\/strong> de primer nivel. El dinero necesario para el mantenimiento es mucho y el rodaje de pel\u00edculas es una fuente de ingresos extra. Ya dec\u00eda que era posible que la nueva ala victoriana te resultara conocida\u2026<\/p>\n<p><img loading=\"lazy\" decoding=\"async\" class=\"aligncenter wp-image-34404 size-full\" title=\"Puede que hayas visto esta imagen en alguna pel\u00edcula, Kilmainham Gaol es un conocido plat\u00f3 de cine\" src=\"https:\/\/saltaconmigo.com\/blog\/wp-content\/uploads\/2018\/07\/Irlanda-Dublin-Kilmainham-Gaol-Ala-Victoriana-Celdas-Ojo-Pez.jpg\" alt=\"Irlanda Dublin Kilmainham Gaol Ala Victoriana Celdas Ojo Pez\" width=\"640\" height=\"427\" srcset=\"https:\/\/saltaconmigo.com\/blog\/wp-content\/uploads\/2018\/07\/Irlanda-Dublin-Kilmainham-Gaol-Ala-Victoriana-Celdas-Ojo-Pez.jpg 640w, https:\/\/saltaconmigo.com\/blog\/wp-content\/uploads\/2018\/07\/Irlanda-Dublin-Kilmainham-Gaol-Ala-Victoriana-Celdas-Ojo-Pez-300x200.jpg 300w, https:\/\/saltaconmigo.com\/blog\/wp-content\/uploads\/2018\/07\/Irlanda-Dublin-Kilmainham-Gaol-Ala-Victoriana-Celdas-Ojo-Pez-360x240.jpg 360w\" sizes=\"auto, (max-width: 640px) 100vw, 640px\" \/><\/p>\n<p>Las <strong>pel\u00edculas m\u00e1s famosas<\/strong> que han sido rodadas en la c\u00e1rcel de Kilmainham son <strong>The Italian Job<\/strong> \u2013la original de 1969 con Michael Cain\u2013; <strong>En el nombre del padre<\/strong> \u2013la de 1993 con Daniel Day-Lewis\u2013 y <strong>Michael Collins<\/strong> \u2013de 1996 con Liam Neeson\u2013, a pesar de que Michael Collins nunca estuvo encarcelado en ella. <strong>El hombre de Mackintosh<\/strong> \u2013el film de John Huston de 1973 con Paul Newman\u2013 o <strong>Paddington 2<\/strong> \u2013s\u00ed, la del osito de peluche\u2013 son otras pel\u00edculas rodadas en Kilmainham Gaol. Y, una rareza: el videoclip de la canci\u00f3n <strong>A Celebration<\/strong> de <strong>U2<\/strong> tambi\u00e9n se rod\u00f3 aqu\u00ed.<\/p>\n<h2>La visita a Kilmainham Gaol: entradas, tour guiado, horarios&#8230;<\/h2>\n<p>La <strong>c\u00e1rcel de Kilmainham<\/strong> se encuentra a unos tres kil\u00f3metros y medio al oeste del centro de Dubl\u00edn. Concretamente en <strong>Inchicore Rd, Kilmainham<\/strong>. Es posible llegar hasta all\u00ed en <strong>autob\u00fas<\/strong> \u2013desde el centro las rutas 13 y 40, puedes confirmarlo en la <a href=\"http:\/\/www.dublinbus.ie\/Route-Planner\/\" target=\"_blank\" rel=\"noopener noreferrer\">p\u00e1gina web de los autobuses de Dubl\u00edn<\/a>\u2013 o en <strong>tranv\u00eda<\/strong> \u2013la l\u00ednea roja hasta Suir Road, puedes confirmarlo en la <a href=\"http:\/\/www.luas.ie\/suir-road.html\" target=\"_blank\" rel=\"noopener noreferrer\">p\u00e1gina web de Luas<\/a>, el tranv\u00eda\u2013.<\/p>\n<p>Dada la importancia hist\u00f3rica de la c\u00e1rcel y que <strong>s\u00f3lo se puede visitar en <em>tour<\/em> guiado<\/strong> \u2013m\u00e1ximo 35 personas\u2013, es m\u00e1s que recomendable <strong>reservar con antelaci\u00f3n<\/strong>. Adem\u00e1s, si compras tu entrada desde su <a href=\"http:\/\/kilmainhamgaol.admit-one.eu\/index.php?s=OPW_KILM&amp;p=calendar&amp;ev=TOUR&amp;lang=ENG\" target=\"_blank\" rel=\"noopener noreferrer\">web<\/a>, tienes un <strong>descuento<\/strong> de un euro: 8 \u20ac en lugar de los 9 \u20ac que cuesta en taquilla.<\/p>\n<p><img loading=\"lazy\" decoding=\"async\" class=\"aligncenter size-full wp-image-34413\" src=\"https:\/\/saltaconmigo.com\/blog\/wp-content\/uploads\/2018\/07\/Irlanda-Dublin-Kilmainham-Gaol-Grupo.jpg\" alt=\"Irlanda Dublin Kilmainham Gaol Grupo\" width=\"640\" height=\"427\" srcset=\"https:\/\/saltaconmigo.com\/blog\/wp-content\/uploads\/2018\/07\/Irlanda-Dublin-Kilmainham-Gaol-Grupo.jpg 640w, https:\/\/saltaconmigo.com\/blog\/wp-content\/uploads\/2018\/07\/Irlanda-Dublin-Kilmainham-Gaol-Grupo-300x200.jpg 300w, https:\/\/saltaconmigo.com\/blog\/wp-content\/uploads\/2018\/07\/Irlanda-Dublin-Kilmainham-Gaol-Grupo-360x240.jpg 360w\" sizes=\"auto, (max-width: 640px) 100vw, 640px\" \/><\/p>\n<p><strong>Kilmainham Gaol<\/strong> abre todos los d\u00edas del a\u00f1o excepto el 24, 25 y 26 de diciembre. El <strong>horario<\/strong> var\u00eda a lo largo del a\u00f1o, de 9.00 a 18.00 \u2013con \u00faltima entrada a las 16.45\u2013 los meses de abril, mayo y septiembre. En junio, julio y agosto se cierra una hora m\u00e1s tarde, a las 19.00. De octubre a marzo se abre media hora despu\u00e9s \u20139.30\u2013 y se cierra media hora antes \u201317.30\u2013. En cualquier caso, te recomendamos que lo compruebes en su <a href=\"http:\/\/kilmainhamgaolmuseum.ie\/plan-a-visit\/\" target=\"_blank\" rel=\"noopener noreferrer\">p\u00e1gina oficial<\/a>.<\/p>\n<p><img loading=\"lazy\" decoding=\"async\" class=\"aligncenter wp-image-34409 size-full\" title=\"Pasillos de Kilmainham Gaol que te har\u00e1n sentir inc\u00f3modo\" src=\"https:\/\/saltaconmigo.com\/blog\/wp-content\/uploads\/2018\/07\/Irlanda-Dublin-Kilmainham-Gaol-Celdas-Inferiores.jpg\" alt=\"Irlanda Dublin Kilmainham Gaol Celdas Inferiores\" width=\"640\" height=\"427\" srcset=\"https:\/\/saltaconmigo.com\/blog\/wp-content\/uploads\/2018\/07\/Irlanda-Dublin-Kilmainham-Gaol-Celdas-Inferiores.jpg 640w, https:\/\/saltaconmigo.com\/blog\/wp-content\/uploads\/2018\/07\/Irlanda-Dublin-Kilmainham-Gaol-Celdas-Inferiores-300x200.jpg 300w, https:\/\/saltaconmigo.com\/blog\/wp-content\/uploads\/2018\/07\/Irlanda-Dublin-Kilmainham-Gaol-Celdas-Inferiores-360x240.jpg 360w\" sizes=\"auto, (max-width: 640px) 100vw, 640px\" \/><\/p>\n<p>La visita, siempre guiada y en ingl\u00e9s, tiene una <strong>duraci\u00f3n<\/strong> de unos 90 minutos: una hora guiada por el interior del edificio y una media hora en el museo donde hay exposiciones temporales, adem\u00e1s de mucha <strong>informaci\u00f3n sobre el alzamiento de Pascua<\/strong> con manuscritos de los l\u00edderes como <strong>cartas<\/strong> y <strong>testamentos<\/strong> y objetos del d\u00eda a d\u00eda en la prisi\u00f3n.<\/p>\n<p><img loading=\"lazy\" decoding=\"async\" class=\"aligncenter wp-image-34422 size-full\" title=\"La parte superior de la puerta del Kilmainham Gaol\" src=\"https:\/\/saltaconmigo.com\/blog\/wp-content\/uploads\/2018\/07\/Irlanda-Dublin-Kilmainham-Gaol-Patio-Puerta.jpg\" alt=\"Irlanda Dublin Kilmainham Gaol Patio Puerta\" width=\"640\" height=\"427\" srcset=\"https:\/\/saltaconmigo.com\/blog\/wp-content\/uploads\/2018\/07\/Irlanda-Dublin-Kilmainham-Gaol-Patio-Puerta.jpg 640w, https:\/\/saltaconmigo.com\/blog\/wp-content\/uploads\/2018\/07\/Irlanda-Dublin-Kilmainham-Gaol-Patio-Puerta-300x200.jpg 300w, https:\/\/saltaconmigo.com\/blog\/wp-content\/uploads\/2018\/07\/Irlanda-Dublin-Kilmainham-Gaol-Patio-Puerta-360x240.jpg 360w\" sizes=\"auto, (max-width: 640px) 100vw, 640px\" \/><\/p>\n<p>La <strong>historia de Irlanda<\/strong> est\u00e1 inevitablemente unida a la de la <strong>c\u00e1rcel de Kilmainham<\/strong> en Dubl\u00edn. Recorrer por sus pasillos es descubrirla.<\/p>\n<p><em>Muchas gracias a Tourism Ireland por su colaboraci\u00f3n en este viaje. Como siempre, las opiniones son las nuestras.<\/em><\/p>\n\n<div class=\"cajaVenta\">\n<p>\u00bfTe quieres de ir de <strong>viaje a Dubl\u00edn<\/strong>? Aqu\u00ed puedes hacerlo:<\/p>\n<ul class=\"avion\">\n \t<li>Busca tu <strong>vuelo m\u00e1s barato a Dubl\u00edn<\/strong> <a title=\"Vuelos baratos\" href=\"https:\/\/www.skyscanner.net\/g\/referrals\/v1\/flights\/cheap-flights-to?adId=1100662&#038;campaignId=13416&#038;currency=EUR&#038;destination=DUB&#038;locale=es-ES&#038;market=ES&#038;mediaPartnerId=1205554\" target=\"_blank\" rel=\"sponsored nofollow noopener noreferrer\">aqu\u00ed<\/a>.<\/li>\n<\/ul>\n<ul class=\"hotel\">\n \t<li>Escoge el <strong>hotel que m\u00e1s te guste al mejor precio<\/strong> a Dubl\u00edn <a title=\"Reserva tu hotel al mejor precio\" href=\"http:\/\/www.booking.com\/searchresults.html?city=-1502554&amp;aid=844890&amp;no_rooms=1&amp;group_adults=1\" target=\"_blank\" rel=\"sponsored nofollow noopener noreferrer\">aqu\u00ed<\/a>.<\/li>\n<\/ul>\n<ul class=\"coche\">\n \t<li>Contrata tu <strong>traslado desde el aeropuerto a tu hotel en Dubl\u00edn <\/strong> <a href=\"https:\/\/www.civitatis.com\/es\/dublin\/traslados\/?aid=1259\" target=\"_blank\" rel=\"sponsored nofollow noopener noreferrer\">aqu\u00ed<\/a>.<\/li>\n<\/ul>\n<ul class=\"guias\">\n \t<li>Las <strong>mejores gu\u00edas de Irlanda<\/strong> <a title=\"Compra tu gu\u00eda de Francia\" href=\"http:\/\/amzn.to\/2tDzYqR\" target=\"_blank\" rel=\"sponsored nofollow noopener noreferrer\">aqu\u00ed<\/a>.<\/li>\n<\/ul>\n<ul class=\"tour\">\n \t<li>Contrata tu <strong><em>tour<\/em> guiado en Dubl\u00edn<\/strong> <a href=\"https:\/\/www.civitatis.com\/dublin\/actividades\/?aid=1259\" target=\"_blank\" rel=\"sponsored nofollow noopener noreferrer\">aqu\u00ed<\/a>.<\/li>\n<\/ul>\n<ul class=\"seguro\">\n \t<li>Contrata tu <strong>seguro de viaje con un 5% de descuento<\/strong> <a title=\"Contrata tu seguro de viaje al mejor precio\" href=\"https:\/\/www.iatiseguros.com\/?r=21058501929524&#038;cmp=dublin\" target=\"_blank\" rel=\"sponsored nofollow noopener noreferrer\">aqu\u00ed<\/a>.<\/li>\n<\/ul>\n<ul class=\"tarjeta\">\n \t<li>Hazte con la <strong>mejor tarjeta de viaje y recibe 10 \u20ac de recompensa<\/strong> <a href=\"https:\/\/revolut.ngih.net\/c\/1205554\/1576621\/9626\" target=\"_blank\" rel=\"sponsored nofollow noopener noreferrer noindex\">aqu\u00ed<\/a>.<\/li>\n<\/ul>\n<\/div>","protected":false},"excerpt":{"rendered":"<p>Todo el mundo habla maravillas de los mercados y recomienda hacerles un hueco en cualquier viaje. Eso s\u00ed, probablemente nunca te hayan dicho lo mismo de una c\u00e1rcel, ni te hayas planteado visitar una\u2026 Nosotros s\u00ed, pero tambi\u00e9n somos de los que nos acercamos a los cementerios. \u00bfSomos raros? Un [&hellip;]<\/p>\n","protected":false},"author":2,"featured_media":34407,"comment_status":"open","ping_status":"open","sticky":false,"template":"","format":"standard","meta":{"footnotes":""},"categories":[110,417,360],"tags":[408],"class_list":["post-34368","post","type-post","status-publish","format-standard","has-post-thumbnail","hentry","category-europa","category-dublin","category-irlanda","tag-408"],"_links":{"self":[{"href":"https:\/\/saltaconmigo.com\/blog\/wp-json\/wp\/v2\/posts\/34368","targetHints":{"allow":["GET"]}}],"collection":[{"href":"https:\/\/saltaconmigo.com\/blog\/wp-json\/wp\/v2\/posts"}],"about":[{"href":"https:\/\/saltaconmigo.com\/blog\/wp-json\/wp\/v2\/types\/post"}],"author":[{"embeddable":true,"href":"https:\/\/saltaconmigo.com\/blog\/wp-json\/wp\/v2\/users\/2"}],"replies":[{"embeddable":true,"href":"https:\/\/saltaconmigo.com\/blog\/wp-json\/wp\/v2\/comments?post=34368"}],"version-history":[{"count":1,"href":"https:\/\/saltaconmigo.com\/blog\/wp-json\/wp\/v2\/posts\/34368\/revisions"}],"predecessor-version":[{"id":52960,"href":"https:\/\/saltaconmigo.com\/blog\/wp-json\/wp\/v2\/posts\/34368\/revisions\/52960"}],"wp:featuredmedia":[{"embeddable":true,"href":"https:\/\/saltaconmigo.com\/blog\/wp-json\/wp\/v2\/media\/34407"}],"wp:attachment":[{"href":"https:\/\/saltaconmigo.com\/blog\/wp-json\/wp\/v2\/media?parent=34368"}],"wp:term":[{"taxonomy":"category","embeddable":true,"href":"https:\/\/saltaconmigo.com\/blog\/wp-json\/wp\/v2\/categories?post=34368"},{"taxonomy":"post_tag","embeddable":true,"href":"https:\/\/saltaconmigo.com\/blog\/wp-json\/wp\/v2\/tags?post=34368"}],"curies":[{"name":"wp","href":"https:\/\/api.w.org\/{rel}","templated":true}]}}