{"id":31850,"date":"2017-12-11T08:53:15","date_gmt":"2017-12-11T07:53:15","guid":{"rendered":"https:\/\/saltaconmigo.com\/blog\/?p=31850"},"modified":"2021-07-14T18:33:33","modified_gmt":"2021-07-14T16:33:33","slug":"bolonia-alternativa-hipster-italia","status":"publish","type":"post","link":"https:\/\/saltaconmigo.com\/blog\/2017\/12\/bolonia-alternativa-hipster-italia\/","title":{"rendered":"Rincones alternativos de Bolonia: la ciudad m\u00e1s hipster y joven de Italia"},"content":{"rendered":"<p>En el art\u00edculo sobre <strong><a href=\"https:\/\/saltaconmigo.com\/blog\/2021\/02\/que-ver-en-bolonia-en-3-dias\/\">qu\u00e9 ver en Bolonia en 3 d\u00edas<\/a><\/strong> nos hemos centrado en las visitas cl\u00e1sicas, las obligadas para cualquier turista en su \u201cprimera cita\u201d con una de las ciudades m\u00e1s cautivadoras de Italia. Una ciudad llena de largos y serpenteantes soportales, de torres medievales, de plazas encantadoras, de c\u00fapulas de antiguas iglesias, de edificios de tonos c\u00e1lidos&#8230; Una ciudad todav\u00eda poco conocida por el turismo extranjero, pero que cada vez lo es m\u00e1s porque siempre sorprende y siempre conquista: siempre lo consigue.<\/p>\n<p><img loading=\"lazy\" decoding=\"async\" class=\"aligncenter wp-image-31868 size-full\" title=\"Saltando frente a las torres de Bolonia\" src=\"https:\/\/saltaconmigo.com\/blog\/wp-content\/uploads\/2017\/12\/Italia-Emilia-Romagna-Bologna-Salto.jpg\" alt=\"Italia Emilia Romagna Bologna&nbsp;Salto\" width=\"640\" height=\"427\" srcset=\"https:\/\/saltaconmigo.com\/blog\/wp-content\/uploads\/2017\/12\/Italia-Emilia-Romagna-Bologna-Salto.jpg 640w, https:\/\/saltaconmigo.com\/blog\/wp-content\/uploads\/2017\/12\/Italia-Emilia-Romagna-Bologna-Salto-300x200.jpg 300w, https:\/\/saltaconmigo.com\/blog\/wp-content\/uploads\/2017\/12\/Italia-Emilia-Romagna-Bologna-Salto-360x240.jpg 360w\" sizes=\"auto, (max-width: 640px) 100vw, 640px\" \/><\/p>\n<p>Pero Bolonia no es s\u00f3lo ese museo medieval al aire libre: es <strong>una ciudad que vive el presente<\/strong> m\u00e1s que ninguna. Una <strong>ciudad joven que mira al futuro<\/strong>: tiene una de las <strong>universidades<\/strong> m\u00e1s importantes de Italia \u2013adem\u00e1s de ser la m\u00e1s antigua de Europa\u2013 y en ella viven 80.000 estudiantes de todo el mundo. Es la <strong>ciudad italiana progresista, de tendencias alternativas y de la contracultura<\/strong> por excelencia. En Bolonia los movimientos estudiantiles del \u201868 fueron m\u00e1s fuertes que en ning\u00fan otro lugar del pa\u00eds. Como entonces, muchos movimientos sociales de diferentes tipos siguen gener\u00e1ndose aqu\u00ed hoy en d\u00eda.<\/p>\n<p>No pod\u00eda ser otra que Bolonia, pues, <strong>la primera ciudad italiana en ser definida como <em>hipster<\/em><\/strong> por el Sunday Times all\u00e1 por el 2011, cuando todav\u00eda <a href=\"http:\/\/ricerca.repubblica.it\/repubblica\/archivio\/repubblica\/2011\/02\/14\/sunday-times-scopre-bologna-suoi-hipsters.html\" target=\"_blank\" rel=\"noopener noreferrer\">en Italia hab\u00eda que explicar qu\u00e9 significaba<\/a> esa palabra tan rara\u2026<\/p>\n<p><img loading=\"lazy\" decoding=\"async\" class=\"aligncenter wp-image-31875 size-full\" title=\"Uno de los murales de Bolognina\" src=\"https:\/\/saltaconmigo.com\/blog\/wp-content\/uploads\/2017\/12\/Italia-Emilia-Romagna-Bologna-Bolognina-Mural.jpg\" alt=\"Italia Emilia-Romagna Bologna Bolognina Mural\" width=\"640\" height=\"427\" srcset=\"https:\/\/saltaconmigo.com\/blog\/wp-content\/uploads\/2017\/12\/Italia-Emilia-Romagna-Bologna-Bolognina-Mural.jpg 640w, https:\/\/saltaconmigo.com\/blog\/wp-content\/uploads\/2017\/12\/Italia-Emilia-Romagna-Bologna-Bolognina-Mural-300x200.jpg 300w, https:\/\/saltaconmigo.com\/blog\/wp-content\/uploads\/2017\/12\/Italia-Emilia-Romagna-Bologna-Bolognina-Mural-360x240.jpg 360w\" sizes=\"auto, (max-width: 640px) 100vw, 640px\" \/><\/p>\n<p>Dos de esos estudiantes universitarios de Bolonia fueron mis padres, que vivieron la \u00e9poca de los movimientos estudiantiles y ah\u00ed se conocieron. Y una m\u00e1s de esas estudiantes fui yo, que en Bolonia pas\u00e9 algunos de los mejores a\u00f1os de mi vida. A\u00f1os despu\u00e9s, he vuelto a ver qu\u00e9 se cuece ahora en la <strong>ciudad italiana alternativa<\/strong> por excelencia. Y he descubierto, como no, <strong>muchos nuevos rincones de tendencia<\/strong>.<\/p>\n<h2>Bolognina: el nuevo distrito <em>hipster<\/em> de Bolonia, con el Mercato Albani y sus grafitis<\/h2>\n<p>El <strong>barrio de Bolognina<\/strong>, apenas fuera del centro hist\u00f3rico y \u201cal otro lado\u201d de la estaci\u00f3n \u2013al norte, mientras hacia el sur est\u00e1 el centro\u2013, no ha sido nunca una meta tur\u00edstica. Yo lo conoc\u00eda de paso simplemente por vivir ah\u00ed cerca un par de a\u00f1os. Antes anodino barrio obrero. Luego degradado barrio de inmigrantes y zona de peque\u00f1o tr\u00e1fico de drogas. \u00bfY ahora? Ahora est\u00e1 en pleno proceso de \u201cgentrificaci\u00f3n\u201d. Los artistas callejeros le est\u00e1n dando un lavado de cara, y su transformaci\u00f3n es constante. Todav\u00eda no est\u00e1 del todo invadido por los <em>hipsters<\/em>, por lo que mantiene su lado aut\u00e9ntico, pero sigue algo degradado.<\/p>\n<p><img loading=\"lazy\" decoding=\"async\" class=\"aligncenter wp-image-31860 size-full\" title=\"El 'cartel' de Bolognina ten\u00eda que ser un grafiti\" src=\"https:\/\/saltaconmigo.com\/blog\/wp-content\/uploads\/2017\/12\/Italia-Emilia-Romagna-Bologna-Bolognina.jpg\" alt=\"Italia Emilia Romagna Bologna Bolognina\" width=\"640\" height=\"427\" srcset=\"https:\/\/saltaconmigo.com\/blog\/wp-content\/uploads\/2017\/12\/Italia-Emilia-Romagna-Bologna-Bolognina.jpg 640w, https:\/\/saltaconmigo.com\/blog\/wp-content\/uploads\/2017\/12\/Italia-Emilia-Romagna-Bologna-Bolognina-300x200.jpg 300w, https:\/\/saltaconmigo.com\/blog\/wp-content\/uploads\/2017\/12\/Italia-Emilia-Romagna-Bologna-Bolognina-360x240.jpg 360w\" sizes=\"auto, (max-width: 640px) 100vw, 640px\" \/><\/p>\n<p>El <em><strong>ponte di Stalingrado<\/strong><\/em>, puente de Stalingrado \u2013por el nombre de la calle, en realidad no se llama oficialmente as\u00ed\u2013, es un s\u00edmbolo de este cambio. En octubre de 2016 una asociaci\u00f3n ligada a los comedores sociales lider\u00f3 un proyecto para renovar este puente gris y lleno de garabatos y darle darle un nuevo toque de color y alegr\u00eda gracias al <strong>arte urbano<\/strong>. En su renovaci\u00f3n participaron voluntarios, muchos de ellos inmigrantes, pero tambi\u00e9n artistas callejeros locales de renombre. Ahora es uno de los rincones que no puedes perderte en Bolognina \u2013una de nuestras <a href=\"https:\/\/saltaconmigo.com\/blog\/2021\/04\/que-hacer-que-ver-en-bolonia\/\"><strong>60 cosas que hacer en Bolonia<\/strong><\/a>\u2013.<\/p>\n<p><img loading=\"lazy\" decoding=\"async\" class=\"aligncenter wp-image-31859 size-full\" title=\"Arte urbano en el Ponte di Stalingrado\" src=\"https:\/\/saltaconmigo.com\/blog\/wp-content\/uploads\/2017\/12\/Italia-Emilia-Romagna-Bologna-Bolognina-Ponte-Stalingrado.jpg\" alt=\"Italia Emilia Romagna Bologna Bolognina Ponte Stalingrado\" width=\"640\" height=\"427\" srcset=\"https:\/\/saltaconmigo.com\/blog\/wp-content\/uploads\/2017\/12\/Italia-Emilia-Romagna-Bologna-Bolognina-Ponte-Stalingrado.jpg 640w, https:\/\/saltaconmigo.com\/blog\/wp-content\/uploads\/2017\/12\/Italia-Emilia-Romagna-Bologna-Bolognina-Ponte-Stalingrado-300x200.jpg 300w, https:\/\/saltaconmigo.com\/blog\/wp-content\/uploads\/2017\/12\/Italia-Emilia-Romagna-Bologna-Bolognina-Ponte-Stalingrado-360x240.jpg 360w\" sizes=\"auto, (max-width: 640px) 100vw, 640px\" \/><\/p>\n<p>Otro es el <strong>Mercato Albani<\/strong>, un peque\u00f1o mercado de abastos de los de toda la vida, pero con una peculiaridad: los <strong>cierres de sus puestos ahora est\u00e1n llenos de grafitis<\/strong>\u2026 \u00a1y muy chulos!<\/p>\n<p><img loading=\"lazy\" decoding=\"async\" class=\"aligncenter wp-image-31858 size-full\" title=\"Los cierres llenos de arte urbano del Mercato Albani\" src=\"https:\/\/saltaconmigo.com\/blog\/wp-content\/uploads\/2017\/12\/Italia-Emilia-Romagna-Bologna-Bolognina-Mercato-Albani-Pulpo.jpg\" alt=\"Italia Emilia-Romagna Bologna Bolognina Mercato Albani Pulpo\" width=\"640\" height=\"427\" srcset=\"https:\/\/saltaconmigo.com\/blog\/wp-content\/uploads\/2017\/12\/Italia-Emilia-Romagna-Bologna-Bolognina-Mercato-Albani-Pulpo.jpg 640w, https:\/\/saltaconmigo.com\/blog\/wp-content\/uploads\/2017\/12\/Italia-Emilia-Romagna-Bologna-Bolognina-Mercato-Albani-Pulpo-300x200.jpg 300w, https:\/\/saltaconmigo.com\/blog\/wp-content\/uploads\/2017\/12\/Italia-Emilia-Romagna-Bologna-Bolognina-Mercato-Albani-Pulpo-360x240.jpg 360w\" sizes=\"auto, (max-width: 640px) 100vw, 640px\" \/><\/p>\n<p>Pero hay muchos otros lugares del barrio en los que te topar\u00e1s con obras de arte urbano, algunas de ellas nacidas gracias al proyecto cultural <a href=\"http:\/\/frontier.bo.it\/2013\/intro\/\" target=\"_blank\" rel=\"noopener noreferrer\">FRONTIER<\/a>. En <a href=\"http:\/\/www.flashgiovani.it\/node\/139\" target=\"_blank\" rel=\"noopener noreferrer\">este mapa<\/a> puedes encontrar casi todas los que hay en Bolonia, incluso las que ya no est\u00e1n \u2013indicadas de forma diferente\u2013.<\/p>\n<h2>La Manifattura delle Arti, \u00bfpuede haber algo m\u00e1s <em>hipster<\/em>?<\/h2>\n<p>Si Bolognina est\u00e1 en proceso de convertirse en meta de los <em>hipsters<\/em>, la <strong>MDA, <a href=\"http:\/\/www.manifatturadellearti.org\/\" target=\"_blank\" rel=\"noopener noreferrer\">Manifattura delle Arti<\/a><\/strong> \u2013literalmente \u201cmanufactura de las artes\u201d\u2013, es, desde su nacimiento, la concreci\u00f3n misma del concepto de <em>hipsterismo<\/em>, incluso antes de que se engendrara.<\/p>\n<p><img loading=\"lazy\" decoding=\"async\" class=\"aligncenter wp-image-31863 size-full\" title=\"El \u00e1rea del MDA District cuenta hasta con un canal recordando los viejos tiempos de la ciudad\" src=\"https:\/\/saltaconmigo.com\/blog\/wp-content\/uploads\/2017\/12\/Italia-Emilia-Romagna-Bologna-MDA-District-Canal.jpg\" alt=\"Italia Emilia-Romagna Bologna MDA District Canal\" width=\"640\" height=\"427\" srcset=\"https:\/\/saltaconmigo.com\/blog\/wp-content\/uploads\/2017\/12\/Italia-Emilia-Romagna-Bologna-MDA-District-Canal.jpg 640w, https:\/\/saltaconmigo.com\/blog\/wp-content\/uploads\/2017\/12\/Italia-Emilia-Romagna-Bologna-MDA-District-Canal-300x200.jpg 300w, https:\/\/saltaconmigo.com\/blog\/wp-content\/uploads\/2017\/12\/Italia-Emilia-Romagna-Bologna-MDA-District-Canal-360x240.jpg 360w\" sizes=\"auto, (max-width: 640px) 100vw, 640px\" \/><\/p>\n<p>Se trata de un enorme <strong>\u201cdistrito cultural\u201d<\/strong>, como ellos mismos lo definen \u2013el <em>MDA district<\/em>\u2013, <strong>creado en un antigua zona industrial en pleno centro de Bolonia<\/strong>. Aqu\u00ed se encontraban una tabacalera \u2013la <em>Manifattura Tabacchi<\/em>, de ah\u00ed el nombre\u2013, un matadero, una panader\u00eda, una f\u00e1brica de papel, un almac\u00e9n de sal, otras f\u00e1bricas de diferentes tipos y anteriormente, cuando Bolonia ten\u00eda canales, incluso el puerto de la ciudad. Ya antes de la Segunda Guerra Mundial se demoli\u00f3 en parte, pero durante la guerra fue casi arrasada por los bombardeos y, desde entonces, se abandon\u00f3 y se degrad\u00f3 gradualmente.<\/p>\n<p><img loading=\"lazy\" decoding=\"async\" class=\"aligncenter wp-image-31865 size-full\" title=\"Los antiguos edificios hoy convertidos en centro de arte del MDA District\" src=\"https:\/\/saltaconmigo.com\/blog\/wp-content\/uploads\/2017\/12\/Italia-Emilia-Romagna-Bologna-MDA-District-Edificio.jpg\" alt=\"Italia Emilia-Romagna Bologna MDA District Edificio\" width=\"640\" height=\"427\" srcset=\"https:\/\/saltaconmigo.com\/blog\/wp-content\/uploads\/2017\/12\/Italia-Emilia-Romagna-Bologna-MDA-District-Edificio.jpg 640w, https:\/\/saltaconmigo.com\/blog\/wp-content\/uploads\/2017\/12\/Italia-Emilia-Romagna-Bologna-MDA-District-Edificio-300x200.jpg 300w, https:\/\/saltaconmigo.com\/blog\/wp-content\/uploads\/2017\/12\/Italia-Emilia-Romagna-Bologna-MDA-District-Edificio-360x240.jpg 360w\" sizes=\"auto, (max-width: 640px) 100vw, 640px\" \/><\/p>\n<p>La Manifattura delle Arti se inaugur\u00f3 en 2003 y hoy en d\u00eda ocupa un espacio de unos 100.000 m2 nada menos. Incluye <strong>centros culturales, museos y diferentes instituciones, todas con el fin de promover actividades art\u00edsticas y culturales<\/strong>.<\/p>\n<p>En el \u00e1rea del ex matadero se encuentra una de las sedes de la <strong><a href=\"http:\/\/www.cinetecadibologna.it\/\" target=\"_blank\" rel=\"noopener noreferrer\">Cineteca de Bolonia<\/a><\/strong>. En la ex panader\u00eda est\u00e1 ubicado el <strong><a href=\"http:\/\/www.mambo-bologna.org\/\" target=\"_blank\" rel=\"noopener noreferrer\">MAMbo<\/a>, el Museo de arte moderno de Bolonia&nbsp;<\/strong>\u2013echa un vistazo a nuestro art\u00edculo sobre <a href=\"https:\/\/saltaconmigo.com\/blog\/2019\/04\/museos-de-bolonia-bologna\/\"><strong>museos de Bolonia<\/strong><\/a>\u2013. Y en otros edificios rehabilitados hay diferentes sedes de la <a href=\"http:\/\/www.unibo.it\/it\" target=\"_blank\" rel=\"noopener noreferrer\">Universit\u00e0 di Bologna<\/a>, una asociaci\u00f3n LGTB, colegios, centros sociales, un auditorium\u2026<\/p>\n<p><img loading=\"lazy\" decoding=\"async\" class=\"aligncenter wp-image-31864 size-full\" title=\"El interior de la Cineteca de Bologna\" src=\"https:\/\/saltaconmigo.com\/blog\/wp-content\/uploads\/2017\/12\/Italia-Emilia-Romagna-Bologna-MDA-District-Cineteca.jpg\" alt=\"Italia Emilia-Romagna Bologna MDA District Cineteca\" width=\"640\" height=\"427\" srcset=\"https:\/\/saltaconmigo.com\/blog\/wp-content\/uploads\/2017\/12\/Italia-Emilia-Romagna-Bologna-MDA-District-Cineteca.jpg 640w, https:\/\/saltaconmigo.com\/blog\/wp-content\/uploads\/2017\/12\/Italia-Emilia-Romagna-Bologna-MDA-District-Cineteca-300x200.jpg 300w, https:\/\/saltaconmigo.com\/blog\/wp-content\/uploads\/2017\/12\/Italia-Emilia-Romagna-Bologna-MDA-District-Cineteca-360x240.jpg 360w\" sizes=\"auto, (max-width: 640px) 100vw, 640px\" \/><\/p>\n<p>Tambi\u00e9n se han recuperado dos parques: el Parco 11 settembre y el Giardino del Cavaticcio, que ocupa el lugar del antiguo puerto. El Cavaticcio era un canal que aqu\u00ed daba un salto de 15 metros y se utiliz\u00f3, desde el siglo XII, como fuente de energ\u00eda a trav\u00e9s de unos molinos. Ahora el jard\u00edn, detr\u00e1s del MAMbo, es una verdadera galer\u00eda de arte contempor\u00e1neo al aire libre.<\/p>\n<h2>El Mercato delle Erbe y las calles lim\u00edtrofes: aperitivo y fiesta<\/h2>\n<p>El <strong>Mercado delle Erbe<\/strong> es el mercado de abastos m\u00e1s grande del centro hist\u00f3rico de Bolonia. Es uno de esos mercados de toda la vida, donde mi abuela iba a comprar la <em>mortadella<\/em> \u2013\u00a1qu\u00e9 rica est\u00e1 la <em>mortadella<\/em> de Bologna, la de verdad!\u2013. Sigue habiendo personas mayores comprando, pero tambi\u00e9n hay estudiantes y turistas. Ahora, adem\u00e1s de puestos cl\u00e1sicos, hay tambi\u00e9n peque\u00f1os bares donde ir a tomar, por ejemplo, el aperitivo. S\u00ed, uno de esos <strong>mercados gastron\u00f3micos<\/strong> que est\u00e1n de moda en todas partes.<\/p>\n<p><img loading=\"lazy\" decoding=\"async\" class=\"aligncenter wp-image-31866 size-full\" title=\"Cenar o tomar algo en el Mercato delle Erbe est\u00e1 de moda en Bolonia\" src=\"https:\/\/saltaconmigo.com\/blog\/wp-content\/uploads\/2017\/12\/Italia-Emilia-Romagna-Bologna-Mercato-Erbe.jpg\" alt=\"Italia Emilia-Romagna Bologna Mercato Erbe\" width=\"640\" height=\"427\" srcset=\"https:\/\/saltaconmigo.com\/blog\/wp-content\/uploads\/2017\/12\/Italia-Emilia-Romagna-Bologna-Mercato-Erbe.jpg 640w, https:\/\/saltaconmigo.com\/blog\/wp-content\/uploads\/2017\/12\/Italia-Emilia-Romagna-Bologna-Mercato-Erbe-300x200.jpg 300w, https:\/\/saltaconmigo.com\/blog\/wp-content\/uploads\/2017\/12\/Italia-Emilia-Romagna-Bologna-Mercato-Erbe-360x240.jpg 360w\" sizes=\"auto, (max-width: 640px) 100vw, 640px\" \/><\/p>\n<p>En toda la zona que rodea el mercado, como <strong>via San Gervasio y via Porta Nova, hay bares<\/strong> que se llenan todas las tardes. Sobre todo, el d\u00eda grande de Bolonia: el jueves.<\/p>\n<h2>El \u201cPratello\u201d: <em>hipsters<\/em> y cervezas artesanales<\/h2>\n<p>Muy cerca del Mercato delle Erbe, adem\u00e1s de otra de las casas donde viv\u00ed en mi \u00e9poca universitaria, est\u00e1 la zona del \u201c<strong>Pratello<\/strong>\u201d. En realidad no hay un barrio que tenga oficialmente ese nombre, pero a la zona que rodea a la via Pratello los locales la conocen as\u00ed.<\/p>\n<p><img loading=\"lazy\" decoding=\"async\" class=\"aligncenter wp-image-31876 size-full\" title=\"Un aperitivo en el Pratello\" src=\"https:\/\/saltaconmigo.com\/blog\/wp-content\/uploads\/2017\/12\/Italia-Emilia-Romagna-Bologna-Aperitivo.jpg\" alt=\"Italia Emilia-Romagna Bologna Aperitivo\" width=\"640\" height=\"427\" srcset=\"https:\/\/saltaconmigo.com\/blog\/wp-content\/uploads\/2017\/12\/Italia-Emilia-Romagna-Bologna-Aperitivo.jpg 640w, https:\/\/saltaconmigo.com\/blog\/wp-content\/uploads\/2017\/12\/Italia-Emilia-Romagna-Bologna-Aperitivo-300x200.jpg 300w, https:\/\/saltaconmigo.com\/blog\/wp-content\/uploads\/2017\/12\/Italia-Emilia-Romagna-Bologna-Aperitivo-360x240.jpg 360w\" sizes=\"auto, (max-width: 640px) 100vw, 640px\" \/><\/p>\n<p>En pleno centro de Bolonia es, junto con Bolognina,<strong> la zona <em>hipster<\/em> por excelencia de la ciudad<\/strong>. Ha pasado por el mismo proceso de gentrificaci\u00f3n que su \u201cbarrio gemelo\u201d del extrarradio: fue tambi\u00e9n una zona decadente. Ahora es un lugar de moda lleno de bares y restaurantes. Las <strong>peque\u00f1as osterie<\/strong> se alternan con bares <em>hipster<\/em> y <strong>cervecer\u00edas que venden cervezas artesanales<\/strong>, como Zapap Pratello. Si te gusta la cerveza \u2013que no es nuestro caso\u2013, \u00e9sta es la zona para ti: Beer for Bunnies, Il punto, Brewdog Bar Bologna, Birreria del Pratello\u2026 \u00bfcu\u00e1ntas cervecer\u00edas puede haber en una zona tan peque\u00f1a?<\/p>\n<p><img loading=\"lazy\" decoding=\"async\" class=\"aligncenter wp-image-37782 size-full\" title=\"Grafitis en las calles de Pratello\" src=\"https:\/\/saltaconmigo.com\/blog\/wp-content\/uploads\/2017\/12\/Bolonia-Alternativa-Pratello.jpg\" alt=\"Bolonia Alternativa Pratello\" width=\"640\" height=\"427\" srcset=\"https:\/\/saltaconmigo.com\/blog\/wp-content\/uploads\/2017\/12\/Bolonia-Alternativa-Pratello.jpg 640w, https:\/\/saltaconmigo.com\/blog\/wp-content\/uploads\/2017\/12\/Bolonia-Alternativa-Pratello-300x200.jpg 300w, https:\/\/saltaconmigo.com\/blog\/wp-content\/uploads\/2017\/12\/Bolonia-Alternativa-Pratello-360x240.jpg 360w\" sizes=\"auto, (max-width: 640px) 100vw, 640px\" \/><\/p>\n<h2>Le Serre de los Giardini Margherita: tomar algo en un invernadero<\/h2>\n<p>Los Giardini Margherita son el pulm\u00f3n verde de Bolonia: el t\u00edpico parque donde el domingo se reunen parejas, familias y estudiantes para dar un paseo y tomar algo. Pero, incluso en lugar tan t\u00edpico, ha nacido un rinc\u00f3n un poco m\u00e1s at\u00edpico.<\/p>\n<p><img loading=\"lazy\" decoding=\"async\" class=\"aligncenter wp-image-31871 size-full\" title=\"Le Serre de los Giardini Margherita, la nueva meca hipster de Bolonia\" src=\"https:\/\/saltaconmigo.com\/blog\/wp-content\/uploads\/2017\/12\/Italia-Emilia-Romagna-Bologna-Serre-Giardini-Margherita.jpg\" alt=\"Italia Emilia-Romagna Bologna Serre Giardini Margherita\" width=\"640\" height=\"427\" srcset=\"https:\/\/saltaconmigo.com\/blog\/wp-content\/uploads\/2017\/12\/Italia-Emilia-Romagna-Bologna-Serre-Giardini-Margherita.jpg 640w, https:\/\/saltaconmigo.com\/blog\/wp-content\/uploads\/2017\/12\/Italia-Emilia-Romagna-Bologna-Serre-Giardini-Margherita-300x200.jpg 300w, https:\/\/saltaconmigo.com\/blog\/wp-content\/uploads\/2017\/12\/Italia-Emilia-Romagna-Bologna-Serre-Giardini-Margherita-360x240.jpg 360w\" sizes=\"auto, (max-width: 640px) 100vw, 640px\" \/><\/p>\n<p>En los a\u00f1os \u201850, se levantaron aqu\u00ed unos invernaderos, <em>serre<\/em> en italiano, que, unas d\u00e9cadas despu\u00e9s, se abandonaron. En 2014 <a href=\"https:\/\/leserre.kilowatt.bo.it\/en\/\" target=\"_blank\" rel=\"noopener noreferrer\"><em><strong>Le Serre<\/strong><\/em><\/a> volvieron a tomar vida, pero con un lavado de cara muy radical. Ahora acogen lo que sus fundadores han definido como \u201cincubadora metropolitana\u201d:<strong> espacios para el coworking, exposiciones, cursos de formaci\u00f3n, eventos, actividades y talleres para ni\u00f1os<\/strong>. Ah, y un <strong>bar-restaurante<\/strong> llamado Vetro \u2013vidrio en italiano\u2013 que sirve cocina natural con ingredientes, en parte, cultivados en el<strong> huerto colectivo<\/strong> del complejo.<\/p>\n<h2>Verano en Bolonia: BOtanique, Guasto Village, Salotto del jazz&#8230;<\/h2>\n<p><strong>Bolonia es la ciudad italiana de la fiesta por excelencia<\/strong>: 80.000 estudiantes est\u00e1n ah\u00ed todos los a\u00f1os para asegurarse de que no acabe. Pero, \u00bfqu\u00e9 pasa cuando muchos de esos estudiantes se van <strong>en verano<\/strong>? Pues, aunque sea bastante m\u00e1s tranquila y suela hacer un calor horrible, tambi\u00e9n hay muchas actividades e iniciativas que hacen que la noche de Bolonia siga siendo \u201cmuy top\u201d.<\/p>\n<p><img loading=\"lazy\" decoding=\"async\" class=\"aligncenter wp-image-31867 size-full\" title=\"El cine de verano en la Piazza Maggiore, frente a San Petronio\" src=\"https:\/\/saltaconmigo.com\/blog\/wp-content\/uploads\/2017\/12\/Italia-Emilia-Romagna-Bologna-Piazza-Maggiore-Cine.jpg\" alt=\"Italia Emilia-Romagna Bologna Piazza Maggiore Cine\" width=\"640\" height=\"427\" srcset=\"https:\/\/saltaconmigo.com\/blog\/wp-content\/uploads\/2017\/12\/Italia-Emilia-Romagna-Bologna-Piazza-Maggiore-Cine.jpg 640w, https:\/\/saltaconmigo.com\/blog\/wp-content\/uploads\/2017\/12\/Italia-Emilia-Romagna-Bologna-Piazza-Maggiore-Cine-300x200.jpg 300w, https:\/\/saltaconmigo.com\/blog\/wp-content\/uploads\/2017\/12\/Italia-Emilia-Romagna-Bologna-Piazza-Maggiore-Cine-360x240.jpg 360w\" sizes=\"auto, (max-width: 640px) 100vw, 640px\" \/><\/p>\n<p>Hay <strong>cine de verano<\/strong> en muchos sitios, incluida la Cineteca y la misma plaza Mayor, las terrazas de las Serre de los Giardini Margherita se llenan de gente y de eventos y hay muchas m\u00e1s iniciativas, como el BOtanique, el Guasto Village y el Salotto del jazz.<\/p>\n<p>El <strong><a href=\"http:\/\/www.botanique.it\/\" target=\"_blank\" rel=\"noopener noreferrer\">BOtanique<\/a><\/strong> llena los jardines del \u00e1rea universitaria Filippo Re de m\u00fasica y comida callejera, desde mitad de junio hasta mitad de julio.<\/p>\n<p>El <strong><a href=\"https:\/\/www.facebook.com\/GuastoVillage\/\" target=\"_blank\" rel=\"noopener noreferrer\">Guasto Village<\/a><\/strong> es un nuevo centro de arte, entretenimiento y restauraci\u00f3n veraniego, abierto en la via del Guasto, en el coraz\u00f3n de la zona universitaria, desde mitad de junio hasta finales de septiembre. Arte, m\u00fasica, libros, bebidas y comida en\u2026 \u00a1<em>containers<\/em>! S\u00ed, \u00a1en lugar de food-trucks aqu\u00ed hay<em><strong> food-containers<\/strong><\/em>! La nueva cumbre del <em>hipsterismo<\/em>. Ahora tambi\u00e9n hay una versi\u00f3n invernal, desde diciembre hasta febrero.<\/p>\n<p><img loading=\"lazy\" decoding=\"async\" class=\"aligncenter size-full wp-image-31861\" src=\"https:\/\/saltaconmigo.com\/blog\/wp-content\/uploads\/2017\/12\/Italia-Emilia-Romagna-Bologna-Guasto-Village.jpg\" alt=\"Italia Emilia-Romagna Bologna Guasto Village\" width=\"640\" height=\"427\" srcset=\"https:\/\/saltaconmigo.com\/blog\/wp-content\/uploads\/2017\/12\/Italia-Emilia-Romagna-Bologna-Guasto-Village.jpg 640w, https:\/\/saltaconmigo.com\/blog\/wp-content\/uploads\/2017\/12\/Italia-Emilia-Romagna-Bologna-Guasto-Village-300x200.jpg 300w, https:\/\/saltaconmigo.com\/blog\/wp-content\/uploads\/2017\/12\/Italia-Emilia-Romagna-Bologna-Guasto-Village-360x240.jpg 360w\" sizes=\"auto, (max-width: 640px) 100vw, 640px\" \/><\/p>\n<p>La parte sur de la via Mascarella se cierra al tr\u00e1fico y se transforma, desde finales de junio a finales de julio, en un verdadero <strong>\u201csal\u00f3n del jazz\u201d: el <a href=\"https:\/\/www.facebook.com\/SalottoDelJazz\/\" target=\"_blank\" rel=\"noopener noreferrer\">Salotto del Jazz<\/a><\/strong>. La calle se llena de terrazas \u2013de los restaurantes Cantina Bentivoglio, Bravo Caff\u00e8, Cambusa y Moustache\u2013 donde comer mientras se escucha jazz en vivo. Como dato curioso, en el centro de Bolonia hay otra calle, via degli Orefici, en la que unas estrellas doradas al estilo Paseo de la fama de Hollywood recuerdan a algunos de los artistas de jazz m\u00e1s famosos de todos los tiempos.<\/p>\n<h2>Las vistas de Bolonia desde San Michele in Bosco y la \u201cventana m\u00e1gica\u201d<\/h2>\n<p>En este caso no se trata de un rinc\u00f3n alternativo, pero s\u00ed de uno poco conocido por los turistas. Tengo que admitir que, a pesar de tener familia en Bolonia y de haber estudiado aqu\u00ed, tampoco lo conoc\u00eda. Hablo de las <strong>vistas de Bolonia desde la iglesia de <em>San Michele in Bosco<\/em><\/strong>.<\/p>\n<p><img loading=\"lazy\" decoding=\"async\" class=\"aligncenter wp-image-31872 size-full\" title=\"La vista de la ciudad de Bolonia desde San Michele in Borgo\" src=\"https:\/\/saltaconmigo.com\/blog\/wp-content\/uploads\/2017\/12\/Italia-Emilia-Romagna-Bologna-Vista-San-Michele-Borgo.jpg\" alt=\"Italia Emilia-Romagna Bologna Vista San Michele Borgo\" width=\"640\" height=\"427\" srcset=\"https:\/\/saltaconmigo.com\/blog\/wp-content\/uploads\/2017\/12\/Italia-Emilia-Romagna-Bologna-Vista-San-Michele-Borgo.jpg 640w, https:\/\/saltaconmigo.com\/blog\/wp-content\/uploads\/2017\/12\/Italia-Emilia-Romagna-Bologna-Vista-San-Michele-Borgo-300x200.jpg 300w, https:\/\/saltaconmigo.com\/blog\/wp-content\/uploads\/2017\/12\/Italia-Emilia-Romagna-Bologna-Vista-San-Michele-Borgo-360x240.jpg 360w\" sizes=\"auto, (max-width: 640px) 100vw, 640px\" \/><\/p>\n<p>Al lado de la iglesia hay un hospital, el Istituto Ortopedico Rizzoli, ubicado en el antiguo convento que era parte del complejo de la iglesia. Entra y busca el <strong>pasillo m\u00e1s largo de Bolonia<\/strong>: tiene 162 metros de longitud. Desde \u00e9l, a trav\u00e9s de una gran ventana, se puede experimentar un <strong>efecto \u00f3ptico muy curioso<\/strong>. <a href=\"https:\/\/saltaconmigo.com\/blog\/2021\/03\/torres-de-bolonia\/\">Las dos torres de Bolonia<\/a>, enmarcadas por la ventana, parecen hacerse m\u00e1s grandes a medida de que te alejas.<\/p>\n<p><img loading=\"lazy\" decoding=\"async\" class=\"aligncenter wp-image-31869 size-full\" title=\"Al alejarse de la ventana...\" src=\"https:\/\/saltaconmigo.com\/blog\/wp-content\/uploads\/2017\/12\/Italia-Emilia-Romagna-Bologna-San-Michele-Borgo-Ventana-Magica-1.jpg\" alt=\"Italia Emilia-Romagna Bologna San Michele Borgo Ventana Magica\" width=\"640\" height=\"427\" srcset=\"https:\/\/saltaconmigo.com\/blog\/wp-content\/uploads\/2017\/12\/Italia-Emilia-Romagna-Bologna-San-Michele-Borgo-Ventana-Magica-1.jpg 640w, https:\/\/saltaconmigo.com\/blog\/wp-content\/uploads\/2017\/12\/Italia-Emilia-Romagna-Bologna-San-Michele-Borgo-Ventana-Magica-1-300x200.jpg 300w, https:\/\/saltaconmigo.com\/blog\/wp-content\/uploads\/2017\/12\/Italia-Emilia-Romagna-Bologna-San-Michele-Borgo-Ventana-Magica-1-360x240.jpg 360w\" sizes=\"auto, (max-width: 640px) 100vw, 640px\" \/><\/p>\n<p><img loading=\"lazy\" decoding=\"async\" class=\"aligncenter wp-image-31870 size-full\" title=\"... la torre se hace m\u00e1s grande\" src=\"https:\/\/saltaconmigo.com\/blog\/wp-content\/uploads\/2017\/12\/Italia-Emilia-Romagna-Bologna-San-Michele-Borgo-Ventana-Magica-2.jpg\" alt=\"Italia Emilia-Romagna Bologna San Michele Borgo Ventana Magica\" width=\"640\" height=\"427\" srcset=\"https:\/\/saltaconmigo.com\/blog\/wp-content\/uploads\/2017\/12\/Italia-Emilia-Romagna-Bologna-San-Michele-Borgo-Ventana-Magica-2.jpg 640w, https:\/\/saltaconmigo.com\/blog\/wp-content\/uploads\/2017\/12\/Italia-Emilia-Romagna-Bologna-San-Michele-Borgo-Ventana-Magica-2-300x200.jpg 300w, https:\/\/saltaconmigo.com\/blog\/wp-content\/uploads\/2017\/12\/Italia-Emilia-Romagna-Bologna-San-Michele-Borgo-Ventana-Magica-2-360x240.jpg 360w\" sizes=\"auto, (max-width: 640px) 100vw, 640px\" \/><\/p>\n<h2>Museos alternativos: MAMbo, Palazzo Albergati, Museo del patrimonio industriale, Museo Medievale&#8230;<\/h2>\n<p>Si lo tuyo son los museos, en Bolonia tampoco te vas a aburrir, los hay de todo tipo. Por ejemplo el <strong>MAMbo, uno de los museos de arte moderno y contempor\u00e1neo m\u00e1s importantes de Italia<\/strong>. Otro es el <a href=\"http:\/\/www.palazzoalbergati.com\/\" target=\"_blank\" rel=\"noopener noreferrer\"><strong>Palazzo Albergati<\/strong><\/a>, con exposiciones temporales interesantes: por aqu\u00ed han pasado las obras de Mir\u00f3 o de Escher. En las afueras, el <strong><a href=\"http:\/\/www.museibologna.it\/patrimonioindustriale\" target=\"_blank\" rel=\"noopener noreferrer\"><em>Museo del patrimonio industriale<\/em><\/a><\/strong> \u2013museo del patrimonio industrial\u2013, ubicado en una f\u00e1brica de ladrillos del siglo XIX. Y, de nuevo en el centro, el <a href=\"http:\/\/www.museibologna.it\/arteantica\/\" target=\"_blank\" rel=\"noopener noreferrer\"><em>Museo Civico Medievale<\/em><\/a> o el <a href=\"http:\/\/www.genusbononiae.it\/palazzi\/palazzo-pepoli\/\" target=\"_blank\" rel=\"noopener noreferrer\"><em>Museo della Storia di Bologna<\/em><\/a>, <a href=\"https:\/\/saltaconmigo.com\/blog\/2019\/04\/museos-de-bolonia-bologna\/\"><strong>museos de Bolonia<\/strong><\/a> menos \u201calternativos\u201d pero tambi\u00e9n poco conocidos.<\/p>\n<p><img loading=\"lazy\" decoding=\"async\" class=\"aligncenter wp-image-31862 size-full\" title=\"Una de las salas del MAMbo\" src=\"https:\/\/saltaconmigo.com\/blog\/wp-content\/uploads\/2017\/12\/Italia-Emilia-Romagna-Bologna-MAMbo.jpg\" alt=\"Italia Emilia-Romagna Bologna MAMbo\" width=\"640\" height=\"427\" srcset=\"https:\/\/saltaconmigo.com\/blog\/wp-content\/uploads\/2017\/12\/Italia-Emilia-Romagna-Bologna-MAMbo.jpg 640w, https:\/\/saltaconmigo.com\/blog\/wp-content\/uploads\/2017\/12\/Italia-Emilia-Romagna-Bologna-MAMbo-300x200.jpg 300w, https:\/\/saltaconmigo.com\/blog\/wp-content\/uploads\/2017\/12\/Italia-Emilia-Romagna-Bologna-MAMbo-360x240.jpg 360w\" sizes=\"auto, (max-width: 640px) 100vw, 640px\" \/><\/p>\n<p>Porque Bolonia no es s\u00f3lo la <em>rossa,<\/em> la <em>dotta<\/em> e la <em>grassa,<\/em> tambi\u00e9n es la alternativa y la bohemia, <em>hipster<\/em>, o como se llame ahora que lo <em>hipster<\/em> est\u00e1 pasando de moda&#8230;<\/p>\n\n<div class=\"cajaVenta\">\n<p>\u00bfQuieres <strong>viajar a Bolonia<\/strong>? Aqu\u00ed puedes hacerlo:<\/p>\n<ul class=\"avion\">\n \t<li>Busca tu <strong>vuelo m\u00e1s barato a Bolonia<\/strong> <a title=\"Vuelos baratos\" href=\"https:\/\/www.skyscanner.net\/g\/referrals\/v1\/flights\/cheap-flights-to?adId=1100662&amp;campaignId=13416&amp;currency=EUR&amp;destination=BLQ&amp;locale=es-ES&amp;market=ES&amp;mediaPartnerId=1205554\" target=\"_blank\" rel=\"sponsored nofollow noopener noreferrer\">aqu\u00ed<\/a>.<\/li>\n<\/ul>\n<ul class=\"hotel\">\n \t<li>Escoge el <strong>hotel que m\u00e1s te guste en Bolonia al mejor precio<\/strong>&nbsp;<a title=\"Reserva tu hotel al mejor precio\" href=\"http:\/\/www.booking.com\/searchresults.html?city=-111742&amp;aid=844890\" target=\"_blank\" rel=\"sponsored nofollow noopener noreferrer\">aqu\u00ed<\/a>.<\/li>\n<\/ul>\n<ul class=\"coche\">\n \t<li>Contrata tu <strong>traslado desde el aeropuerto a tu hotel<\/strong> <a href=\"https:\/\/www.civitatis.com\/es\/bolonia\/traslados\/?aid=1259\" target=\"_blank\" rel=\"sponsored nofollow noopener noreferrer\">aqu\u00ed<\/a>.<\/li>\n<\/ul>\n<ul class=\"guias\">\n \t<li>Hazte con las <strong>mejores gu\u00edas de Bolonia<\/strong> <a title=\"Compra tu gu\u00eda de viaje al mejor precio\" href=\"http:\/\/amzn.to\/2nGIEN5\" target=\"_blank\" rel=\"sponsored nofollow noopener noreferrer\">aqu\u00ed<\/a>.<\/li>\n<\/ul>\n<ul class=\"tour\">\n \t<li>Contrata tu <strong><em>tour<\/em> guiado en espa\u00f1ol en Bolonia<\/strong> <a href=\"https:\/\/www.civitatis.com\/es\/bolonia\/?aid=1259\" target=\"_blank\" rel=\"sponsored nofollow noopener noreferrer\">aqu\u00ed<\/a>.<\/li>\n<\/ul>\n<ul class=\"seguro\">\n \t<li>Contrata tu <strong>seguro de viaje con un 5% de descuento<\/strong> <a title=\"Contrata tu seguro de viaje al mejor precio\" href=\"https:\/\/www.iatiseguros.com\/?r=21058501929524&amp;cmp=cv_bolonia\" target=\"_blank\" rel=\"sponsored nofollow noopener noreferrer\">aqu\u00ed<\/a>.<\/li>\n<\/ul>\n<ul class=\"tarjeta\">\n \t<li>Hazte con la <strong>mejor tarjeta de viaje y recibe 10 \u20ac de recompensa<\/strong> <a href=\"https:\/\/revolut.ngih.net\/c\/1205554\/1576621\/9626\" target=\"_blank\" rel=\"sponsored nofollow noopener noreferrer noindex\">aqu\u00ed<\/a>.<\/li>\n<\/ul>\n<\/div>","protected":false},"excerpt":{"rendered":"<p>En el art\u00edculo sobre qu\u00e9 ver en Bolonia en 3 d\u00edas nos hemos centrado en las visitas cl\u00e1sicas, las obligadas para cualquier turista en su \u201cprimera cita\u201d con una de las ciudades m\u00e1s cautivadoras de Italia. Una ciudad llena de largos y serpenteantes soportales, de torres medievales, de plazas encantadoras, [&hellip;]<\/p>\n","protected":false},"author":3,"featured_media":31868,"comment_status":"open","ping_status":"open","sticky":false,"template":"","format":"standard","meta":{"footnotes":""},"categories":[110,25,203,3],"tags":[395],"class_list":["post-31850","post","type-post","status-publish","format-standard","has-post-thumbnail","hentry","category-europa","category-bologna","category-emilia-romana","category-italia","tag-395"],"_links":{"self":[{"href":"https:\/\/saltaconmigo.com\/blog\/wp-json\/wp\/v2\/posts\/31850","targetHints":{"allow":["GET"]}}],"collection":[{"href":"https:\/\/saltaconmigo.com\/blog\/wp-json\/wp\/v2\/posts"}],"about":[{"href":"https:\/\/saltaconmigo.com\/blog\/wp-json\/wp\/v2\/types\/post"}],"author":[{"embeddable":true,"href":"https:\/\/saltaconmigo.com\/blog\/wp-json\/wp\/v2\/users\/3"}],"replies":[{"embeddable":true,"href":"https:\/\/saltaconmigo.com\/blog\/wp-json\/wp\/v2\/comments?post=31850"}],"version-history":[{"count":1,"href":"https:\/\/saltaconmigo.com\/blog\/wp-json\/wp\/v2\/posts\/31850\/revisions"}],"predecessor-version":[{"id":51846,"href":"https:\/\/saltaconmigo.com\/blog\/wp-json\/wp\/v2\/posts\/31850\/revisions\/51846"}],"wp:featuredmedia":[{"embeddable":true,"href":"https:\/\/saltaconmigo.com\/blog\/wp-json\/wp\/v2\/media\/31868"}],"wp:attachment":[{"href":"https:\/\/saltaconmigo.com\/blog\/wp-json\/wp\/v2\/media?parent=31850"}],"wp:term":[{"taxonomy":"category","embeddable":true,"href":"https:\/\/saltaconmigo.com\/blog\/wp-json\/wp\/v2\/categories?post=31850"},{"taxonomy":"post_tag","embeddable":true,"href":"https:\/\/saltaconmigo.com\/blog\/wp-json\/wp\/v2\/tags?post=31850"}],"curies":[{"name":"wp","href":"https:\/\/api.w.org\/{rel}","templated":true}]}}