{"id":30211,"date":"2017-09-08T09:14:43","date_gmt":"2017-09-08T07:14:43","guid":{"rendered":"https:\/\/saltaconmigo.com\/blog\/?p=30211"},"modified":"2025-04-21T11:26:58","modified_gmt":"2025-04-21T09:26:58","slug":"puerto-de-amberes-zaha-hadid-arquitectura-contemporanea","status":"publish","type":"post","link":"https:\/\/saltaconmigo.com\/blog\/2017\/09\/puerto-de-amberes-zaha-hadid-arquitectura-contemporanea\/","title":{"rendered":"Zaha Hadid en el puerto de Amberes, B\u00e9lgica"},"content":{"rendered":"<p>\u00c9rase una ciudad a un puerto pegada, \u00e9rase un puerto superlativo, \u00e9rase un <strong>puerto\u2026<\/strong> el <strong>segundo m\u00e1s grande de Europa<\/strong>. Y esa ciudad no es otra que <strong>Amberes<\/strong>.<\/p>\n<p>No se puede visitar la ciudad flamenca sin darse una vuelta por su <strong>puerto.<\/strong> Es, sin duda, uno de los lugares m\u00e1s interesantes <a href=\"https:\/\/saltaconmigo.com\/blog\/2025\/04\/que-ver-en-amberes-belgica-flandes\/\"><strong>que ver en Amberes<\/strong><\/a>. M\u00e1s a\u00fan desde que en pleno puerto se levanta el <strong>edificio de la autoridad portuaria<\/strong>, obra de <strong>Zaha Hadid<\/strong>. La <strong>arquitectura contempor\u00e1nea<\/strong> en la ciudad es, cada vez m\u00e1s, otra de las razones por las viajar hasta all\u00ed y el mejor exponente de esta <strong>nueva Amberes<\/strong> probablemente sea este edificio. \u00bfQu\u00e9 tal suena la mezcla de un <strong>puerto gigantesco<\/strong> y una peque\u00f1a <strong>gran joya de arte contempor\u00e1neo<\/strong>?<\/p>\n<p><img loading=\"lazy\" decoding=\"async\" class=\"aligncenter wp-image-30238 size-full\" title=\"Saltando frente al edificio de la autoridad portuaria obra de Zaha Hadid en el puerto de Amberes\" src=\"https:\/\/saltaconmigo.com\/blog\/wp-content\/uploads\/2017\/08\/Belgica-Flandes-Amberes-Autoridad-Portuaria-Zaha-Hadid-Salto.jpg\" alt=\"Belgica Flandes Amberes Autoridad Portuaria Zaha Hadid Salto\" width=\"640\" height=\"427\" srcset=\"https:\/\/saltaconmigo.com\/blog\/wp-content\/uploads\/2017\/08\/Belgica-Flandes-Amberes-Autoridad-Portuaria-Zaha-Hadid-Salto.jpg 640w, https:\/\/saltaconmigo.com\/blog\/wp-content\/uploads\/2017\/08\/Belgica-Flandes-Amberes-Autoridad-Portuaria-Zaha-Hadid-Salto-300x200.jpg 300w, https:\/\/saltaconmigo.com\/blog\/wp-content\/uploads\/2017\/08\/Belgica-Flandes-Amberes-Autoridad-Portuaria-Zaha-Hadid-Salto-360x240.jpg 360w\" sizes=\"auto, (max-width: 640px) 100vw, 640px\" \/><\/p>\n<p>Te gusten o no los barcos o la arquitectura contempor\u00e1nea, el <strong>puerto de Amberes<\/strong> es una visita que no te puedes perder en la ciudad.<\/p>\n<h2>El puerto de Amberes, el segundo puerto m\u00e1s grande de Europa<\/h2>\n<p>Es posible que hayas o\u00eddo alguna vez que <strong>el puerto de Amberes es uno de los m\u00e1s grandes de Europa<\/strong> \u2013concretamente el segundo, s\u00f3lo por detr\u00e1s del de R\u00f3terdam\u2013 pero, \u00bfte has parado a pensar que <strong>Amberes est\u00e1 a 80 kil\u00f3metros del mar del Norte<\/strong> tierra adentro?<\/p>\n<p><img loading=\"lazy\" decoding=\"async\" class=\"aligncenter wp-image-30239 size-full\" title=\"La vista de parte del puerto de Amberes desde el edificio de la autoridad portuaria de Zaha Hadid\" src=\"https:\/\/saltaconmigo.com\/blog\/wp-content\/uploads\/2017\/08\/Belgica-Flandes-Amberes-Autoridad-Portuaria-Zaha-Hadid-Vista-Puerto.jpg\" alt=\"Belgica Flandes Amberes Autoridad Portuaria Zaha Hadid Vista Puerto\" width=\"640\" height=\"427\" srcset=\"https:\/\/saltaconmigo.com\/blog\/wp-content\/uploads\/2017\/08\/Belgica-Flandes-Amberes-Autoridad-Portuaria-Zaha-Hadid-Vista-Puerto.jpg 640w, https:\/\/saltaconmigo.com\/blog\/wp-content\/uploads\/2017\/08\/Belgica-Flandes-Amberes-Autoridad-Portuaria-Zaha-Hadid-Vista-Puerto-300x200.jpg 300w, https:\/\/saltaconmigo.com\/blog\/wp-content\/uploads\/2017\/08\/Belgica-Flandes-Amberes-Autoridad-Portuaria-Zaha-Hadid-Vista-Puerto-360x240.jpg 360w\" sizes=\"auto, (max-width: 640px) 100vw, 640px\" \/><\/p>\n<p>Las orillas del <strong>r\u00edo Escalda<\/strong>, <strong>Scheldt<\/strong> en flamenco, han dado cobijo a los barcos durante siglos. Hoy en d\u00eda, no s\u00f3lo la <strong>carga,<\/strong> la <strong>descarga<\/strong> y el <strong>almacenamiento<\/strong> de mercanc\u00edas son su raz\u00f3n de ser. En la zona del puerto de Amberes se encuentra uno de los mayores grupos de <strong>empresas integradas de petr\u00f3leo y productos qu\u00edmicos<\/strong> en Europa, <strong>molinos de viento<\/strong> y hasta una <strong>central nuclear<\/strong>. De hecho, adem\u00e1s de los grandes buques, la infraestructura del puerto se completa con <strong>v\u00edas de ferrocarril<\/strong>, <strong>barcazas, carreteras<\/strong> y <strong>tuber\u00edas<\/strong> \u2013por las que pasan el petr\u00f3leo y sus derivados\u2013.<\/p>\n<p>Es tal la importancia del <strong>puerto en Amberes<\/strong> que su tama\u00f1o es <strong>\u00a1doce veces superior al de la propia ciudad!<\/strong> Y sigue creciendo por la orilla izquierda del Escalda \u2013la derecha est\u00e1 totalmente utilizada hasta la frontera con los Pa\u00edses Bajos\u2013.<\/p>\n<h3>Cifras curiosas del puerto de Amberes<\/h3>\n<p>Curioso ya es que <strong>el segundo puerto m\u00e1s grande de Europa est\u00e9 a 80 kil\u00f3metros del mar<\/strong> o que <strong>los barcos atraviesen otro pa\u00eds<\/strong> \u2013Pa\u00edses Bajos\u2013 para llegar hasta \u00e9l. Pero es el tama\u00f1o el que da m\u00e1s juego con las <strong>cifras.<\/strong> Con ellas empez\u00f3 nuestra visita al edificio de la autoridad portuaria: nos las recit\u00f3 nuestro gu\u00eda mientras est\u00e1bamos de pie sobre una inmensa fotograf\u00eda del puerto tomada desde sat\u00e9lite.<\/p>\n<p><img loading=\"lazy\" decoding=\"async\" class=\"aligncenter wp-image-30241 size-full\" title=\"Fotograf\u00eda del puerto de Amberes en el edificio de la autoridad portuaria\" src=\"https:\/\/saltaconmigo.com\/blog\/wp-content\/uploads\/2017\/08\/Belgica-Flandes-Amberes-Plano-Puerto.jpg\" alt=\"Belgica Flandes Amberes Plano Puerto\" width=\"640\" height=\"427\" srcset=\"https:\/\/saltaconmigo.com\/blog\/wp-content\/uploads\/2017\/08\/Belgica-Flandes-Amberes-Plano-Puerto.jpg 640w, https:\/\/saltaconmigo.com\/blog\/wp-content\/uploads\/2017\/08\/Belgica-Flandes-Amberes-Plano-Puerto-300x200.jpg 300w, https:\/\/saltaconmigo.com\/blog\/wp-content\/uploads\/2017\/08\/Belgica-Flandes-Amberes-Plano-Puerto-360x240.jpg 360w\" sizes=\"auto, (max-width: 640px) 100vw, 640px\" \/><\/p>\n<ul>\n<li><strong>M\u00e1s de 10.000.000 de contenedores<\/strong> pasaron por \u00e9l en 2016. En un contenedor caben 30.000 libros, 100.000 DVDs, 1.000.000 de lapiceros\u2026 o un F\u00f3rmula 1.<\/li>\n<li>En 2016 se transportaron <strong>m\u00e1s de 200.000.000 de toneladas de carga<\/strong>.<\/li>\n<li>Cada d\u00eda lo atraviesan <strong>39 buques, 135 barcazas y 130 trenes de carga<\/strong>.<\/li>\n<li>Casi <strong>un 4% de la poblaci\u00f3n activa de Flandes<\/strong> tiene un trabajo relacionado con el puerto de Amberes, unos 150.000 empleados, m\u00e1s de 60.000 directos.<\/li>\n<li>Es el <strong>puerto m\u00e1s grande de la Uni\u00f3n Europea de pl\u00e1tanos y caf\u00e9<\/strong>.<\/li>\n<li>Hay rutas mar\u00edtimas <strong>desde el puerto de Amberes a 1.400 puertos<\/strong> alrededor del mundo.<\/li>\n<\/ul>\n<p>C\u00f3mo pueden llegar a impresionar los n\u00fameros cuando son as\u00ed de gigantescos, \u00bfverdad?<\/p>\n<h2>El edificio de la autoridad portuaria, la \u00faltima obra de Zaha Hadid<\/h2>\n<p>Pero si, como a nosotros, los barcos y las cifras no te emocionan \u2013bueno, las cifras un poco\u2013, tienes otro <strong>motivo por el que acercarte al puerto de Amberes<\/strong>: el <strong>edificio de la autoridad portuaria, la \u00faltima obra de la arquitecto Zaha Hadid<\/strong>.<\/p>\n<p>La <strong>mezcla de estilos<\/strong> no puede ser m\u00e1s sorprendente: en la parte inferior un <strong>edificio de principios del siglo XIX<\/strong> y en la superior, casi flotando, un <strong>\u201cprecioso monstruo\u201d de acero y cristal<\/strong>.<\/p>\n<p><img loading=\"lazy\" decoding=\"async\" class=\"aligncenter wp-image-30234 size-full\" title=\"La mezcla del pasado y casi el futuro de la mano de Zaha Hadid en el puerto de Amberes\" src=\"https:\/\/saltaconmigo.com\/blog\/wp-content\/uploads\/2017\/08\/Belgica-Flandes-Amberes-Autoridad-Portuaria-Zaha-Hadid-Exterior-2.jpg\" alt=\"Belgica Flandes Amberes Autoridad Portuaria Zaha Hadid Exterior\" width=\"640\" height=\"427\" srcset=\"https:\/\/saltaconmigo.com\/blog\/wp-content\/uploads\/2017\/08\/Belgica-Flandes-Amberes-Autoridad-Portuaria-Zaha-Hadid-Exterior-2.jpg 640w, https:\/\/saltaconmigo.com\/blog\/wp-content\/uploads\/2017\/08\/Belgica-Flandes-Amberes-Autoridad-Portuaria-Zaha-Hadid-Exterior-2-300x200.jpg 300w, https:\/\/saltaconmigo.com\/blog\/wp-content\/uploads\/2017\/08\/Belgica-Flandes-Amberes-Autoridad-Portuaria-Zaha-Hadid-Exterior-2-360x240.jpg 360w\" sizes=\"auto, (max-width: 640px) 100vw, 640px\" \/><\/p>\n<p>El edificio del siglo XIX es una r\u00e9plica de un <strong>edificio de la Hansa<\/strong> \u2013s\u00ed, la de <a href=\"https:\/\/saltaconmigo.com\/blog\/2016\/08\/liga-hanseatica-lubeck-museo-europeo-de-la-hansa\/\">L\u00fcbeck<\/a>\u2013 que se quem\u00f3 en el siglo XVII y que se utiliz\u00f3 como <strong>cuartel de bomberos<\/strong>. En 2007, la autoridad portuaria, due\u00f1a del edificio, organiz\u00f3 un concurso de ideas para convertirlo en su sede. La principal limitaci\u00f3n era que se trata de un <strong>edificio protegido<\/strong> y no pod\u00edan modificarse fachadas ni patio.<\/p>\n<p><strong>Zaha Hadid<\/strong> present\u00f3 una propuesta en la que <strong>su obra se elevaba sobre el antiguo edificio que se manten\u00eda intacto<\/strong> \u2013el exterior, porque el interior se ha reorganizado\u2013. Unos gigantescos pilares macizos, colocados en forma triangular, y una estructura central de hormig\u00f3n \u2013por donde se conectan los dos espacios\u2013 soportaban su nuevo dise\u00f1o. Puedes intentar <strong>encontrarle un \u201csentido\u201d a la forma<\/strong>, algunos ven un <strong>diamante<\/strong> con sus facetas, otros un <strong>barco\u2026<\/strong> pero la propia Zaha dec\u00eda que no era m\u00e1s que una <strong>forma abstracta<\/strong>.<\/p>\n<p><img loading=\"lazy\" decoding=\"async\" class=\"aligncenter wp-image-30243 size-full\" title=\"Un barco, un diamante... o simplemente una forma abstracta como dec\u00eda Zaha Hadid\" src=\"https:\/\/saltaconmigo.com\/blog\/wp-content\/uploads\/2017\/08\/Belgica-Flandes-Amberes-Puerto-Red-Star-Line-Museum-Zaha-Hadid.jpg\" alt=\"Belgica Flandes Amberes Puerto Red Star Line Museum Zaha Hadid\" width=\"640\" height=\"427\" srcset=\"https:\/\/saltaconmigo.com\/blog\/wp-content\/uploads\/2017\/08\/Belgica-Flandes-Amberes-Puerto-Red-Star-Line-Museum-Zaha-Hadid.jpg 640w, https:\/\/saltaconmigo.com\/blog\/wp-content\/uploads\/2017\/08\/Belgica-Flandes-Amberes-Puerto-Red-Star-Line-Museum-Zaha-Hadid-300x200.jpg 300w, https:\/\/saltaconmigo.com\/blog\/wp-content\/uploads\/2017\/08\/Belgica-Flandes-Amberes-Puerto-Red-Star-Line-Museum-Zaha-Hadid-360x240.jpg 360w\" sizes=\"auto, (max-width: 640px) 100vw, 640px\" \/><\/p>\n<p>Hab\u00eda otro requisito m\u00e1s en la construcci\u00f3n, uno com\u00fan a cualquier edificio que se construya en Amberes: <strong>la torre de la catedral debe seguir siendo el edificio m\u00e1s alto de la ciudad<\/strong>, ninguno puede superar sus 123 metros de altura.<\/p>\n<h2>Recorriendo el Havenhuis, la oficina portuaria de Amberes<\/h2>\n<p>La visita al <strong>Havenhuis<\/strong> comienza por, obviamente, el edificio inferior: la <strong>r\u00e9plica de la casa de la Hansa<\/strong>. Desde el patio, hoy cubierto, pudimos apreciar esas enormes vigas negras que sustentan la estructura superior junto con la columna de hormig\u00f3n que sirve de conexi\u00f3n.<\/p>\n<p><img loading=\"lazy\" decoding=\"async\" class=\"aligncenter wp-image-30237 size-full\" title=\"Las vigas colocadas en forma triangular que soportan la nueva estructura del edificio de la autoridad portuaria en el puerto de Amberes\" src=\"https:\/\/saltaconmigo.com\/blog\/wp-content\/uploads\/2017\/08\/Belgica-Flandes-Amberes-Autoridad-Portuaria-Zaha-Hadid-Patio.jpg\" alt=\"Belgica Flandes Amberes Autoridad Portuaria Zaha Hadid Patio\" width=\"640\" height=\"427\" srcset=\"https:\/\/saltaconmigo.com\/blog\/wp-content\/uploads\/2017\/08\/Belgica-Flandes-Amberes-Autoridad-Portuaria-Zaha-Hadid-Patio.jpg 640w, https:\/\/saltaconmigo.com\/blog\/wp-content\/uploads\/2017\/08\/Belgica-Flandes-Amberes-Autoridad-Portuaria-Zaha-Hadid-Patio-300x200.jpg 300w, https:\/\/saltaconmigo.com\/blog\/wp-content\/uploads\/2017\/08\/Belgica-Flandes-Amberes-Autoridad-Portuaria-Zaha-Hadid-Patio-360x240.jpg 360w\" sizes=\"auto, (max-width: 640px) 100vw, 640px\" \/><\/p>\n<p>El edificio antiguo tambi\u00e9n ha sido <strong>remodelado en su interior<\/strong>. El blanco, las l\u00edneas de luz y los espacios abiertos nos hicieron pensar, nada m\u00e1s abrirse las puertas del ascensor, que ya est\u00e1bamos en la nueva estructura. Pero no, \u00a1segu\u00edamos en la antigua! <strong>Todo el dise\u00f1o interior<\/strong> \u2013espacios e incluso mobiliario\u2013 <strong>tambi\u00e9n es obra de Zaha Hadid<\/strong>. No pudimos dejar de sonre\u00edr al notar\u2013eso s\u00ed, gracias al gu\u00eda\u2013 que casi todas las superficies de la zona de cafeter\u00eda, excepto las mesas, est\u00e1n inclinadas para evitar que se dejen sobre ellas los caf\u00e9s\u2026 y se alargue el descanso.<\/p>\n<p><img loading=\"lazy\" decoding=\"async\" class=\"aligncenter wp-image-30240 size-full\" title=\"La zona de descanso con superficies inclinadas\" src=\"https:\/\/saltaconmigo.com\/blog\/wp-content\/uploads\/2017\/08\/Belgica-Flandes-Amberes-Autoridad-Portuaria-Zaha-Hadid-Zona-Descanso.jpg\" alt=\"Belgica Flandes Amberes Autoridad Portuaria Zaha Hadid Zona Descanso\" width=\"640\" height=\"427\" srcset=\"https:\/\/saltaconmigo.com\/blog\/wp-content\/uploads\/2017\/08\/Belgica-Flandes-Amberes-Autoridad-Portuaria-Zaha-Hadid-Zona-Descanso.jpg 640w, https:\/\/saltaconmigo.com\/blog\/wp-content\/uploads\/2017\/08\/Belgica-Flandes-Amberes-Autoridad-Portuaria-Zaha-Hadid-Zona-Descanso-300x200.jpg 300w, https:\/\/saltaconmigo.com\/blog\/wp-content\/uploads\/2017\/08\/Belgica-Flandes-Amberes-Autoridad-Portuaria-Zaha-Hadid-Zona-Descanso-360x240.jpg 360w\" sizes=\"auto, (max-width: 640px) 100vw, 640px\" \/><\/p>\n<p>Nos cont\u00f3 nuestro gu\u00eda que no s\u00f3lo es un edificio sorprendente por su aspecto, sino tambi\u00e9n por su concepci\u00f3n: se trata de un <strong>edificio m\u00f3vil<\/strong>. No, no es que se mueva el edificio, lo que se mueven son los empleados. Unas 500 personas trabajan en \u00e9l pero <strong>nadie tiene un espacio fijo<\/strong>. Cada empleado cuenta con un port\u00e1til, unos cascos y una taquilla de un metro por un metro en la que guarda todo cada d\u00eda antes de salir del trabajo. Al d\u00eda siguiente saca sus cosas, junto con la documentaci\u00f3n que necesite para el proyecto en que est\u00e9 trabajando, y se sienta donde quiera. Es m\u00e1s, a pesar de tener <strong>la empresa unos 500 empleados, s\u00f3lo hay espacio en el edificio para unos 400<\/strong>: siempre hay gente que est\u00e1 trabajando fuera, en su casa, de vacaciones, de baja por enfermedad&#8230;<\/p>\n<p>El espacio es <strong>blanco y di\u00e1fano<\/strong>, excepto por las salas de reuniones \u2013cada una con una pantalla t\u00e1ctil en la puerta desde la que se puede reservar y que informa de lo que est\u00e1 sucediendo en su interior en cada momento\u2013 y las \u201c<strong>salas de pensar<\/strong>\u201d. \u00c9stas \u00faltimas son peque\u00f1os espacios en los que aislarse y concentrarse\u2026 tampoco creemos que haya mucho ruido en la sala principal, siguen siendo del norte de Europa, \u00a1pero no es mala idea!<\/p>\n<p><img loading=\"lazy\" decoding=\"async\" class=\"aligncenter wp-image-30236 size-full\" title=\"Uno de los pasillos interiores de edificio de Zaha Hadid en el puerto de Amberes\" src=\"https:\/\/saltaconmigo.com\/blog\/wp-content\/uploads\/2017\/08\/Belgica-Flandes-Amberes-Autoridad-Portuaria-Zaha-Hadid-Pasillo.jpg\" alt=\"Belgica Flandes Amberes Autoridad Portuaria Zaha Hadid Pasillo\" width=\"640\" height=\"427\" srcset=\"https:\/\/saltaconmigo.com\/blog\/wp-content\/uploads\/2017\/08\/Belgica-Flandes-Amberes-Autoridad-Portuaria-Zaha-Hadid-Pasillo.jpg 640w, https:\/\/saltaconmigo.com\/blog\/wp-content\/uploads\/2017\/08\/Belgica-Flandes-Amberes-Autoridad-Portuaria-Zaha-Hadid-Pasillo-300x200.jpg 300w, https:\/\/saltaconmigo.com\/blog\/wp-content\/uploads\/2017\/08\/Belgica-Flandes-Amberes-Autoridad-Portuaria-Zaha-Hadid-Pasillo-360x240.jpg 360w\" sizes=\"auto, (max-width: 640px) 100vw, 640px\" \/><\/p>\n<p>Adem\u00e1s de los <strong>tri\u00e1ngulos<\/strong> que forman las vigas de soporte, esta forma est\u00e1 muy presente en las <strong>\u201cventanas\u201d:<\/strong> <strong>1.900 tri\u00e1ngulos<\/strong> de los que 1.300 son \u00fanicos. Como dato interesante, <strong>las ventanas se limpian dos veces al a\u00f1o y cuesta 15.000 euros<\/strong>.<\/p>\n<p>Hay otra forma de visitar el edificio, bueno, al menos una parte. Existe un <strong>sal\u00f3n de congresos<\/strong> que est\u00e1 <strong>abierto al p\u00fablico<\/strong> en el que se llevan a cabo eventos, presentaciones, charlas\u2026<\/p>\n<h3>Informaci\u00f3n pr\u00e1ctica para visitar la obra de Zaha Hadid<\/h3>\n<p>S\u00f3lo es posible <strong>visitar el edificio de la autoridad portuaria con <em>tours<\/em> guiados los fines de semana<\/strong>. Los <strong>horarios<\/strong> de las visitas son 10.00, 12.00 y 14.00. Los <em>tours<\/em> se organizan habitualmente para <strong>grupos de unas 20 personas<\/strong>. Como poca gente viaja en grupos tan grandes, nos contaron que es posible incluirse en alguno ya abierto. El <strong>precio,<\/strong> por grupo completo, es de 80 euros, para personas \u201csueltas\u201d son 10 euros.<\/p>\n<p><img loading=\"lazy\" decoding=\"async\" class=\"aligncenter wp-image-30233 size-full\" title=\"La zona de conexi\u00f3n entre lo nuevo y lo viejo, un mirador perfecto sobre el puerto de Amberes\" src=\"https:\/\/saltaconmigo.com\/blog\/wp-content\/uploads\/2017\/08\/Belgica-Flandes-Amberes-Autoridad-Portuaria-Zaha-Hadid-Conexion.jpg\" alt=\"Belgica Flandes Amberes Autoridad Portuaria Zaha Hadid Conexion\" width=\"640\" height=\"427\" srcset=\"https:\/\/saltaconmigo.com\/blog\/wp-content\/uploads\/2017\/08\/Belgica-Flandes-Amberes-Autoridad-Portuaria-Zaha-Hadid-Conexion.jpg 640w, https:\/\/saltaconmigo.com\/blog\/wp-content\/uploads\/2017\/08\/Belgica-Flandes-Amberes-Autoridad-Portuaria-Zaha-Hadid-Conexion-300x200.jpg 300w, https:\/\/saltaconmigo.com\/blog\/wp-content\/uploads\/2017\/08\/Belgica-Flandes-Amberes-Autoridad-Portuaria-Zaha-Hadid-Conexion-360x240.jpg 360w\" sizes=\"auto, (max-width: 640px) 100vw, 640px\" \/><\/p>\n<p>La <strong>mala noticia<\/strong> es que es tanto el inter\u00e9s que despierta el edificio que todos <strong>los <em>tours<\/em> est\u00e1n llenos para lo que queda de 2017<\/strong>. La buena es que ya se pueden reservar para 2018 desde la <a href=\"https:\/\/www.visitantwerpen.be\/en\/walks\/the-port-house-group\" target=\"_blank\" rel=\"noopener noreferrer\">p\u00e1gina de turismo de la ciudad<\/a>.<\/p>\n<h2>M\u00e1s cosas que ver en el puerto de Amberes<\/h2>\n<p>Pero no s\u00f3lo de barcos y de Zaha Hadid vive el puerto de Amberes. Tienes m\u00e1s motivos para visitarlo, empezando por las espectaculares <strong>puestas de sol sobre el r\u00edo Escalda<\/strong> y terminando por el <strong>reformado Felix Pakhuis<\/strong>, un enorme almac\u00e9n de mediados del siglo XIX que hoy acoge salas de exposiciones, restaurantes y el ambiente m\u00e1s moderno de Amberes.<\/p>\n<p><img loading=\"lazy\" decoding=\"async\" class=\"aligncenter wp-image-24579 size-full\" title=\"La puesta de sol desde el MAS en el puerto de Amberes\" src=\"https:\/\/saltaconmigo.com\/blog\/wp-content\/uploads\/2016\/08\/Belgica-Flandes-Amberes-MAS-Puesta-Sol-Muelle.jpg\" alt=\"Belgica Flandes Amberes MAS Puesta Sol Muelle\" width=\"640\" height=\"427\" srcset=\"https:\/\/saltaconmigo.com\/blog\/wp-content\/uploads\/2016\/08\/Belgica-Flandes-Amberes-MAS-Puesta-Sol-Muelle.jpg 640w, https:\/\/saltaconmigo.com\/blog\/wp-content\/uploads\/2016\/08\/Belgica-Flandes-Amberes-MAS-Puesta-Sol-Muelle-300x200.jpg 300w, https:\/\/saltaconmigo.com\/blog\/wp-content\/uploads\/2016\/08\/Belgica-Flandes-Amberes-MAS-Puesta-Sol-Muelle-360x240.jpg 360w\" sizes=\"auto, (max-width: 640px) 100vw, 640px\" \/><\/p>\n<p>Entre uno y otro, dos <strong>museos.<\/strong> El <strong>MAS<\/strong>, <strong>Museum aan de Stroom<\/strong>, el museo de la ciudad con exposiciones distintas en cada planta, arquitectura contempor\u00e1nea y una terraza para disfrutar de esas puestas de sol. El otro, el <strong>Red Star Line Museum<\/strong>, tambi\u00e9n en un almac\u00e9n, el de la compa\u00f1\u00eda naviera que uni\u00f3 el viejo con el nuevo continente durante casi sesenta a\u00f1os de finales del siglo XIX a principios del XX.<\/p>\n<p><img loading=\"lazy\" decoding=\"async\" class=\"aligncenter wp-image-30242 size-full\" title=\"El antiguo almac\u00e9n de la Red Star Line hoy convertido en museo en el puerto de Amberes\" src=\"https:\/\/saltaconmigo.com\/blog\/wp-content\/uploads\/2017\/08\/Belgica-Flandes-Amberes-Puerto-Red-Star-Line-Museum-Exterior.jpg\" alt=\"Belgica Flandes Amberes Puerto Red Star Line Museum Exterior\" width=\"640\" height=\"427\" srcset=\"https:\/\/saltaconmigo.com\/blog\/wp-content\/uploads\/2017\/08\/Belgica-Flandes-Amberes-Puerto-Red-Star-Line-Museum-Exterior.jpg 640w, https:\/\/saltaconmigo.com\/blog\/wp-content\/uploads\/2017\/08\/Belgica-Flandes-Amberes-Puerto-Red-Star-Line-Museum-Exterior-300x200.jpg 300w, https:\/\/saltaconmigo.com\/blog\/wp-content\/uploads\/2017\/08\/Belgica-Flandes-Amberes-Puerto-Red-Star-Line-Museum-Exterior-360x240.jpg 360w\" sizes=\"auto, (max-width: 640px) 100vw, 640px\" \/><\/p>\n<p>Y, pronto, ya est\u00e1 aprobado el comienzo de su construcci\u00f3n, el <strong>museo mar\u00edtimo<\/strong> justo frente al edificio de la autoridad portuaria.<\/p>\n<p><img loading=\"lazy\" decoding=\"async\" class=\"aligncenter wp-image-30235 size-full\" title=\"La arquitectura contempor\u00e1nea tiene un nuevo buque insignia en el puerto de Amberes\" src=\"https:\/\/saltaconmigo.com\/blog\/wp-content\/uploads\/2017\/08\/Belgica-Flandes-Amberes-Autoridad-Portuaria-Zaha-Hadid-Exterior.jpg\" alt=\"Belgica Flandes Amberes Autoridad Portuaria Zaha Hadid Exterior\" width=\"640\" height=\"427\" srcset=\"https:\/\/saltaconmigo.com\/blog\/wp-content\/uploads\/2017\/08\/Belgica-Flandes-Amberes-Autoridad-Portuaria-Zaha-Hadid-Exterior.jpg 640w, https:\/\/saltaconmigo.com\/blog\/wp-content\/uploads\/2017\/08\/Belgica-Flandes-Amberes-Autoridad-Portuaria-Zaha-Hadid-Exterior-300x200.jpg 300w, https:\/\/saltaconmigo.com\/blog\/wp-content\/uploads\/2017\/08\/Belgica-Flandes-Amberes-Autoridad-Portuaria-Zaha-Hadid-Exterior-360x240.jpg 360w\" sizes=\"auto, (max-width: 640px) 100vw, 640px\" \/><\/p>\n<p>Date una vuelta por el <strong>puerto de Amberes y disfruta del coraz\u00f3n econ\u00f3mico<\/strong> y, cada vez m\u00e1s, <strong>cultural<\/strong> de la ciudad.<\/p>\n\n<div class=\"cajaVenta\">\n<p>\u00bfQuieres <strong>viajar a Amberes<\/strong>? Aqu\u00ed te ayudamos a hacerlo:<\/p>\n<ul class=\"avion\">\n \t<li>Busca tu <strong>vuelo m\u00e1s barato a B\u00e9lgica <\/strong><a title=\"Vuelos baratos\" href=\"https:\/\/www.skyscanner.net\/g\/referrals\/v1\/flights\/cheap-flights-to?adId=1100662&#038;campaignId=13416&#038;currency=EUR&#038;destination=BE&#038;locale=es-ES&#038;market=ES&#038;mediaPartnerId=1205554\" target=\"_blank\" rel=\"sponsored nofollow noopener noreferrer\">aqu\u00ed<\/a>.<\/li>\n<\/ul>\n<ul class=\"hotel\">\n \t<li>Escoge el <strong>hotel que m\u00e1s te guste al mejor precio<\/strong> en Amberes <a title=\"Reserva tu hotel al mejor precio\" href=\"http:\/\/www.booking.com\/searchresults.html?city=-1953257&amp;aid=844890\" target=\"_blank\" rel=\"sponsored nofollow noopener noreferrer\">aqu\u00ed<\/a>.<\/li>\n<\/ul>\n<ul class=\"coche\">\n \t<li><strong>Alquila el coche<\/strong> en B\u00e9lgica al mejor precio comparando entre varias compa\u00f1\u00edas <a title=\"Alquila tu coche al mejor precio\" href=\"https:\/\/www.booking.com\/cars\/index.html?aid=844890\" target=\"_blank\" rel=\"sponsored nofollow noopener noreferrer\">aqu\u00ed<\/a>.<\/li>\n<\/ul>\n<ul class=\"guias\">\n \t<li>Hazte con las <strong>mejores gu\u00edas de B\u00e9lgica <\/strong><a title=\"Compra tu gu\u00eda de viaje al mejor precio\" href=\"http:\/\/amzn.to\/2jafvIP\" target=\"_blank\" rel=\"sponsored nofollow noopener noreferrer\">aqu\u00ed<\/a>.<\/li>\n<\/ul>\n<ul class=\"tour\">\n \t<li>Contrata tu <strong><em>tour<\/em> guiado en Amberes<\/strong> <a href=\"https:\/\/www.civitatis.com\/es\/amberes\/?aid=1259\" target=\"_blank\" rel=\"sponsored nofollow noopener noreferrer\">aqu\u00ed<\/a>.<\/li>\n<\/ul>\n<ul class=\"seguro\">\n \t<li>Contrata tu <strong>seguro de viaje con un 5% de descuento <\/strong><a title=\"Contrata tu seguro de viaje al mejor precio\" href=\"https:\/\/www.iatiseguros.com\/?r=21058501929524&amp;cmp=cv_amberes\" target=\"_blank\" rel=\"sponsored nofollow noopener noreferrer noindex\">aqu\u00ed<\/a>.<\/li>\n<\/ul>\n<ul class=\"tarjeta\">\n \t<li>Hazte con la <strong>mejor tarjeta de viaje y recibe 10 \u20ac de recompensa<\/strong> <a href=\"https:\/\/revolut.ngih.net\/c\/1205554\/1576621\/9626\" target=\"_blank\" rel=\"sponsored nofollow noopener noreferrer noindex\">aqu\u00ed<\/a>.<\/li>\n<\/ul>\n<\/div>","protected":false},"excerpt":{"rendered":"<p>\u00c9rase una ciudad a un puerto pegada, \u00e9rase un puerto superlativo, \u00e9rase un puerto\u2026 el segundo m\u00e1s grande de Europa. Y esa ciudad no es otra que Amberes. No se puede visitar la ciudad flamenca sin darse una vuelta por su puerto. Es, sin duda, uno de los lugares m\u00e1s [&hellip;]<\/p>\n","protected":false},"author":2,"featured_media":30238,"comment_status":"open","ping_status":"open","sticky":false,"template":"","format":"standard","meta":{"footnotes":""},"categories":[110,394,356,385],"tags":[],"class_list":["post-30211","post","type-post","status-publish","format-standard","has-post-thumbnail","hentry","category-europa","category-amberes","category-belgica","category-flandes"],"_links":{"self":[{"href":"https:\/\/saltaconmigo.com\/blog\/wp-json\/wp\/v2\/posts\/30211","targetHints":{"allow":["GET"]}}],"collection":[{"href":"https:\/\/saltaconmigo.com\/blog\/wp-json\/wp\/v2\/posts"}],"about":[{"href":"https:\/\/saltaconmigo.com\/blog\/wp-json\/wp\/v2\/types\/post"}],"author":[{"embeddable":true,"href":"https:\/\/saltaconmigo.com\/blog\/wp-json\/wp\/v2\/users\/2"}],"replies":[{"embeddable":true,"href":"https:\/\/saltaconmigo.com\/blog\/wp-json\/wp\/v2\/comments?post=30211"}],"version-history":[{"count":1,"href":"https:\/\/saltaconmigo.com\/blog\/wp-json\/wp\/v2\/posts\/30211\/revisions"}],"predecessor-version":[{"id":70532,"href":"https:\/\/saltaconmigo.com\/blog\/wp-json\/wp\/v2\/posts\/30211\/revisions\/70532"}],"wp:featuredmedia":[{"embeddable":true,"href":"https:\/\/saltaconmigo.com\/blog\/wp-json\/wp\/v2\/media\/30238"}],"wp:attachment":[{"href":"https:\/\/saltaconmigo.com\/blog\/wp-json\/wp\/v2\/media?parent=30211"}],"wp:term":[{"taxonomy":"category","embeddable":true,"href":"https:\/\/saltaconmigo.com\/blog\/wp-json\/wp\/v2\/categories?post=30211"},{"taxonomy":"post_tag","embeddable":true,"href":"https:\/\/saltaconmigo.com\/blog\/wp-json\/wp\/v2\/tags?post=30211"}],"curies":[{"name":"wp","href":"https:\/\/api.w.org\/{rel}","templated":true}]}}