{"id":23261,"date":"2016-03-28T08:31:22","date_gmt":"2016-03-28T07:31:22","guid":{"rendered":"https:\/\/saltaconmigo.com\/blog\/?p=23261"},"modified":"2021-10-28T18:45:20","modified_gmt":"2021-10-28T16:45:20","slug":"reserva-biosfera-dana-turismo-sostenible-jordania","status":"publish","type":"post","link":"https:\/\/saltaconmigo.com\/blog\/2016\/03\/reserva-biosfera-dana-turismo-sostenible-jordania\/","title":{"rendered":"Reserva de la biosfera de Dana: turismo sostenible en Jordania"},"content":{"rendered":"<p>Despu\u00e9s de decir que uno de los <strong><a href=\"https:\/\/saltaconmigo.com\/blog\/2015\/07\/10-motivos-para-viajar-a-jordania\/\">motivos para viajar a Jordania<\/a><\/strong> es que dos tercios de su superficie son <strong>desiertos<\/strong> \u2013entre ellos el maravilloso desierto rojo de Wadi Rum\u2013 parece raro que haya <strong>diez \u00e1reas protegidas<\/strong> entre parques nacionales y reservas de la biosfera muchas de ellas fuera de esos \u00e1reas des\u00e9rticas. <a href=\"https:\/\/saltaconmigo.com\/blog\/2015\/12\/wadi-rum-desierto-rojo-jordania\/\">Rum<\/a>, con su desierto, y <a href=\"https:\/\/saltaconmigo.com\/blog\/2016\/02\/turismo-activo-jordania-canyoning-wadi-mujib\/\">Mujib<\/a>, con su ca\u00f1\u00f3n, son dos de ellas, pero el tama\u00f1o del pa\u00eds permite visitar m\u00e1s en un viaje al <strong>Reino Hachemita de Jordania<\/strong>. En nuestro caso, recorrimos tambi\u00e9n parte de la <strong>reserva de la biosfera de Dana<\/strong> y dormimos en uno de los <strong><em>ecolodges<\/em><\/strong> m\u00e1s premiados del mundo, el <strong>Feynan Ecolodge<\/strong>, haciendo <strong>turismo sostenible<\/strong>.<\/p>\n<p><img loading=\"lazy\" decoding=\"async\" class=\"aligncenter wp-image-23270 size-full\" title=\"El Feynan Ecolodge integrado en la reserva de la biosfera de Dana\" src=\"https:\/\/saltaconmigo.com\/blog\/wp-content\/uploads\/2016\/03\/Jordania-Reserva-Dana-Feynan-Ecolodge-Hotel.jpg\" alt=\"Jordania Reserva Dana Feynan Ecolodge Hotel\" width=\"640\" height=\"427\" srcset=\"https:\/\/saltaconmigo.com\/blog\/wp-content\/uploads\/2016\/03\/Jordania-Reserva-Dana-Feynan-Ecolodge-Hotel.jpg 640w, https:\/\/saltaconmigo.com\/blog\/wp-content\/uploads\/2016\/03\/Jordania-Reserva-Dana-Feynan-Ecolodge-Hotel-300x200.jpg 300w, https:\/\/saltaconmigo.com\/blog\/wp-content\/uploads\/2016\/03\/Jordania-Reserva-Dana-Feynan-Ecolodge-Hotel-360x240.jpg 360w\" sizes=\"auto, (max-width: 640px) 100vw, 640px\" \/><\/p>\n<h2>Llegar a la reserva de la biosfera de Dana<\/h2>\n<p>La <strong>reserva de la biosfera de Dana<\/strong> es la <strong>m\u00e1s grande de Jordania<\/strong>. Se encuentra en el centro de Jordania, en la gobernaci\u00f3n de Tafila, entre la reserva natural de Mujib y la zona protegida de Rum. Se trata de un valle que comienza en la localidad de Dana y acaba en el wadi, ca\u00f1\u00f3n, que une el mar Muerto y el mar Rojo. Forma parte del <strong>Gran Valle del Rift<\/strong> que despu\u00e9s contin\u00faa por \u00c1frica.<\/p>\n<p><img loading=\"lazy\" decoding=\"async\" class=\"aligncenter wp-image-23268 size-full\" title=\"Las cabras de los pastores beduinos en la reserva de la biosfera de Dana\" src=\"https:\/\/saltaconmigo.com\/blog\/wp-content\/uploads\/2016\/03\/Jordania-Reserva-Dana-Feynan-Ecolodge-Cabras.jpg\" alt=\"Jordania Reserva Dana Feynan Ecolodge Cabras\" width=\"640\" height=\"427\" srcset=\"https:\/\/saltaconmigo.com\/blog\/wp-content\/uploads\/2016\/03\/Jordania-Reserva-Dana-Feynan-Ecolodge-Cabras.jpg 640w, https:\/\/saltaconmigo.com\/blog\/wp-content\/uploads\/2016\/03\/Jordania-Reserva-Dana-Feynan-Ecolodge-Cabras-300x200.jpg 300w, https:\/\/saltaconmigo.com\/blog\/wp-content\/uploads\/2016\/03\/Jordania-Reserva-Dana-Feynan-Ecolodge-Cabras-360x240.jpg 360w\" sizes=\"auto, (max-width: 640px) 100vw, 640px\" \/><\/p>\n<p>Existen <strong>dos accesos a la reserva de la biosfera de Dana<\/strong>. En el lado este, en la <strong>aldea otomana de Dana<\/strong>, se encuentra el m\u00e1s elevado, a 1.700 msnm. En el oeste, a 50 metros bajo el nivel del mar, est\u00e1 la entrada al <strong>Feynan Ecolodge<\/strong>, la que utilizamos nosotros. Entre ambos puntos se pueden ver <strong>todos los paisajes de Jordania<\/strong>, es la \u00fanica \u00e1rea protegida del pa\u00eds que los re\u00fane a todos: desde las <strong>altas monta\u00f1as hasta los valles<\/strong>, desde el verde de la vegetaci\u00f3n al ocre del desierto. Al mismo tiempo es posible encontrarse con m\u00e1s de <strong>800 especies de plantas y m\u00e1s de 400 de animales<\/strong> \u2013incluyendo gran cantidad de aves\u2013 algunas end\u00e9micas de la zona.<\/p>\n<p>El acceso por el que entramos nosotros en la reserva requiere el uso de <strong>veh\u00edculos todo terreno<\/strong>. Son los propios beduinos los que se encargan de llevar a los turistas desde sus autobuses, que quedan aparcados cerca de la <strong>carretera 65<\/strong> \u2013la que baja por la orilla del <a href=\"https:\/\/saltaconmigo.com\/blog\/2016\/01\/flotar-en-el-mar-muerto-y-otras-curiosidades\/\">mar Muerto<\/a>\u2013, hasta el interior de la reserva. Es ah\u00ed donde comenz\u00f3 nuestra \u201c<strong>experiencia Dana<\/strong>\u201d que dur\u00f3 hasta la vuelta a la carretera: el momento en que uno de los dos todo terrenos en que viaj\u00e1bamos tuvo una aver\u00eda y hubo que hacer el \u00faltimo tramo en la caja con las mochilas agarrados a los barrotes. La <strong>reserva de la biosfera de Dana<\/strong> quer\u00eda que la record\u00e1ramos y nos dio una \u00faltima aventura despu\u00e9s de todo lo que hab\u00edamos hecho en ella.<\/p>\n<p><img loading=\"lazy\" decoding=\"async\" class=\"aligncenter wp-image-23271 size-full\" title=\"Los 4x4 hasta el Feynan Ecolodge\" src=\"https:\/\/saltaconmigo.com\/blog\/wp-content\/uploads\/2016\/03\/Jordania-Reserva-Dana-4x4.jpg\" alt=\"Jordania Reserva Dana 4x4\" width=\"640\" height=\"427\" srcset=\"https:\/\/saltaconmigo.com\/blog\/wp-content\/uploads\/2016\/03\/Jordania-Reserva-Dana-4x4.jpg 640w, https:\/\/saltaconmigo.com\/blog\/wp-content\/uploads\/2016\/03\/Jordania-Reserva-Dana-4x4-300x200.jpg 300w, https:\/\/saltaconmigo.com\/blog\/wp-content\/uploads\/2016\/03\/Jordania-Reserva-Dana-4x4-360x240.jpg 360w\" sizes=\"auto, (max-width: 640px) 100vw, 640px\" \/><\/p>\n<h2>Qu\u00e9 hacer en la reserva de la biosfera de Dana<\/h2>\n<p>No tuvimos tiempo de ir de una punta a otra de la reserva \u2013cosa que se puede hacer con <strong><em>trekkings<\/em> de varios d\u00edas<\/strong>\u2013 ni de ver la zona alta, en la aldea de Dana. All\u00ed se encuentra el <strong>centro de visitantes<\/strong> donde hay que reservar todas las actividades a realizar en la reserva de la biosfera de Dana con el <strong>RSCN<\/strong> \u2013Royal Society for the Conservation of Nature, la asociaci\u00f3n que se encarga del mantenimiento de la naturaleza en Jordania\u2013. En nuestro caso <strong>nos alojamos en el Feynan Ecolodge<\/strong> y all\u00ed las actividades se contratan directamente con ellos.<\/p>\n<p><img loading=\"lazy\" decoding=\"async\" class=\"aligncenter wp-image-23267 size-full\" title=\"Uno de los paisajes de la reserva de la biosfera de Dana\" src=\"https:\/\/saltaconmigo.com\/blog\/wp-content\/uploads\/2016\/03\/Jordania-Reserva-Dana-Montes.jpg\" alt=\"Jordania Reserva Dana Montes\" width=\"640\" height=\"427\" srcset=\"https:\/\/saltaconmigo.com\/blog\/wp-content\/uploads\/2016\/03\/Jordania-Reserva-Dana-Montes.jpg 640w, https:\/\/saltaconmigo.com\/blog\/wp-content\/uploads\/2016\/03\/Jordania-Reserva-Dana-Montes-300x200.jpg 300w, https:\/\/saltaconmigo.com\/blog\/wp-content\/uploads\/2016\/03\/Jordania-Reserva-Dana-Montes-360x240.jpg 360w\" sizes=\"auto, (max-width: 640px) 100vw, 640px\" \/><\/p>\n<p>Lo que se puede <strong>hacer en la reserva de la biosfera de Dana<\/strong> no var\u00eda mucho del punto de entrada: <strong>turismo activo<\/strong> con caminatas que van desde unas horas hasta varios d\u00edas, paseos en bicicleta de monta\u00f1a o barranquismo; <strong>observaci\u00f3n de fauna<\/strong> \u2013sobre todo de aves\u2013; aprender sobre las costumbres de los <strong>pueblos locales<\/strong> y visitar antiguas <strong>ruinas.<\/strong> Lo que cambia es el paisaje que se disfruta: desde la zona casi monta\u00f1osa hasta el valle por debajo del mar.<\/p>\n<h2>Feynan Ecolodge, el turismo sostenible en Jordania<\/h2>\n<p>En mitad de una reserva de la biosfera uno no espera encontrarse con un lugar como el <strong><a href=\"https:\/\/ecohotels.me\/Feynan\" target=\"_blank\" rel=\"sponsored nofollow noopener noreferrer\">Feynan Ecolodge<\/a><\/strong>. En realidad s\u00ed es lo que uno espera, en el sentido de que es lo que se deber\u00eda permitir construir en un sitio as\u00ed, pero es dif\u00edcil encontrar un hotel con semejante <strong>respeto por la naturaleza<\/strong> y tan bien <strong>integrado con el entorno<\/strong> en que se encuentra. As\u00ed que, el Feynan Ecolodge es como <strong>el hotel que un ni\u00f1o dibujar\u00eda<\/strong>: sin la intenci\u00f3n de conseguir beneficio por encima de cualquier consideraci\u00f3n.<\/p>\n<p><img loading=\"lazy\" decoding=\"async\" class=\"aligncenter wp-image-23263 size-full\" title=\"La fachada del Feynan Ecolodge en la reserva de la biosfera de Dana\" src=\"https:\/\/saltaconmigo.com\/blog\/wp-content\/uploads\/2016\/03\/Jordania-Reserva-Dana-Feynan-Ecolodge-Fachada.jpg\" alt=\"Jordania Reserva Dana Feynan Ecolodge Fachada\" width=\"640\" height=\"427\" srcset=\"https:\/\/saltaconmigo.com\/blog\/wp-content\/uploads\/2016\/03\/Jordania-Reserva-Dana-Feynan-Ecolodge-Fachada.jpg 640w, https:\/\/saltaconmigo.com\/blog\/wp-content\/uploads\/2016\/03\/Jordania-Reserva-Dana-Feynan-Ecolodge-Fachada-300x200.jpg 300w, https:\/\/saltaconmigo.com\/blog\/wp-content\/uploads\/2016\/03\/Jordania-Reserva-Dana-Feynan-Ecolodge-Fachada-360x240.jpg 360w\" sizes=\"auto, (max-width: 640px) 100vw, 640px\" \/><\/p>\n<p>La electricidad se consigue mediante <strong>paneles solares<\/strong> \u2013no se puede decir que Jordania sea un pa\u00eds en el que el Sol no est\u00e9 siempre presente\u2013. El mismo Sol calienta el agua. Las habitaciones se iluminan con <strong>velas<\/strong> fabricadas por las comunidades beduinas de la zona \u2013en el ba\u00f1o hay luz el\u00e9ctrica y posibilidad de cargar todas las bater\u00edas en la recepci\u00f3n del hotel\u2013. Y, por supuesto, se <strong>recicla<\/strong> todo: desde los pl\u00e1sticos \u2013el agua en las comidas se sirve en botellas de barro y se utilizan botellas reutilizables en las salidas deportivas\u2013 hasta los residuos org\u00e1nicos que se convierten en compost. El respeto por la naturaleza llega tambi\u00e9n a la comida, toda <strong>vegetariana<\/strong> \u2013s\u00ed, a pesar de mis prejuicios y mi amor por la carne tengo que reconocer que estaba muy bueno\u2013.<\/p>\n<p><img loading=\"lazy\" decoding=\"async\" class=\"aligncenter wp-image-23264 size-full\" title=\"La habitaci\u00f3n del Feynan Ecolodge iluminada con las velas beduinas\" src=\"https:\/\/saltaconmigo.com\/blog\/wp-content\/uploads\/2016\/03\/Jordania-Reserva-Dana-Feynan-Ecolodge-Habitacion.jpg\" alt=\"Jordania Reserva Dana Feynan Ecolodge Habitacion\" width=\"640\" height=\"427\" srcset=\"https:\/\/saltaconmigo.com\/blog\/wp-content\/uploads\/2016\/03\/Jordania-Reserva-Dana-Feynan-Ecolodge-Habitacion.jpg 640w, https:\/\/saltaconmigo.com\/blog\/wp-content\/uploads\/2016\/03\/Jordania-Reserva-Dana-Feynan-Ecolodge-Habitacion-300x200.jpg 300w, https:\/\/saltaconmigo.com\/blog\/wp-content\/uploads\/2016\/03\/Jordania-Reserva-Dana-Feynan-Ecolodge-Habitacion-360x240.jpg 360w\" sizes=\"auto, (max-width: 640px) 100vw, 640px\" \/><\/p>\n<p>Otra de las caracter\u00edsticas del <strong>Feynan Ecolodge<\/strong> es que s\u00f3lo <strong>contrata a personal de la zona<\/strong> y se involucra con las familias <strong>beduinas<\/strong> \u2013desde los fabricantes\/artesanos de velas hasta los conductores de los 4&#215;4 en los traslados pasando por los gu\u00edas\u2013.<\/p>\n<h2>Qu\u00e9 hacer en la reserva de Dana desde el Feynan Ecolodge<\/h2>\n<p>Si sentarse en la terraza de tu habitaci\u00f3n y <strong>ver el paisaje de la reserva de la biosfera de Dana<\/strong> cambiar a lo largo del d\u00eda \u2013de acuerdo, el paisaje no cambia, pero la luz s\u00ed que hace que sea diferente\u2013 o disfrutar de la <strong>iluminaci\u00f3n de las velas<\/strong> al anochecer y de una <strong>cena bajo las estrellas<\/strong> te parecen poco, en el Feynan Ecolodge han preparado unas cuantas cosas <strong>que hacer en la reserva de la biosfera de Dana<\/strong>.<\/p>\n<p><img loading=\"lazy\" decoding=\"async\" class=\"aligncenter wp-image-23269 size-full\" title=\"Sentarte en las zonas comunes a disfrutar de la tranquilidad y de la compa\u00f1\u00eda es otra de las opciones\" src=\"https:\/\/saltaconmigo.com\/blog\/wp-content\/uploads\/2016\/03\/Jordania-Reserva-Dana-Feynan-Ecolodge-Comun.jpg\" alt=\"Jordania Reserva Dana Feynan Ecolodge Comun\" width=\"640\" height=\"427\" srcset=\"https:\/\/saltaconmigo.com\/blog\/wp-content\/uploads\/2016\/03\/Jordania-Reserva-Dana-Feynan-Ecolodge-Comun.jpg 640w, https:\/\/saltaconmigo.com\/blog\/wp-content\/uploads\/2016\/03\/Jordania-Reserva-Dana-Feynan-Ecolodge-Comun-300x200.jpg 300w, https:\/\/saltaconmigo.com\/blog\/wp-content\/uploads\/2016\/03\/Jordania-Reserva-Dana-Feynan-Ecolodge-Comun-360x240.jpg 360w\" sizes=\"auto, (max-width: 640px) 100vw, 640px\" \/><\/p>\n<h3>El atardecer en la reserva de la biosfera de Dana<\/h3>\n<p>\u00c9sta fue nuestra primera \u201cactividad\u201d nada m\u00e1s llegar al hotel y dejar el equipaje en la habitaci\u00f3n: un gu\u00eda nos acompa\u00f1\u00f3 caminando hasta la <strong>cima de una peque\u00f1a loma<\/strong> desde la que disfrutamos de un estupendo <strong>atardecer<\/strong> en compa\u00f1\u00eda de un t\u00e9 beduino.<\/p>\n<p><img loading=\"lazy\" decoding=\"async\" class=\"aligncenter wp-image-23262 size-full\" title=\"El atardecer en la reserva de la biosfera de Dana, la m\u00e1s grande de Jordania\" src=\"https:\/\/saltaconmigo.com\/blog\/wp-content\/uploads\/2016\/03\/Jordania-Reserva-Dana-Atardecer.jpg\" alt=\"Jordania Reserva Dana Atardecer\" width=\"640\" height=\"427\" srcset=\"https:\/\/saltaconmigo.com\/blog\/wp-content\/uploads\/2016\/03\/Jordania-Reserva-Dana-Atardecer.jpg 640w, https:\/\/saltaconmigo.com\/blog\/wp-content\/uploads\/2016\/03\/Jordania-Reserva-Dana-Atardecer-300x200.jpg 300w, https:\/\/saltaconmigo.com\/blog\/wp-content\/uploads\/2016\/03\/Jordania-Reserva-Dana-Atardecer-360x240.jpg 360w\" sizes=\"auto, (max-width: 640px) 100vw, 640px\" \/><\/p>\n<p>De camino hasta all\u00ed, pasamos junto al colegio al que asisten los ni\u00f1os de la zona y a un peque\u00f1o pueblo. En el interior de la reserva <strong>hay peque\u00f1os n\u00facleos de beduinos<\/strong>, algunos todav\u00eda manteniendo sus costumbres n\u00f3madas.<\/p>\n<h3>La ceremonia del caf\u00e9 beduino en la reserva de Dana<\/h3>\n<p>La experiencia de <strong>beber el caf\u00e9 beduino<\/strong> es algo que no se puede perder nadie en Jordania. Pero hacerlo en una verdadera casa beduina en mitad de una reserva natural la convierte en un momento inolvidable. Tanto lo fue en mi caso que escrib\u00ed un art\u00edculo explicando todo el proceso, porque tomar <strong><a href=\"https:\/\/saltaconmigo.com\/blog\/2015\/07\/ceremonia-ritual-cafe-beduino-jordania\/\">un caf\u00e9 en Jordania<\/a><\/strong> no es poca cosa y hay todo un protocolo que seguir.<\/p>\n<p><img loading=\"lazy\" decoding=\"async\" class=\"aligncenter wp-image-19072 size-full\" title=\"Disfrutar de Jordania tambi\u00e9n es disfrutar de las tradiciones de sus pueblos, como la del caf\u00e9 beduino\" src=\"https:\/\/saltaconmigo.com\/blog\/wp-content\/uploads\/2015\/06\/Jordania-Cafe-Beduino-Hervir-3.jpg\" alt=\"Jordania Cafe Beduino Hervir\" width=\"640\" height=\"427\" srcset=\"https:\/\/saltaconmigo.com\/blog\/wp-content\/uploads\/2015\/06\/Jordania-Cafe-Beduino-Hervir-3.jpg 640w, https:\/\/saltaconmigo.com\/blog\/wp-content\/uploads\/2015\/06\/Jordania-Cafe-Beduino-Hervir-3-300x200.jpg 300w, https:\/\/saltaconmigo.com\/blog\/wp-content\/uploads\/2015\/06\/Jordania-Cafe-Beduino-Hervir-3-360x240.jpg 360w\" sizes=\"auto, (max-width: 640px) 100vw, 640px\" \/><\/p>\n<h3>Las estrellas en el desierto desde la reserva de Dana<\/h3>\n<p>Si en el Feynan Ecolodge la luz el\u00e9ctrica queda en las zonas comunes y en los ba\u00f1os de las habitaciones, es evidente que, desde su azotea, las <strong>estrellas<\/strong> son la gran atracci\u00f3n de las <strong>noches en la reserva de Dana<\/strong>.<\/p>\n<p>Un <strong>telescopio motorizado<\/strong> \u2013como el que usar\u00edamos despu\u00e9s en <a href=\"https:\/\/saltaconmigo.com\/blog\/2016\/01\/que-hacer-la-palma-canarias-turismo\/\">La Palma<\/a>\u2013 nos acerc\u00f3 a las estrellas de la mano de uno de los beduinos que trabajan en el hotel. En un <strong>cielo l\u00edmpido<\/strong>, trataba de mostrarnos las l\u00edneas que los griegos utilizaron para \u201cunir\u201d las estrellas y \u201ccrear\u201d formas con las que nombrar a las constelaciones. Con la ayuda de un puntero l\u00e1ser capaz de iluminar una estrella \u2013algo que nos dej\u00f3 con la boca abierta por su potencia\u2013 fuimos capaces de reconocer alguna que otra forma.<\/p>\n<p>La pena es que mis conocimientos de <strong>astrofotograf\u00eda<\/strong> no daban para nada en aquel momento \u2013la casualidad quiso que, ese mismo d\u00eda, Sara estuviera en un refugio en los Pirineos con otro cielo estrellado al que tampoco pudo sacar partido\u2013. \u00daltimamente hemos hecho los deberes y tratado de aprender algo del arte de la <strong>fotograf\u00eda nocturna<\/strong>.<\/p>\n<div id=\"attachment_23272\" style=\"width: 640px\" class=\"wp-caption aligncenter\"><img loading=\"lazy\" decoding=\"async\" aria-describedby=\"caption-attachment-23272\" class=\"wp-image-23272 size-full\" title=\"Nuestro primer acercamiento a la fotograf\u00eda nocturna en Guadalajara, estamos aprendiendo\" src=\"https:\/\/saltaconmigo.com\/blog\/wp-content\/uploads\/2016\/03\/Guadalajara-Casas-San-Galindo-Nocturna.jpg\" alt=\"Guadalajara Casas San Galindo Nocturna\" width=\"640\" height=\"427\" srcset=\"https:\/\/saltaconmigo.com\/blog\/wp-content\/uploads\/2016\/03\/Guadalajara-Casas-San-Galindo-Nocturna.jpg 640w, https:\/\/saltaconmigo.com\/blog\/wp-content\/uploads\/2016\/03\/Guadalajara-Casas-San-Galindo-Nocturna-300x200.jpg 300w, https:\/\/saltaconmigo.com\/blog\/wp-content\/uploads\/2016\/03\/Guadalajara-Casas-San-Galindo-Nocturna-360x240.jpg 360w\" sizes=\"auto, (max-width: 640px) 100vw, 640px\" \/><p id=\"caption-attachment-23272\" class=\"wp-caption-text\">No es la reserva de la biosfera de Dana, pero es nuestro primer acercamiento a la fotograf\u00eda nocturna en Guadalajara, Espa\u00f1a<\/p><\/div>\n<h3>M\u00e1s actividades en la reserva de Dana desde el Feynan Ecolodge<\/h3>\n<p>Nosotros no tuvimos tiempo de hacer nada de esto, pero en el <strong>Feynan Lodge<\/strong> nos contaron que hab\u00eda muchas m\u00e1s actividades\u2026. Salidas para ver el <strong>amanecer, barranquismo<\/strong> y rutas en <strong>bicicleta de monta\u00f1a<\/strong> son otras de las actividades que se pueden hacer en el Feynan Ecolodge. Si es la vida y la cultura beduina lo que m\u00e1s llama tu atenci\u00f3n, puedes <strong>pasar un d\u00eda con uno de los pastores<\/strong> que llevan sus reba\u00f1os de cabras por la reserva o en sus comunidades aprendiendo a hacer el pan, a preparar el caf\u00e9, a utilizar el <em><strong>kohl<\/strong><\/em> \u2013el delineador de ojos\u2013 o a tejer tiendas con pelo de cabra. La historia tambi\u00e9n se visita en la reserva de la biosfera de Dana con antiguas ruinas.<\/p>\n<p><img loading=\"lazy\" decoding=\"async\" class=\"aligncenter wp-image-23266 size-full\" title=\"Las vistas del valle desde el Feynan Ecolodge\" src=\"https:\/\/saltaconmigo.com\/blog\/wp-content\/uploads\/2016\/03\/Jordania-Reserva-Dana-Feynan-Ecolodge-Valle.jpg\" alt=\"Jordania Reserva Dana Feynan Ecolodge Valle\" width=\"640\" height=\"427\" srcset=\"https:\/\/saltaconmigo.com\/blog\/wp-content\/uploads\/2016\/03\/Jordania-Reserva-Dana-Feynan-Ecolodge-Valle.jpg 640w, https:\/\/saltaconmigo.com\/blog\/wp-content\/uploads\/2016\/03\/Jordania-Reserva-Dana-Feynan-Ecolodge-Valle-300x200.jpg 300w, https:\/\/saltaconmigo.com\/blog\/wp-content\/uploads\/2016\/03\/Jordania-Reserva-Dana-Feynan-Ecolodge-Valle-360x240.jpg 360w\" sizes=\"auto, (max-width: 640px) 100vw, 640px\" \/><\/p>\n<p><strong>Naturaleza, tradici\u00f3n y cultura unidas en el respeto y en la protecci\u00f3n unas de otras, eso es la reserva de la biosfera de Dana en Jordania. \u00a1Tenemos que volver con m\u00e1s tiempo!<\/strong><\/p>\n<p style=\"text-align: center;\"><a class=\"vw-button vw-button-orange \" href=\"https:\/\/saltaconmigo.com\/blog\/2015\/07\/10-motivos-para-viajar-a-jordania\/\" target=\"_self\">Aqu\u00ed puedes ver nuestros otros 10 motivos para visitar Jordania<\/a><\/p>\n\n<div class=\"cajaVenta\">\n<p>\u00bfTe quieres ir de <strong>viaje a Jordania por libre<\/strong>? Aqu\u00ed puedes hacerlo:<\/p>\n<ul class=\"avion\">\n \t<li>Busca tu <strong>vuelo m\u00e1s barato<\/strong> a Jordania <a title=\"Vuelos a Amm\u00e1n\" href=\"https:\/\/www.skyscanner.net\/g\/referrals\/v1\/flights\/cheap-flights-to?adId=1100662&amp;campaignId=13416&amp;currency=EUR&amp;destination=JO&amp;locale=es-ES&amp;market=ES&amp;mediaPartnerId=1205554\" target=\"_blank\" rel=\"sponsored nofollow noopener noreferrer\">aqu\u00ed<\/a>.<\/li>\n<\/ul>\n<ul class=\"hotel\">\n \t<li>Escoge el <strong>hotel que m\u00e1s te guste al mejor precio<\/strong> en <a title=\"Reserva tu hotel al mejor precio\" href=\"https:\/\/www.booking.com\/searchresults.html?city=-970362&amp;aid=844890\" target=\"_blank\" rel=\"sponsored nofollow noopener noreferrer\">Amm\u00e1n<\/a>, en <a title=\"Reserva tu hotel al mejor precio\" href=\"https:\/\/www.booking.com\/searchresults.html?city=-970025&amp;aid=844890\" target=\"_blank\" rel=\"sponsored nofollow noopener noreferrer\">Aqaba<\/a>, en <a title=\"Reserva tu hotel al mejor precio\" href=\"https:\/\/www.booking.com\/searchresults.html?city=-974865&amp;aid=844890\" target=\"_blank\" rel=\"sponsored nofollow noopener noreferrer\">Wadi Musa<\/a>.<\/li>\n<\/ul>\n<ul class=\"coche\">\n \t<li><strong>Alquila el coche<\/strong> en Jordania al mejor precio comparando entre varias compa\u00f1\u00edas <a title=\"Alquila tu coche al mejor precio\" href=\"https:\/\/www.booking.com\/cars\/index.html?aid=844890\" target=\"_blank\" rel=\"sponsored nofollow noopener noreferrer\">aqu\u00ed<\/a>.<\/li>\n<\/ul>\n<ul class=\"guias\">\n \t<li>Las <strong>mejores gu\u00edas de Jordania<\/strong> <a title=\"Compra tu gu\u00eda de viaje\" href=\"https:\/\/amzn.to\/2udJYHi\" target=\"_blank\" rel=\"sponsored nofollow noopener noreferrer\">aqu\u00ed<\/a>.<\/li>\n<\/ul>\n<ul class=\"tour\">\n \t<li>Contrata tu <strong><em>tour<\/em> guiado en castellano en Jordania<\/strong> <a href=\"https:\/\/www.civitatis.com\/es\/jordania\/?aid=1259\" target=\"_blank\" rel=\"sponsored nofollow noopener noreferrer\">aqu\u00ed<\/a>.<\/li>\n<\/ul>\n<ul class=\"seguro\">\n \t<li>Contrata tu <strong>seguro de viaje con un 5% de descuento<\/strong> <a title=\"Contrata tu seguro de viaje al mejor precio\" href=\"https:\/\/www.iatiseguros.com\/?r=21058501929524&#038;cmp=jordania\" target=\"_blank\" rel=\"sponsored nofollow noopener noreferrer\">aqu\u00ed<\/a>.<\/li>\n<\/ul>\n<ul class=\"tarjeta\">\n \t<li>Hazte con la <strong>mejor tarjeta de viaje y recibe 10 \u20ac de recompensa<\/strong> <a href=\"https:\/\/revolut.ngih.net\/c\/1205554\/1576621\/9626 \" target=\"_blank\" rel=\"sponsored nofollow noopener noreferrer noindex\">aqu\u00ed<\/a>.<\/li>\n<\/ul>\n<\/div>","protected":false},"excerpt":{"rendered":"<p>Despu\u00e9s de decir que uno de los motivos para viajar a Jordania es que dos tercios de su superficie son desiertos \u2013entre ellos el maravilloso desierto rojo de Wadi Rum\u2013 parece raro que haya diez \u00e1reas protegidas entre parques nacionales y reservas de la biosfera muchas de ellas fuera de [&hellip;]<\/p>\n","protected":false},"author":2,"featured_media":23267,"comment_status":"open","ping_status":"open","sticky":false,"template":"","format":"standard","meta":{"footnotes":""},"categories":[111,144,30],"tags":[345],"class_list":["post-23261","post","type-post","status-publish","format-standard","has-post-thumbnail","hentry","category-asia","category-jordania","category-oriente-proximo","tag-345"],"_links":{"self":[{"href":"https:\/\/saltaconmigo.com\/blog\/wp-json\/wp\/v2\/posts\/23261","targetHints":{"allow":["GET"]}}],"collection":[{"href":"https:\/\/saltaconmigo.com\/blog\/wp-json\/wp\/v2\/posts"}],"about":[{"href":"https:\/\/saltaconmigo.com\/blog\/wp-json\/wp\/v2\/types\/post"}],"author":[{"embeddable":true,"href":"https:\/\/saltaconmigo.com\/blog\/wp-json\/wp\/v2\/users\/2"}],"replies":[{"embeddable":true,"href":"https:\/\/saltaconmigo.com\/blog\/wp-json\/wp\/v2\/comments?post=23261"}],"version-history":[{"count":1,"href":"https:\/\/saltaconmigo.com\/blog\/wp-json\/wp\/v2\/posts\/23261\/revisions"}],"predecessor-version":[{"id":54303,"href":"https:\/\/saltaconmigo.com\/blog\/wp-json\/wp\/v2\/posts\/23261\/revisions\/54303"}],"wp:featuredmedia":[{"embeddable":true,"href":"https:\/\/saltaconmigo.com\/blog\/wp-json\/wp\/v2\/media\/23267"}],"wp:attachment":[{"href":"https:\/\/saltaconmigo.com\/blog\/wp-json\/wp\/v2\/media?parent=23261"}],"wp:term":[{"taxonomy":"category","embeddable":true,"href":"https:\/\/saltaconmigo.com\/blog\/wp-json\/wp\/v2\/categories?post=23261"},{"taxonomy":"post_tag","embeddable":true,"href":"https:\/\/saltaconmigo.com\/blog\/wp-json\/wp\/v2\/tags?post=23261"}],"curies":[{"name":"wp","href":"https:\/\/api.w.org\/{rel}","templated":true}]}}