{"id":22119,"date":"2016-01-29T10:58:28","date_gmt":"2016-01-29T09:58:28","guid":{"rendered":"https:\/\/saltaconmigo.com\/blog\/?p=22119"},"modified":"2021-07-23T12:53:09","modified_gmt":"2021-07-23T10:53:09","slug":"loches-francia-valle-del-loira","status":"publish","type":"post","link":"https:\/\/saltaconmigo.com\/blog\/2016\/01\/loches-francia-valle-del-loira\/","title":{"rendered":"La ciudadela real de Loches, en el Valle del Loira"},"content":{"rendered":"<p>Si el castillo de Amboise es el primero de los <a href=\"https:\/\/saltaconmigo.com\/blog\/2024\/08\/ruta-castillos-valle-del-loira-coche\/\"><strong>castillos del<\/strong> <strong>Valle del Loira<\/strong><\/a>, la ciudadela real de Loches cuenta con una de las torres del homenaje m\u00e1s antiguas y mejor conservadas de <strong>Francia<\/strong>. Los siglos de historia de los dem\u00e1s castillos del valle del Loira palidecen frente a los <strong>m\u00e1s de mil a\u00f1os de antig\u00fcedad<\/strong> de la torre \u2013aunque la residencia real sea de la \u00e9poca renacentista como el resto de castillos\u2013 y lo mismo sucede con los personajes que pasaron por la ciudad: desde <strong>Ricardo Coraz\u00f3n de Le\u00f3n<\/strong> a <strong>Juana de Arco<\/strong>, s\u00f3lo por citar a dos.<\/p>\n<p><img loading=\"lazy\" decoding=\"async\" class=\"aligncenter wp-image-22131 size-full\" title=\"La residencia real de Loches, un salto m\u00e1s en el valle del Loira\" src=\"https:\/\/saltaconmigo.com\/blog\/wp-content\/uploads\/2016\/01\/Francia-Valle-Loira-Ciudadela-Real-Loches-Residencia-Salto.jpg\" alt=\"Francia Valle Loira Ciudadela Real Loches Residencia Salto\" width=\"640\" height=\"427\" srcset=\"https:\/\/saltaconmigo.com\/blog\/wp-content\/uploads\/2016\/01\/Francia-Valle-Loira-Ciudadela-Real-Loches-Residencia-Salto.jpg 640w, https:\/\/saltaconmigo.com\/blog\/wp-content\/uploads\/2016\/01\/Francia-Valle-Loira-Ciudadela-Real-Loches-Residencia-Salto-300x200.jpg 300w, https:\/\/saltaconmigo.com\/blog\/wp-content\/uploads\/2016\/01\/Francia-Valle-Loira-Ciudadela-Real-Loches-Residencia-Salto-360x240.jpg 360w\" sizes=\"auto, (max-width: 640px) 100vw, 640px\" \/><\/p>\n<p>Como suced\u00eda con el castillo real de Blois, en Loches no hay s\u00f3lo un edificio. Pero, a diferencia de aquel, en Loches no est\u00e1n pegados uno a otro y conectados por pasillos y escaleras. Aqu\u00ed cada edificaci\u00f3n est\u00e1 separada del resto, como si los siglos de historia quisieran mantenerse \u201cpuros\u201d y no mezclarse con estilos arquitect\u00f3nicos m\u00e1s j\u00f3venes.<\/p>\n<h2>Donde est\u00e1 y c\u00f3mo llegar a la ciudadela real de Loches<\/h2>\n<p>A poco m\u00e1s de 40 kil\u00f3metros al sureste de la ciudad de <strong>Tours<\/strong>, en pleno <strong>valle del Loira<\/strong>, se encuentra <strong>Loches<\/strong>, una hora de tren y algo menos en autob\u00fas o coche. Un promontorio rocoso que llam\u00f3 la atenci\u00f3n del hombre del neol\u00edtico y que, en la Edad Media, fue fortificado. Existen escritos que hablan de una fortaleza en Loches desde finales del siglo IV.<\/p>\n<h2>La torre del homenaje de Loches<\/h2>\n<p>Una fortaleza de las que un ni\u00f1o dibuja cuando le piden que pinte un castillo. Una <strong>torre imponente, robusta, firme<\/strong>, llena de cicatrices de las cientos de batallas que ha vivido\u2026 Historia en piedra, una piedra que se levant\u00f3 hasta los 36 metros de altura en el siglo XI bajo las \u00f3rdenes del conde de Anjou. Con su buen aspecto se podr\u00eda pensar que est\u00e9 reci\u00e9n hecha, pero el motivo de su estado de conservaci\u00f3n es otro muy poco rom\u00e1ntico: funcion\u00f3 como <strong>prisi\u00f3n<\/strong> hasta 1926. Cinco siglos siendo c\u00e1rcel desde que Luis XI decidiera su destino.<\/p>\n<p><img loading=\"lazy\" decoding=\"async\" class=\"aligncenter wp-image-22139 size-full\" title=\"La imponente torre del homenaje de la ciudadela real de Loches\" src=\"https:\/\/saltaconmigo.com\/blog\/wp-content\/uploads\/2016\/01\/Francia-Valle-Loira-Ciudadela-Real-Loches-Torre-Homenaje.jpg\" alt=\"Francia Valle Loira Ciudadela Real Loches Torre Homenaje\" width=\"640\" height=\"427\" srcset=\"https:\/\/saltaconmigo.com\/blog\/wp-content\/uploads\/2016\/01\/Francia-Valle-Loira-Ciudadela-Real-Loches-Torre-Homenaje.jpg 640w, https:\/\/saltaconmigo.com\/blog\/wp-content\/uploads\/2016\/01\/Francia-Valle-Loira-Ciudadela-Real-Loches-Torre-Homenaje-300x200.jpg 300w, https:\/\/saltaconmigo.com\/blog\/wp-content\/uploads\/2016\/01\/Francia-Valle-Loira-Ciudadela-Real-Loches-Torre-Homenaje-360x240.jpg 360w\" sizes=\"auto, (max-width: 640px) 100vw, 640px\" \/><\/p>\n<p>Toda la buena estampa exterior desaparece al cruzar su puerta y descubrir que el <strong>interior de la torre ha desaparecido<\/strong>. Los suelos y techos de madera de las tres plantas \u2013el dep\u00f3sito en la m\u00e1s baja, la gran sala y recepci\u00f3n en la primera y, en la \u00faltima, salas privadas en \u00e9poca de paz y soldados en \u00e9poca de guerra\u2013 se pudrieron y, hoy en d\u00eda, s\u00f3lo quedan las robustas paredes de piedra exteriores \u2013parece que el conde de Anjou fue el primero en construir fortificaciones de piedra\u2013. A pesar de eso, es posible subir hasta lo m\u00e1s alto por una escalera interior que har\u00e1 las delicias de los m\u00e1s osados y ser\u00e1 el terror de los que sufran v\u00e9rtigo: est\u00e1 hecha a base de rejilla met\u00e1lica y se ve el suelo desde arriba.<\/p>\n<p><img loading=\"lazy\" decoding=\"async\" class=\"aligncenter wp-image-22136 size-full\" title=\"El interior de la torre del homenaje con su pasarela de acero\" src=\"https:\/\/saltaconmigo.com\/blog\/wp-content\/uploads\/2016\/01\/Francia-Valle-Loira-Ciudadela-Real-Loches-Torre-Homenaje-Interior-Abajo.jpg\" alt=\"Francia Valle Loira Ciudadela Real Loches Torre Homenaje Interior Abajo\" width=\"640\" height=\"427\" srcset=\"https:\/\/saltaconmigo.com\/blog\/wp-content\/uploads\/2016\/01\/Francia-Valle-Loira-Ciudadela-Real-Loches-Torre-Homenaje-Interior-Abajo.jpg 640w, https:\/\/saltaconmigo.com\/blog\/wp-content\/uploads\/2016\/01\/Francia-Valle-Loira-Ciudadela-Real-Loches-Torre-Homenaje-Interior-Abajo-300x200.jpg 300w, https:\/\/saltaconmigo.com\/blog\/wp-content\/uploads\/2016\/01\/Francia-Valle-Loira-Ciudadela-Real-Loches-Torre-Homenaje-Interior-Abajo-360x240.jpg 360w\" sizes=\"auto, (max-width: 640px) 100vw, 640px\" \/><\/p>\n<h2>Calabozos, jaulas y salas de tortura en la ciudadela de Loches<\/h2>\n<p>Con una historia carcelaria de semejante duraci\u00f3n, son muchos los prisioneros que pasaron por sus muros y por los de los edificios contiguos como el pabell\u00f3n de entrada medieval o la torre Luis XI y el \u201cmartelet\u201d, ambos del siglo XV. Todos ellos en mejor estado de conservaci\u00f3n interior que la torre del homenaje.<\/p>\n<p><img loading=\"lazy\" decoding=\"async\" class=\"aligncenter wp-image-22124 size-full\" title=\"La maqueta de la ciudadela medieval de Loches, con la torre del homenaje\" src=\"https:\/\/saltaconmigo.com\/blog\/wp-content\/uploads\/2016\/01\/Francia-Valle-Loira-Ciudadela-Real-Loches-Castillo-Medieval-Maqueta.jpg\" alt=\"Francia Valle Loira Ciudadela Real Loches Castillo Medieval Maqueta\" width=\"640\" height=\"427\" srcset=\"https:\/\/saltaconmigo.com\/blog\/wp-content\/uploads\/2016\/01\/Francia-Valle-Loira-Ciudadela-Real-Loches-Castillo-Medieval-Maqueta.jpg 640w, https:\/\/saltaconmigo.com\/blog\/wp-content\/uploads\/2016\/01\/Francia-Valle-Loira-Ciudadela-Real-Loches-Castillo-Medieval-Maqueta-300x200.jpg 300w, https:\/\/saltaconmigo.com\/blog\/wp-content\/uploads\/2016\/01\/Francia-Valle-Loira-Ciudadela-Real-Loches-Castillo-Medieval-Maqueta-360x240.jpg 360w\" sizes=\"auto, (max-width: 640px) 100vw, 640px\" \/><\/p>\n<p>En la torre Luis XI se encuentra el <strong>calabozo del cardenal Balue<\/strong>, que pas\u00f3 tres a\u00f1os recluido en una <strong>jaula de hierro<\/strong> por traicionar a Luis XI \u2013aunque no est\u00e1 claro que fuera realmente su calabozo\u2013. En el \u201cmartelet\u201d est\u00e1n los de <strong>Ludovico Sforza<\/strong>, duque de Mil\u00e1n, que fue prisionero durante cuatro a\u00f1os hasta su muerte \u2013aunque tratado con tal respeto y deferencia que ten\u00eda decorada su celda con cuadros de gran valor, pod\u00eda recibir visitas y pasear por el patio y contaba con la compa\u00f1\u00eda de su buf\u00f3n\u2013 o los obispos Antoine de Chabannes y Jacques Hurault que pasaron seis meses en otro de los calabozos.<\/p>\n<p>Otra de las <strong>jaulas<\/strong> famosas de la ciudadela es la de <strong>Felipe de Commines<\/strong> que se puede ver en el pabell\u00f3n de entrada. En esa jaula de madera y hierro \u2013en realidad se trata de una r\u00e9plica de la jaula original\u2013 estuvo encerrado durante ocho meses. Ten\u00eda espacio, ventanas y hasta letrina\u2026 aunque seguro que habr\u00eda preferido no estar encerrado all\u00ed.<\/p>\n<p><img loading=\"lazy\" decoding=\"async\" class=\"aligncenter wp-image-22128 size-full\" title=\"La jaula de Felipe de Commines en la ciudadela real de Loches (una r\u00e9plica)\" src=\"https:\/\/saltaconmigo.com\/blog\/wp-content\/uploads\/2016\/01\/Francia-Valle-Loira-Ciudadela-Real-Loches-Pabellon-Entrada-Jaula-Felipe-Commines.jpg\" alt=\"Francia Valle Loira Ciudadela Real Loches Pabellon Entrada Jaula Felipe Commines\" width=\"640\" height=\"427\" srcset=\"https:\/\/saltaconmigo.com\/blog\/wp-content\/uploads\/2016\/01\/Francia-Valle-Loira-Ciudadela-Real-Loches-Pabellon-Entrada-Jaula-Felipe-Commines.jpg 640w, https:\/\/saltaconmigo.com\/blog\/wp-content\/uploads\/2016\/01\/Francia-Valle-Loira-Ciudadela-Real-Loches-Pabellon-Entrada-Jaula-Felipe-Commines-300x200.jpg 300w, https:\/\/saltaconmigo.com\/blog\/wp-content\/uploads\/2016\/01\/Francia-Valle-Loira-Ciudadela-Real-Loches-Pabellon-Entrada-Jaula-Felipe-Commines-360x240.jpg 360w\" sizes=\"auto, (max-width: 640px) 100vw, 640px\" \/><\/p>\n<p>La fama de la Inquisici\u00f3n espa\u00f1ola muchas veces oculta que no fue en el reino espa\u00f1ol en el \u00fanico lugar donde la tortura estaba a la orden del d\u00eda. En la Francia medieval, de hecho, exist\u00edan dos tipos de <strong>torturas<\/strong> autorizadas: el interrogatorio preparatorio \u2013cuando no se confesaba el delito en el juicio\u2013 y el interrogatorio previo \u2013antes de la ejecuci\u00f3n para obtener los nombres de los c\u00f3mplices\u2013. En la torre Luis XI de la ciudadela real de Loches todav\u00eda se puede visitar la <strong>sala de tortura<\/strong> en la que se llevaban a cabo estos \u201cinterrogatorios\u201d.<\/p>\n<p><img loading=\"lazy\" decoding=\"async\" class=\"aligncenter wp-image-22134 size-full\" title=\"Los grafitis de la sala de armas de la ciudadela real de Loches\" src=\"https:\/\/saltaconmigo.com\/blog\/wp-content\/uploads\/2016\/01\/Francia-Valle-Loira-Ciudadela-Real-Loches-Sala-Armas-Panoramica.jpg\" alt=\"Francia Valle Loira Ciudadela Real Loches Sala Armas Panoramica\" width=\"640\" height=\"427\" srcset=\"https:\/\/saltaconmigo.com\/blog\/wp-content\/uploads\/2016\/01\/Francia-Valle-Loira-Ciudadela-Real-Loches-Sala-Armas-Panoramica.jpg 640w, https:\/\/saltaconmigo.com\/blog\/wp-content\/uploads\/2016\/01\/Francia-Valle-Loira-Ciudadela-Real-Loches-Sala-Armas-Panoramica-300x200.jpg 300w, https:\/\/saltaconmigo.com\/blog\/wp-content\/uploads\/2016\/01\/Francia-Valle-Loira-Ciudadela-Real-Loches-Sala-Armas-Panoramica-360x240.jpg 360w\" sizes=\"auto, (max-width: 640px) 100vw, 640px\" \/><\/p>\n<p>Tambi\u00e9n es posible ver los <strong>grafitis<\/strong> que prisioneros y guardianes fueron haciendo en las paredes a lo largo de los siglos, algunos de <strong>tama\u00f1o natural<\/strong> \u2013en la sala de armas de la torre Luis XI\u2013 que muestran el d\u00eda a d\u00eda de los vigilantes. No hay nada igual en toda Francia y, aunque es necesario encender una linterna, o el m\u00f3vil, para verlo bien, es como si se hubiesen grabado en las paredes haciendo su trabajo de cada d\u00eda: la postura, las armas que portan, la posici\u00f3n\u2026 Como si se hubiera disparado una c\u00e1mara fotogr\u00e1fica medieval en mitad de la sala un d\u00eda cualquiera.<\/p>\n<p><img loading=\"lazy\" decoding=\"async\" class=\"aligncenter wp-image-22135 size-full\" title=\"Uno de los guardianes de la sala de armas a tama\u00f1o natural\" src=\"https:\/\/saltaconmigo.com\/blog\/wp-content\/uploads\/2016\/01\/Francia-Valle-Loira-Ciudadela-Real-Loches-Salta-Armas-Soldado.jpg\" alt=\"Francia Valle Loira Ciudadela Real Loches Salta Armas Soldado\" width=\"640\" height=\"427\" srcset=\"https:\/\/saltaconmigo.com\/blog\/wp-content\/uploads\/2016\/01\/Francia-Valle-Loira-Ciudadela-Real-Loches-Salta-Armas-Soldado.jpg 640w, https:\/\/saltaconmigo.com\/blog\/wp-content\/uploads\/2016\/01\/Francia-Valle-Loira-Ciudadela-Real-Loches-Salta-Armas-Soldado-300x200.jpg 300w, https:\/\/saltaconmigo.com\/blog\/wp-content\/uploads\/2016\/01\/Francia-Valle-Loira-Ciudadela-Real-Loches-Salta-Armas-Soldado-360x240.jpg 360w\" sizes=\"auto, (max-width: 640px) 100vw, 640px\" \/><\/p>\n<h2>Ricardo Coraz\u00f3n de Le\u00f3n y Juan Sin Tierra<\/h2>\n<p>Historias y leyendas se dan la mano en la torre del homenaje de la ciudadela de Loches. <strong>Juan Sin Tierra<\/strong> fue due\u00f1o de la fortaleza a finales del siglo XII cuando la entreg\u00f3 al rey Felipe II. Un a\u00f1o despu\u00e9s, la torre fue asediada por <strong>Ricardo Coraz\u00f3n de Le\u00f3n<\/strong> que acab\u00f3 por conquistarla \u2013la leyenda cuenta que el asedio dur\u00f3 s\u00f3lo tres horas\u2013. A los pocos a\u00f1os, <strong>Felipe II<\/strong> la recuperar\u00eda de nuevo, y para siempre para la corona de Francia, tras otro asedio en este caso de un a\u00f1o de duraci\u00f3n.<\/p>\n<p>Cualquiera esperar\u00eda cruzarse con un cartel que dijera que por aqu\u00ed pas\u00f3 tambi\u00e9n Robin de Locksley o alguno de los caballeros de la tabla redonda del rey Arturo en sus viajes por Francia.<\/p>\n<h2>La residencia real de Loches<\/h2>\n<p>Seg\u00fan lo he descrito hasta ahora, no parece que est\u00e9 hablando de un \u201ccastillo del Loira\u201d pero es que, en el <strong>siglo XV<\/strong>, los <strong>reyes de Francia<\/strong> decidieron construir su nuevo <strong><em>ch\u00e2teau<\/em><\/strong> en la ciudad. Salas de estilo renacentista, que nada tienen que ver con el rom\u00e1nico de la torre del homenaje, donde el lujo y el confort se vuelven protagonistas para disfrute de los reyes y sus visitas.<\/p>\n<p><img loading=\"lazy\" decoding=\"async\" class=\"aligncenter wp-image-22130 size-full\" title=\"La maqueta de la residencia real de Loches, el aut\u00e9ntico castillo del Loira\" src=\"https:\/\/saltaconmigo.com\/blog\/wp-content\/uploads\/2016\/01\/Francia-Valle-Loira-Ciudadela-Real-Loches-Residencia-Maqueta.jpg\" alt=\"Francia Valle Loira Ciudadela Real Loches Residencia Maqueta\" width=\"640\" height=\"427\" srcset=\"https:\/\/saltaconmigo.com\/blog\/wp-content\/uploads\/2016\/01\/Francia-Valle-Loira-Ciudadela-Real-Loches-Residencia-Maqueta.jpg 640w, https:\/\/saltaconmigo.com\/blog\/wp-content\/uploads\/2016\/01\/Francia-Valle-Loira-Ciudadela-Real-Loches-Residencia-Maqueta-300x200.jpg 300w, https:\/\/saltaconmigo.com\/blog\/wp-content\/uploads\/2016\/01\/Francia-Valle-Loira-Ciudadela-Real-Loches-Residencia-Maqueta-360x240.jpg 360w\" sizes=\"auto, (max-width: 640px) 100vw, 640px\" \/><\/p>\n<p>Hoy en d\u00eda los dos edificios est\u00e1n separados por las casas y calles de la ciudad de Loches y son dos entradas diferentes las que permiten la visita a uno y a otro.<\/p>\n<h2>De Juana de Arco a Agn\u00e8s Sorel en la ciudadela real de Loches<\/h2>\n<p>Si Ricardo Coraz\u00f3n de Le\u00f3n no era suficiente guerrero, unos siglos despu\u00e9s \u2013ya en el castillo real\u2013 pas\u00f3 por Loches <strong>Juana de Arco<\/strong> tras su victoria en la batalla de Orleans. All\u00ed convenci\u00f3 a Carlos VII de marchar a Reims para ser coronado rey, y una placa en la sala en la que tuvo lugar el encuentro lo recuerda.<\/p>\n<p>De la devota Juana de Arco, Carlos VII pas\u00f3 a ser el primer rey de la historia con amante oficial: <strong>Agn\u00e8s Sorel<\/strong>. Agn\u00e8s lleg\u00f3 a tener mucho poder en la corte y muchos enemigos, tantos que muri\u00f3, a los 28 a\u00f1os, envenenada por mercurio \u2013cosa que se ha descubierto al trasladar sus huesos hasta la colegiata de Saint-Ours, junto al <em>ch\u00e2teau<\/em> renacentista, en 2005\u2013. Un par de cuadros de Agn\u00e8s representada como la virgen Mar\u00eda con un pecho al aire recuerdan su paso por el castillo.<\/p>\n<p><img loading=\"lazy\" decoding=\"async\" class=\"aligncenter wp-image-22126 size-full\" title=\"La tumba de Agn\u00e8s Sorel en la Colegiata Saint-Ours\" src=\"https:\/\/saltaconmigo.com\/blog\/wp-content\/uploads\/2016\/01\/Francia-Valle-Loira-Ciudadela-Real-Loches-Colegiata-Saint-Ours-Tumba-Agnes-Sorel.jpg\" alt=\"Francia Valle Loira Ciudadela Real Loches Colegiata Saint-Ours Tumba Agnes Sorel\" width=\"640\" height=\"427\" srcset=\"https:\/\/saltaconmigo.com\/blog\/wp-content\/uploads\/2016\/01\/Francia-Valle-Loira-Ciudadela-Real-Loches-Colegiata-Saint-Ours-Tumba-Agnes-Sorel.jpg 640w, https:\/\/saltaconmigo.com\/blog\/wp-content\/uploads\/2016\/01\/Francia-Valle-Loira-Ciudadela-Real-Loches-Colegiata-Saint-Ours-Tumba-Agnes-Sorel-300x200.jpg 300w, https:\/\/saltaconmigo.com\/blog\/wp-content\/uploads\/2016\/01\/Francia-Valle-Loira-Ciudadela-Real-Loches-Colegiata-Saint-Ours-Tumba-Agnes-Sorel-360x240.jpg 360w\" sizes=\"auto, (max-width: 640px) 100vw, 640px\" \/><\/p>\n<p><img loading=\"lazy\" decoding=\"async\" class=\"aligncenter wp-image-22125 size-full\" title=\"La portada de la Colegiata de Saint-Ours en Loches\" src=\"https:\/\/saltaconmigo.com\/blog\/wp-content\/uploads\/2016\/01\/Francia-Valle-Loira-Ciudadela-Real-Loches-Colegiata-Saint-Ours-Portada.jpg\" alt=\"Francia Valle Loira Ciudadela Real Loches Colegiata Saint-Ours Portada\" width=\"640\" height=\"427\" srcset=\"https:\/\/saltaconmigo.com\/blog\/wp-content\/uploads\/2016\/01\/Francia-Valle-Loira-Ciudadela-Real-Loches-Colegiata-Saint-Ours-Portada.jpg 640w, https:\/\/saltaconmigo.com\/blog\/wp-content\/uploads\/2016\/01\/Francia-Valle-Loira-Ciudadela-Real-Loches-Colegiata-Saint-Ours-Portada-300x200.jpg 300w, https:\/\/saltaconmigo.com\/blog\/wp-content\/uploads\/2016\/01\/Francia-Valle-Loira-Ciudadela-Real-Loches-Colegiata-Saint-Ours-Portada-360x240.jpg 360w\" sizes=\"auto, (max-width: 640px) 100vw, 640px\" \/><\/p>\n<p>Tambi\u00e9n tuvo sus salas, un gabinete y un oratorio, Ana de Breta\u00f1a, la hermana de Francisco I y que tambi\u00e9n ten\u00eda su espacio en el castillo de <a href=\"https:\/\/saltaconmigo.com\/blog\/2015\/12\/clos-luce-castillo-leonardo-da-vinci-loira\/\">Clos-Luc\u00e9<\/a>.<\/p>\n<p><img loading=\"lazy\" decoding=\"async\" class=\"aligncenter wp-image-22127 size-full\" title=\"El oratorio de Ana de Breta\u00f1a en la residencia real de Loches\" src=\"https:\/\/saltaconmigo.com\/blog\/wp-content\/uploads\/2016\/01\/Francia-Valle-Loira-Ciudadela-Real-Loches-Oratorio-Ana-Bretana.jpg\" alt=\"Francia Valle Loira Ciudadela Real Loches Oratorio Ana Bretana\" width=\"640\" height=\"427\" srcset=\"https:\/\/saltaconmigo.com\/blog\/wp-content\/uploads\/2016\/01\/Francia-Valle-Loira-Ciudadela-Real-Loches-Oratorio-Ana-Bretana.jpg 640w, https:\/\/saltaconmigo.com\/blog\/wp-content\/uploads\/2016\/01\/Francia-Valle-Loira-Ciudadela-Real-Loches-Oratorio-Ana-Bretana-300x200.jpg 300w, https:\/\/saltaconmigo.com\/blog\/wp-content\/uploads\/2016\/01\/Francia-Valle-Loira-Ciudadela-Real-Loches-Oratorio-Ana-Bretana-360x240.jpg 360w\" sizes=\"auto, (max-width: 640px) 100vw, 640px\" \/><\/p>\n<h2>El encuentro de dos reyes: Francisco I y Carlos I<\/h2>\n<p>El impulso definitivo a la residencia real de Loches lleg\u00f3 de la mano de <strong><a href=\"https:\/\/saltaconmigo.com\/blog\/2015\/05\/castillos-del-loira-en-el-v-centenario-de-la-coronacion-de-francisco-i\/\">Francisco I<\/a><\/strong> \u2013el rey constructor y responsable de Chambord\u2013 cuando utiliz\u00f3 el <em>ch\u00e2teau<\/em> de Loches como lugar de encuentro con el rey Carlos I de Espa\u00f1a y V de Alemania que atraves\u00f3 Francia camino de Flandes. La determinaci\u00f3n del rey franc\u00e9s de mostrar su poder fue tal que construy\u00f3 arcos del triunfo, decor\u00f3 las salas con escudos y blasones\u2026 incluso entreg\u00f3 las llaves de la ciudad al rey espa\u00f1ol \u2013que sali\u00f3 de la ciudad echando pestes de la \u201carrogancia\u201d de Francisco I por otra parte\u2013.<\/p>\n<p><img loading=\"lazy\" decoding=\"async\" class=\"aligncenter wp-image-22132 size-full\" title=\"Vista de la residencia real de Loches\" src=\"https:\/\/saltaconmigo.com\/blog\/wp-content\/uploads\/2016\/01\/Francia-Valle-Loira-Ciudadela-Real-Loches-Residencia.jpg\" alt=\"Francia Valle Loira Ciudadela Real Loches Residencia\" width=\"640\" height=\"427\" srcset=\"https:\/\/saltaconmigo.com\/blog\/wp-content\/uploads\/2016\/01\/Francia-Valle-Loira-Ciudadela-Real-Loches-Residencia.jpg 640w, https:\/\/saltaconmigo.com\/blog\/wp-content\/uploads\/2016\/01\/Francia-Valle-Loira-Ciudadela-Real-Loches-Residencia-300x200.jpg 300w, https:\/\/saltaconmigo.com\/blog\/wp-content\/uploads\/2016\/01\/Francia-Valle-Loira-Ciudadela-Real-Loches-Residencia-360x240.jpg 360w\" sizes=\"auto, (max-width: 640px) 100vw, 640px\" \/><\/p>\n<h2>Visitar la ciudadela real de Loches: informaci\u00f3n pr\u00e1ctica<\/h2>\n<p>Puedes encontrar m\u00e1s informaci\u00f3n en la <a href=\"http:\/\/www.chateau-loches.fr\/index.php\" target=\"_blank\" rel=\"noopener noreferrer\">p\u00e1gina web oficial de la ciudadela real de Loches <\/a>(en franc\u00e9s) y en la de los castillos del valle del Loira.<br>\n<strong>Horarios<\/strong>: De 9 a 19 de abril a septiembre y de 9.30 a 17 de octubre a marzo. Cierra el 1 de enero y el 25 de diciembre.<br>\n<strong>Precios<\/strong>: 8,50 \u20ac pero hay descuentos para ni\u00f1os, familias y grupos.<br>\n<strong>Duraci\u00f3n de la visita<\/strong>: Haci\u00e9ndolo por libre se estima que unas dos horas, el recorrido guiado tiene 3 horas de duraci\u00f3n.<\/p>\n<p><img loading=\"lazy\" decoding=\"async\" class=\"aligncenter wp-image-22122 size-full\" title=\"Las calles de Loches\" src=\"https:\/\/saltaconmigo.com\/blog\/wp-content\/uploads\/2016\/01\/Francia-Valle-Loira-Ciudadela-Real-Loches-Calles.jpg\" alt=\"Francia Valle Loira Ciudadela Real Loches Calles\" width=\"640\" height=\"427\" srcset=\"https:\/\/saltaconmigo.com\/blog\/wp-content\/uploads\/2016\/01\/Francia-Valle-Loira-Ciudadela-Real-Loches-Calles.jpg 640w, https:\/\/saltaconmigo.com\/blog\/wp-content\/uploads\/2016\/01\/Francia-Valle-Loira-Ciudadela-Real-Loches-Calles-300x200.jpg 300w, https:\/\/saltaconmigo.com\/blog\/wp-content\/uploads\/2016\/01\/Francia-Valle-Loira-Ciudadela-Real-Loches-Calles-360x240.jpg 360w\" sizes=\"auto, (max-width: 640px) 100vw, 640px\" \/><\/p>\n<p>Y todav\u00eda tendr\u00e9is que sacar algo de tiempo para pasear por el <strong>pueblo de Loches<\/strong> que sigue conservando su aire medieval y del renacimiento a partes iguales de su ciudadela.<\/p>\n\n<div class=\"cajaVenta\">\n<p>\u00bfQuieres <strong>viajar al valle del Loira<\/strong>? Aqu\u00ed puedes hacerlo:<\/p>\n<ul class=\"avion\">\n \t<li>Busca tu <strong>vuelo m\u00e1s barato a Par\u00eds<\/strong> <a title=\"Vuelos baratos a Par\u00eds\" href=\"https:\/\/www.skyscanner.net\/g\/referrals\/v1\/flights\/cheap-flights-to?adId=1100662&amp;campaignId=13416&amp;currency=EUR&amp;destination=PARI&amp;locale=es-ES&amp;market=ES&amp;mediaPartnerId=1205554\" target=\"_blank\" rel=\"sponsored nofollow noopener noreferrer\">aqu\u00ed<\/a> y a <strong>Nantes<\/strong> <a title=\"Vuelos baratos a Nantes\" href=\"https:\/\/www.skyscanner.net\/g\/referrals\/v1\/flights\/cheap-flights-to?adId=1100662&amp;campaignId=13416&amp;currency=EUR&amp;destination=NTE&amp;locale=es-ES&amp;market=ES&amp;mediaPartnerId=1205554\" target=\"_blank\" rel=\"sponsored nofollow noopener noreferrer\">aqu\u00ed<\/a>.<\/li>\n<\/ul>\n<ul class=\"hotel\">\n \t<li>Escoge el <strong>hotel que m\u00e1s te guste al mejor precio<\/strong> en el valle del Loira <a title=\"Reserva tu hotel al mejor precio\" href=\"https:\/\/www.booking.com\/searchresults.en.html?region=2314&amp;aid=844890&amp;no_rooms=1&amp;group_adults=1\" target=\"_blank\" rel=\"sponsored nofollow noopener noreferrer\">aqu\u00ed<\/a>.<\/li>\n<\/ul>\n<ul class=\"coche\">\n \t<li><strong>Alquila el coche<\/strong> en Francia al mejor precio comparando entre varias compa\u00f1\u00edas <a title=\"Alquila tu coche al mejor precio\" href=\"https:\/\/www.booking.com\/cars\/index.html?aid=844890\" rel=\"sponsored nofollow noopener\" target=\"_blank\">aqu\u00ed<\/a>.<\/li>\n<\/ul>\n<ul class=\"guias\">\n \t<li>Las <strong>mejores gu\u00edas del Valle del Loira<\/strong> <a title=\"Compra tu gu\u00eda de viaje al mejor precio\" href=\"https:\/\/amzn.to\/2w8EG1y\" target=\"_blank\" rel=\"sponsored nofollow noopener noreferrer\">aqu\u00ed<\/a>.<\/li>\n<\/ul>\n<ul class=\"tour\">\n \t<li>Contrata tu <strong><em>tour<\/em> guiado en Francia<\/strong> <a href=\"https:\/\/www.civitatis.com\/francia\/actividades\/?aid=1259\" target=\"_blank\" rel=\"sponsored nofollow noopener noreferrer\">aqu\u00ed<\/a>.<\/li>\n<\/ul>\n<ul class=\"seguro\">\n \t<li>Contrata tu <strong>seguro de viaje con un 5% de descuento<\/strong> <a title=\"Contrata tu seguro de viaje al mejor precio\" href=\"https:\/\/www.iatiseguros.com\/?r=21058501929524&#038;cmp=valle_loira\" target=\"_blank\" rel=\"sponsored nofollow noopener noreferrer noindex\">aqu\u00ed<\/a>.<\/li>\n<\/ul>\n<ul class=\"tarjeta\">\n \t<li>Hazte con la <strong>mejor tarjeta de viaje y recibe 10 \u20ac de recompensa<\/strong> <a href=\"https:\/\/revolut.ngih.net\/c\/1205554\/1576621\/9626\" target=\"_blank\" rel=\"sponsored nofollow noopener noreferrer noindex\">aqu\u00ed<\/a>.<\/li>\n<\/ul>\n<\/div>","protected":false},"excerpt":{"rendered":"<p>Si el castillo de Amboise es el primero de los castillos del Valle del Loira, la ciudadela real de Loches cuenta con una de las torres del homenaje m\u00e1s antiguas y mejor conservadas de Francia. Los siglos de historia de los dem\u00e1s castillos del valle del Loira palidecen frente a [&hellip;]<\/p>\n","protected":false},"author":2,"featured_media":22131,"comment_status":"open","ping_status":"open","sticky":false,"template":"","format":"standard","meta":{"footnotes":""},"categories":[110,38,350],"tags":[345],"class_list":["post-22119","post","type-post","status-publish","format-standard","has-post-thumbnail","hentry","category-europa","category-francia","category-valle-del-loira","tag-345"],"_links":{"self":[{"href":"https:\/\/saltaconmigo.com\/blog\/wp-json\/wp\/v2\/posts\/22119","targetHints":{"allow":["GET"]}}],"collection":[{"href":"https:\/\/saltaconmigo.com\/blog\/wp-json\/wp\/v2\/posts"}],"about":[{"href":"https:\/\/saltaconmigo.com\/blog\/wp-json\/wp\/v2\/types\/post"}],"author":[{"embeddable":true,"href":"https:\/\/saltaconmigo.com\/blog\/wp-json\/wp\/v2\/users\/2"}],"replies":[{"embeddable":true,"href":"https:\/\/saltaconmigo.com\/blog\/wp-json\/wp\/v2\/comments?post=22119"}],"version-history":[{"count":1,"href":"https:\/\/saltaconmigo.com\/blog\/wp-json\/wp\/v2\/posts\/22119\/revisions"}],"predecessor-version":[{"id":52176,"href":"https:\/\/saltaconmigo.com\/blog\/wp-json\/wp\/v2\/posts\/22119\/revisions\/52176"}],"wp:featuredmedia":[{"embeddable":true,"href":"https:\/\/saltaconmigo.com\/blog\/wp-json\/wp\/v2\/media\/22131"}],"wp:attachment":[{"href":"https:\/\/saltaconmigo.com\/blog\/wp-json\/wp\/v2\/media?parent=22119"}],"wp:term":[{"taxonomy":"category","embeddable":true,"href":"https:\/\/saltaconmigo.com\/blog\/wp-json\/wp\/v2\/categories?post=22119"},{"taxonomy":"post_tag","embeddable":true,"href":"https:\/\/saltaconmigo.com\/blog\/wp-json\/wp\/v2\/tags?post=22119"}],"curies":[{"name":"wp","href":"https:\/\/api.w.org\/{rel}","templated":true}]}}