{"id":21808,"date":"2016-01-06T09:28:46","date_gmt":"2016-01-06T08:28:46","guid":{"rendered":"https:\/\/saltaconmigo.com\/blog\/?p=21808"},"modified":"2022-06-30T16:15:53","modified_gmt":"2022-06-30T14:15:53","slug":"que-hacer-la-palma-canarias-turismo","status":"publish","type":"post","link":"https:\/\/saltaconmigo.com\/blog\/2016\/01\/que-hacer-la-palma-canarias-turismo\/","title":{"rendered":"\u00bfQu\u00e9 hacer en La Palma? No cabe en una lista\u2026"},"content":{"rendered":"<div class=\"resumen margen-izq\">\n<div class=\"margen-izq\"><strong>\u00bfQu\u00e9 hacer en La Palma?<\/strong> Te lo preguntar\u00e1s si tienes intenci\u00f3n de <strong>visitar la isla bonita<\/strong>, una de las joyas de <strong>Canarias<\/strong>. Te damos algunas pistas en formato de \u201clista\u201d, pero seguro que la isla te susurrar\u00e1 al o\u00eddo unas cuantas m\u00e1s\u2026 no necesitar\u00e1s m\u00e1s razones para <strong>hacer turismo en La Palma<\/strong>.<\/div>\n<\/div>\n<p>Volvimos \u201ctocados\u201d de La Palma. Hac\u00eda mucho tiempo que no pis\u00e1bamos Canarias e \u00edbamos sin saber bien qu\u00e9 nos esperaba y con poca informaci\u00f3n sobre el destino, como en la mayor\u00eda de nuestros viajes. Decir que nos sorprendi\u00f3 ser\u00eda quedarse corto: nos toc\u00f3. Por eso lo primero que contamos fueron las <a href=\"https:\/\/saltaconmigo.com\/blog\/2015\/11\/la-palma-historias-personales\/\">historias que nos transmitieron algunos de sus habitantes<\/a>. Pero, m\u00e1s de un mes despu\u00e9s, ya podemos dar un paso atr\u00e1s, pensar en la Isla sin un \u201cohh\u201d y daros alguna informaci\u00f3n m\u00e1s pr\u00e1ctica sobre el destino. Si vas a hacer <strong>turismo en Canarias<\/strong> y te preguntas <strong>qu\u00e9 hacer en La Palma<\/strong> aqu\u00ed te damos unas cuantas opciones. Como ver\u00e1s al final, la pregunta m\u00e1s adecuada ser\u00eda \u201c\u00bfcu\u00e1nto me tengo que quedar para hacer todo esto?\u00bb<\/p>\n<p><img loading=\"lazy\" decoding=\"async\" class=\"aligncenter wp-image-21823 size-full\" title=\"Desde el mirador del Llano del Jable, el salto con el mar de nubes\" src=\"https:\/\/saltaconmigo.com\/blog\/wp-content\/uploads\/2016\/01\/Canarias-La-Palma-El-Paso-Mirador-Llanos-Jable-Salto.jpg\" alt=\"Canarias La Palma El Paso Mirador Llanos Jable Salto\" width=\"640\" height=\"427\" srcset=\"https:\/\/saltaconmigo.com\/blog\/wp-content\/uploads\/2016\/01\/Canarias-La-Palma-El-Paso-Mirador-Llanos-Jable-Salto.jpg 640w, https:\/\/saltaconmigo.com\/blog\/wp-content\/uploads\/2016\/01\/Canarias-La-Palma-El-Paso-Mirador-Llanos-Jable-Salto-300x200.jpg 300w, https:\/\/saltaconmigo.com\/blog\/wp-content\/uploads\/2016\/01\/Canarias-La-Palma-El-Paso-Mirador-Llanos-Jable-Salto-360x240.jpg 360w\" sizes=\"auto, (max-width: 640px) 100vw, 640px\" \/><\/p>\n<p>Si est\u00e1s perezoso&#8230; aqu\u00ed te dejamos un <strong>resumen<\/strong>, en <strong>menos de dos minutos<\/strong>, de lo que puedes <strong>sentir en La Palma.<\/strong><\/p>\n<p><iframe loading=\"lazy\" title=\"Siente La Palma\" width=\"500\" height=\"281\" src=\"https:\/\/www.youtube.com\/embed\/w1SHhaUSThI?feature=oembed\" frameborder=\"0\" allow=\"accelerometer; autoplay; clipboard-write; encrypted-media; gyroscope; picture-in-picture; web-share\" referrerpolicy=\"strict-origin-when-cross-origin\" allowfullscreen><\/iframe><\/p>\n<h2>Senderismo en La Palma: lo tienes que hacer aunque no suela gustarte<\/h2>\n<p>Toda la isla es <strong>Reserva Mundial de Biosfera de UNESCO<\/strong>\u2026 esto ya da alguna pista. <strong>Volcanes, bosques de laurisilva, pinos canarios, dragos, plataneras, vi\u00f1as, el mar, el Roque de los Muchachos<\/strong> con sus de m\u00e1s de 2.400 m \u2013\u00bfsab\u00edas que <strong>La Palma es la isla m\u00e1s alta del mundo en relaci\u00f3n a su superficie<\/strong>?\u2013\u2026 No voy a seguir, creo que ya me he explicado: hay una variedad de paisajes, flora y microclimas incre\u00edble para un territorio de s\u00f3lo 700 km2. Y la forma mejor para descubrirlo, por supuesto, es <strong>a pie<\/strong> \u2013aunque tambi\u00e9n hay <strong>rutas en quad y BBT\/mountain bike<\/strong>, pero nosotros no las probamos\u2013.<\/p>\n<p><img loading=\"lazy\" decoding=\"async\" class=\"aligncenter wp-image-21829 size-full\" title=\"La se\u00f1alizaci\u00f3n de los senderos de La Palma\" src=\"https:\/\/saltaconmigo.com\/blog\/wp-content\/uploads\/2016\/01\/Canarias-La-Palma-Senderos.jpg\" alt=\"Canarias La Palma Senderos\" width=\"640\" height=\"427\" srcset=\"https:\/\/saltaconmigo.com\/blog\/wp-content\/uploads\/2016\/01\/Canarias-La-Palma-Senderos.jpg 640w, https:\/\/saltaconmigo.com\/blog\/wp-content\/uploads\/2016\/01\/Canarias-La-Palma-Senderos-300x200.jpg 300w, https:\/\/saltaconmigo.com\/blog\/wp-content\/uploads\/2016\/01\/Canarias-La-Palma-Senderos-360x240.jpg 360w\" sizes=\"auto, (max-width: 640px) 100vw, 640px\" \/><\/p>\n<p>Hay casi <strong>1.000 kil\u00f3metros de senderos se\u00f1alizados en La Palma<\/strong>, \u00a1ah\u00ed es nada! As\u00ed que hay mucho donde elegir. Las rutas \u201cestrella\u201d son la que entra en la<strong> caldera de Taburiente<\/strong> \u2013 dificultad medio-alta, unos 13 km\u2013 y la <strong>ruta de los volcanes<\/strong> \u2013dificultad alta, 31 km\u2013. Pero tambi\u00e9n hay magn\u00edficos <strong>senderos f\u00e1ciles y m\u00e1s cortos en La Palma<\/strong>, como la <strong>primera parte de Los Tilos<\/strong>, con su magn\u00edfico <strong>bosque de laurisilva<\/strong> \u2013y para ver la <strong>cascada de los Tilos<\/strong> casi no hay ni que andar\u2013, el de <strong>Las Tricias-Buracas<\/strong> con sus dragos o el del <strong>Roque de los muchachos<\/strong>.<\/p>\n<p><img loading=\"lazy\" decoding=\"async\" class=\"aligncenter wp-image-21822 size-full\" title=\"Las nubes sobre la caldera de Taburiente, uno de las rutas de senderismo m\u00e1s populares de La Palma\" src=\"https:\/\/saltaconmigo.com\/blog\/wp-content\/uploads\/2016\/01\/Canarias-La-Palma-El-Paso-Mirador-Llanos-Jable-Caldera-Tabueriente.jpg\" alt=\"Canarias La Palma El Paso Mirador Llanos Jable Caldera Tabueriente\" width=\"640\" height=\"427\" srcset=\"https:\/\/saltaconmigo.com\/blog\/wp-content\/uploads\/2016\/01\/Canarias-La-Palma-El-Paso-Mirador-Llanos-Jable-Caldera-Tabueriente.jpg 640w, https:\/\/saltaconmigo.com\/blog\/wp-content\/uploads\/2016\/01\/Canarias-La-Palma-El-Paso-Mirador-Llanos-Jable-Caldera-Tabueriente-300x200.jpg 300w, https:\/\/saltaconmigo.com\/blog\/wp-content\/uploads\/2016\/01\/Canarias-La-Palma-El-Paso-Mirador-Llanos-Jable-Caldera-Tabueriente-360x240.jpg 360w\" sizes=\"auto, (max-width: 640px) 100vw, 640px\" \/><\/p>\n<p>El tiempo en la lista es cambiante, as\u00ed que hay que estar preparado para improvisar, nosotros no tuvimos m\u00e1s remedio que hacerlo&#8230;<br \/><div class=\"vw-accordion\" data-open=\"false\"><div class=\"vw-accordion-header\"><span class=\"vw-accordion-header-text\">Empresas de Trekking en la Palma e informaci\u00f3n sobre senderos<\/span><\/div><div class=\"vw-accordion-content\">Los caminos est\u00e1n se\u00f1alizados pero, sobre todo en los m\u00e1s largos y duros y <strong>si no eres un experto, es aconsejable ir con gu\u00eda<\/strong>, adem\u00e1s si hay transporte puedes salir de un punto y acabar en otro . Nosotros hicimos una de las caminatas con <a href=\"https:\/\/saltaconmigo.com\/blog\/2015\/11\/la-palma-historias-personales\/\">Jon\u00e1s<\/a> de <a href=\"https:\/\/www.islabonitatours.com\/rutas\/senderismo\/\" target=\"_blank\" rel=\"nofollow noopener noreferrer\">Isla Bonita Tours<\/a>, muy recomendable. Tambi\u00e9n puedes ver otras rutas desde <a href=\"https:\/\/www.civitatis.com\/es\/la-palma\/?aid=1259\" target=\"_blank\" rel=\"sponsored nofollow noopener noreferrer\">aqu\u00ed<\/a>.<\/p>\n<p>Puedes encontrar <strong>informaci\u00f3n sobre todas las rutas de la Red Insular de Senderos de la isla<\/strong> y un <strong>mapa<\/strong> en la p\u00e1gina <a href=\"http:\/\/www.senderosdelapalma.es\/\" target=\"_blank\" rel=\"noopener noreferrer\">Senderos de La Palma<\/a>, a web de senderismo de Visit La Palma. <\/div><\/div><\/p>\n<h2>Astroturismo: observaci\u00f3n de estrellas en La Palma<\/h2>\n<p>Puede que no todo el mundo sepa que hay casi 1.000 kil\u00f3metros de senderos en La Palma, pero todo el mundo sabe que<strong> la isla es uno de los mejores lugares del mundo para la observaci\u00f3n astron\u00f3mica<\/strong>. Su posici\u00f3n geogr\u00e1fica, los vientos alisios, su flora, la Ley de protecci\u00f3n del cielo\u2026 y seguramente alg\u00fan factor m\u00e1s que desconozco hacen que sea <strong>el para\u00edso de los amantes de las estrellas<\/strong>.<\/p>\n<p><img loading=\"lazy\" decoding=\"async\" class=\"aligncenter wp-image-21827 size-full\" title=\"Los observatorios del Roque de los Muchachos, mirar las estrellas es algo que hacer en La Palma\" src=\"https:\/\/saltaconmigo.com\/blog\/wp-content\/uploads\/2016\/01\/Canarias-La-Palma-Roque-Muchachos-Observatorios.jpg\" alt=\"Canarias La Palma Roque Muchachos Observatorios\" width=\"640\" height=\"427\" srcset=\"https:\/\/saltaconmigo.com\/blog\/wp-content\/uploads\/2016\/01\/Canarias-La-Palma-Roque-Muchachos-Observatorios.jpg 640w, https:\/\/saltaconmigo.com\/blog\/wp-content\/uploads\/2016\/01\/Canarias-La-Palma-Roque-Muchachos-Observatorios-300x200.jpg 300w, https:\/\/saltaconmigo.com\/blog\/wp-content\/uploads\/2016\/01\/Canarias-La-Palma-Roque-Muchachos-Observatorios-360x240.jpg 360w\" sizes=\"auto, (max-width: 640px) 100vw, 640px\" \/><\/p>\n<p>Hay <strong>16 miradores astron\u00f3micos en La Palma<\/strong>, con paneles tem\u00e1ticos y una flecha que apunta a la isla polar.<\/p>\n<div class=\"vw-accordion\" data-open=\"false\"><div class=\"vw-accordion-header\"><span class=\"vw-accordion-header-text\">Empresas de Astroturismo en La Palma e informaci\u00f3n sobre astroturismo<\/span><\/div><div class=\"vw-accordion-content\"><br \/>Si s\u00f3lo quieres ver el <strong>bonito cielo estrellado de La Palma<\/strong> y <strong>hacer alguna fotograf\u00eda nocturna<\/strong> \u2013en ese caso los consejos de Alicia de <a href=\"http:\/\/losviajesdeali.com\/como-fotografiar-estrellas\/\" target=\"_blank\" rel=\"noopener noreferrer\">Los Viajes de Ali<\/a> vienen muy bien\u2013, no necesitar\u00e1s nada m\u00e1s que tu equipo. Pero si quieres ver las estrellas \u2013o la luna con sus cr\u00e1teres, o nebulosas, o c\u00famulos\u2026\u2013 desde cerca, necesitar\u00e1s un telescopio. Y ya no es algo que se suela llevar en el bolsillo, hay diferentes <strong>empresas que se dedican al astroturismo en La Palma<\/strong> que lo hacen por ti, nosotros fuimos con <a href=\"http:\/\/www.adastralapalma.com\/\" target=\"_blank\" rel=\"noopener noreferrer\">Adastra<\/a> y <a href=\"https:\/\/saltaconmigo.com\/blog\/2015\/11\/la-palma-historias-personales\/\">Elena<\/a> nos pareci\u00f3 muy preparada y amable: aprendimos mucho sobre estrellas con ella en poco tiempo. Otra empresa muy recomendable.<\/p>\n<p>M\u00e1s informaci\u00f3n sobre astroturismo en la isla en la <a href=\"https:\/\/www.starsislandlapalma.es\/\" target=\"_blank\" rel=\"noopener noreferrer\">web Stars Island La Palma<\/a>, la web de astroturismo de Visit La Palma.<\/div><\/div>\n<h2>Descubrir qu\u00e9 es un mar de nubes: desde d\u00f3nde verlo en La Palma<\/h2>\n<p>Hab\u00eda pensado explicar qu\u00e9 es un <strong>mar de nubes<\/strong> pero en la <a href=\"http:\/\/www.visitlapalma.es\/recursos_naturales\/mar-de-nubes\/\" target=\"_blank\" rel=\"noopener noreferrer\">p\u00e1gina de Visit La Palma<\/a> lo hacen mucho mejor\u2026 Vale, \u00a1no s\u00e9 hacerlo! Pero aseguro que <strong>verlo es asombroso<\/strong>. Deber\u00edas ponerlo en tu lista de \u201c<strong>maravillas naturales que ver una vez en la vida<\/strong>\u201d, junto con otras como las auroras boreales o el fuego de San Telmo.<\/p>\n<p><img loading=\"lazy\" decoding=\"async\" class=\"aligncenter wp-image-21821 size-full\" title=\"El mar de nubes desde El Paso\" src=\"https:\/\/saltaconmigo.com\/blog\/wp-content\/uploads\/2016\/01\/Canarias-La-Palma-El-Paso-Mar-Olas.jpg\" alt=\"Canarias La Palma El Paso Mar Nubes\" width=\"640\" height=\"427\" srcset=\"https:\/\/saltaconmigo.com\/blog\/wp-content\/uploads\/2016\/01\/Canarias-La-Palma-El-Paso-Mar-Olas.jpg 640w, https:\/\/saltaconmigo.com\/blog\/wp-content\/uploads\/2016\/01\/Canarias-La-Palma-El-Paso-Mar-Olas-300x200.jpg 300w, https:\/\/saltaconmigo.com\/blog\/wp-content\/uploads\/2016\/01\/Canarias-La-Palma-El-Paso-Mar-Olas-360x240.jpg 360w\" sizes=\"auto, (max-width: 640px) 100vw, 640px\" \/><\/p>\n<p>Si las condiciones metereol\u00f3gicas lo permiten, <strong>el mar de nubes se puede ver en La Palma desde el Roque de los Muchachos y desde El Paso<\/strong>, abajo, desde el centro de visitantes del parque nacional, o arriba, desde el <strong>mirador astron\u00f3mico del Llano del Jable<\/strong>, al que se llega siguiendo los carteles de \u201cZonas Recreativas \u2013 El Pilar\u201d.<\/p>\n<h2>Turismo cultural: qu\u00e9 visitar en la isla de La Palma<\/h2>\n<p>Los d\u00edas en los que el tiempo no acompa\u00f1a, que tampoco son muchos porque <a href=\"https:\/\/saltaconmigo.com\/blog\/2015\/12\/viajar-es-sorprenderse-o-como-unos-inuit-llegaron-a-canarias\/\">en Canarias est\u00e1 el mejor clima del mundo<\/a>, se pueden dejar para las <strong>visitas culturales<\/strong>. Te contamos las que hicimos nosotros.<\/p>\n<h3>Pueblos que visitar en La Palma<\/h3>\n<p>La isla es peque\u00f1a pero tiene nada menos que <strong>catorce municipios<\/strong>. En <strong>casi todos hay una peque\u00f1a iglesia blanca que merece una visita<\/strong>, como <strong>Nuestra Se\u00f1ora de La Luz en Santo Domingo\/Garaf\u00eda<\/strong> o <strong>Nuestra Se\u00f1ora de la Candelaria en Tijarafe<\/strong>.<\/p>\n<p><img loading=\"lazy\" decoding=\"async\" class=\"aligncenter wp-image-21830 size-full\" title=\"El drago y la iglesia de Tijarafe, visitar los peque\u00f1os pueblos: algo que hacer en La Palma\" src=\"https:\/\/saltaconmigo.com\/blog\/wp-content\/uploads\/2016\/01\/Canarias-La-Palma-Tijarafe-Iglesia-Drago.jpg\" alt=\"Canarias La Palma Tijarafe Iglesia Drago\" width=\"640\" height=\"427\" srcset=\"https:\/\/saltaconmigo.com\/blog\/wp-content\/uploads\/2016\/01\/Canarias-La-Palma-Tijarafe-Iglesia-Drago.jpg 640w, https:\/\/saltaconmigo.com\/blog\/wp-content\/uploads\/2016\/01\/Canarias-La-Palma-Tijarafe-Iglesia-Drago-300x200.jpg 300w, https:\/\/saltaconmigo.com\/blog\/wp-content\/uploads\/2016\/01\/Canarias-La-Palma-Tijarafe-Iglesia-Drago-360x240.jpg 360w\" sizes=\"auto, (max-width: 640px) 100vw, 640px\" \/><\/p>\n<p>Uno de los pueblos m\u00e1s bonitos de la isla es <strong>San Andr\u00e9s y Sauces<\/strong>, con su <strong>iglesia<\/strong> \u2013hay que pedirle la llaves a una se\u00f1ora que vive al lado, te dar\u00e1n informaci\u00f3n en el bar\u2013. Y luego est\u00e1, por supuesto, <strong>Santa Cruz de La Palma<\/strong>, con sus <strong>iglesias<\/strong> y el <strong>castillo de Santa Catalina<\/strong>. En la <a href=\"http:\/\/www.cabildodelapalma.es\/portal\/contenedor_listado.jsp?seccion=distribuidor_menus.jsp&amp;language=es&amp;codResi=1&amp;codMenuPN=457&amp;codMenuSN=480&amp;codMenu=815&amp;layout=contenedor_listado.jsp&amp;ca=13\" target=\"_blank\" rel=\"noopener noreferrer\">web<\/a> del cabildo de La Palma hay un listado con todos los bienes de inter\u00e9s cultural de la isla.<\/p>\n<h3>Mercados de La Palma: recovas y mercados agr\u00edcolas<\/h3>\n<p>Si quieres <strong>comprar productos de la isla<\/strong> \u2013aguacates, pl\u00e1tanos, papas, tomates, coles, boniatos, quesos\u2026\u2013 o simplemente <strong>disfrutar del ambiente de los mercados<\/strong>, puedes ir a la <strong><em>recova<\/em> de Santa Cruz de La Palma<\/strong> o a la de <strong>Los Llanos<\/strong> de lunes a s\u00e1bado por la ma\u00f1ana \u2013de 7 a 14h\u2013 o ir los fines de semana a <strong>uno de los siete mercadillos agr\u00edcolas de la isla<\/strong>. Nosotros fuimos al de <strong>Puntagorda<\/strong> (s\u00e1bados y domingos), pero hay tambi\u00e9n en <strong>Puntallana<\/strong> (el tercer s\u00e1bado de cada mes); en <strong>Barlovento<\/strong> y <strong>Los Llanos de Aridane<\/strong> (los domingos); en <strong>El Paso<\/strong> (viernes y s\u00e1bados); en <strong>Villa de Maz<\/strong>o (s\u00e1bados y domingos); y en <strong>Bre\u00f1a Alta<\/strong> (s\u00e1bados).<\/p>\n<h3>El Platanol\u00f3gico: m\u00e1s que una platanera ecol\u00f3gica<\/h3>\n<p>Conocer Canarias es tambi\u00e9n conocer su producto emblem\u00e1tico: el <strong>pl\u00e1tano de Canarias<\/strong>. Pero el <strong><a href=\"http:\/\/www.platanologico.es\/\" target=\"_blank\" rel=\"noopener noreferrer\">Platanol\u00f3gico<\/a><\/strong> no es una simple finca de pl\u00e1tanos, ni una simple <strong>finca de pl\u00e1tanos ecol\u00f3gicos<\/strong>. Es una especie de jard\u00edn bot\u00e1nico subtropical, con diferentes tipos de especies \u2013 tanto vegetales como animales, desde insectos hasta el burro Pancho\u2013 que crean un equilibrio tal que hace los pl\u00e1tanos no necesiten ni qu\u00edmicos y ni siquiera tratamientos permitidos por la agricultura biol\u00f3gica para subsistir. No s\u00e9 si he conseguido explicarlo bien pero Fran sabe hacerlo a la perfecci\u00f3n y de forma muy entretenida en su completa visita. \u00bf<strong>Visitar una finca de pl\u00e1tanos<\/strong>? A nosotros tambi\u00e9n nos parec\u00eda un poco raro pero cambiamos de idea al escuchar a Fran. Muy recomendable para cuestionarse unas cuantas cosas sobre lo que comemos&#8230;<\/p>\n<p><img loading=\"lazy\" decoding=\"async\" class=\"aligncenter wp-image-21237 size-full\" title=\"Fran explicando como funciona Platanol\u00f3gico, un ecosistema completo y equilibrado\" src=\"https:\/\/saltaconmigo.com\/blog\/wp-content\/uploads\/2015\/11\/Canarias-La-Palma-Fran-Platanologico-1.jpg\" alt=\"Canarias-La Palma Fran Platanologico\" width=\"640\" height=\"427\" srcset=\"https:\/\/saltaconmigo.com\/blog\/wp-content\/uploads\/2015\/11\/Canarias-La-Palma-Fran-Platanologico-1.jpg 640w, https:\/\/saltaconmigo.com\/blog\/wp-content\/uploads\/2015\/11\/Canarias-La-Palma-Fran-Platanologico-1-300x200.jpg 300w, https:\/\/saltaconmigo.com\/blog\/wp-content\/uploads\/2015\/11\/Canarias-La-Palma-Fran-Platanologico-1-360x240.jpg 360w\" sizes=\"auto, (max-width: 640px) 100vw, 640px\" \/><\/p>\n<h3>El ron palmero y la visita a las Destiler\u00edas Aldea<\/h3>\n<p>No ten\u00edamos ni idea de la importancia que ten\u00eda en el pasado, y que en parte sigue teniendo, el <strong>cultivo de la ca\u00f1a de az\u00facar en Canarias<\/strong> \u2013las islas eran paso obligado para sus primeros env\u00edos\u2013. En<strong> San Andr\u00e9s y Sauces<\/strong>, en el norte de La Palma, se aprovechan los ca\u00f1averales desde principios del siglo XVI, antes <strong>para la producci\u00f3n del az\u00facar y luego para la del ron<\/strong>. Y ah\u00ed siguen hoy en d\u00eda las <strong><a href=\"http:\/\/www.destileriasaldea.es\/\" target=\"_blank\" rel=\"noopener noreferrer\">Destiler\u00edas Aldea<\/a><\/strong> \u2013que en realidad nacieron en Gran Canaria\u2013, produciendo todav\u00eda su ron de forma tradicional, con pocos cambios respecto a la producci\u00f3n de hace unos siglos.<\/p>\n<p><img loading=\"lazy\" decoding=\"async\" class=\"aligncenter wp-image-21820 size-full\" title=\"La cata en las Destiler\u00edas Aldea, el ron artesano de la isla\" src=\"https:\/\/saltaconmigo.com\/blog\/wp-content\/uploads\/2016\/01\/Canarias-La-Palma-Destierias-Aldea-Cata.jpg\" alt=\"Canarias La Palma Destierias Aldea Cata\" width=\"640\" height=\"427\" srcset=\"https:\/\/saltaconmigo.com\/blog\/wp-content\/uploads\/2016\/01\/Canarias-La-Palma-Destierias-Aldea-Cata.jpg 640w, https:\/\/saltaconmigo.com\/blog\/wp-content\/uploads\/2016\/01\/Canarias-La-Palma-Destierias-Aldea-Cata-300x200.jpg 300w, https:\/\/saltaconmigo.com\/blog\/wp-content\/uploads\/2016\/01\/Canarias-La-Palma-Destierias-Aldea-Cata-360x240.jpg 360w\" sizes=\"auto, (max-width: 640px) 100vw, 640px\" \/><\/p>\n<p>Si las visitas en <strong>\u00e9poca de recolecci\u00f3n, la zafra<\/strong>, podr\u00e1s asistir, con una <strong>visita guiada, al proceso de producci\u00f3n<\/strong>. El resto del a\u00f1o se sigue pudiendo visitar y entenderlo, observando las m\u00e1quinas \u2013incluido un alambique franc\u00e9s de principios del siglo XX\u2013 con algo m\u00e1s de imaginaci\u00f3n y unos paneles explicativos. En los paneles se explica tambi\u00e9n la historia de la ca\u00f1a de az\u00facar y la producci\u00f3n de ron en la isla y la del ron Aldea.<\/p>\n<p>Al final, por supuesto, hay tienda y cata. Podr\u00e9is probar desde el ron <strong>Gran Reserva al Tradici\u00f3n, pasando por el de miel o caramelo<\/strong>\u2026<\/p>\n<h2>Las salinas de Fuencaliente y su m\u00e1gica puesta de sol<\/h2>\n<p>Otro producto artesanal que ha sido desde hace tiempo muy importante en las islas Canarias es la <strong>sal<\/strong>. Ya s\u00f3lo quedan <strong>dos salinas tradicionales en las islas<\/strong> y la m\u00e1s peque\u00f1a de ellas est\u00e1 en La Palma. Merece mucho la pena ir a las <strong>salinas de Fuencaliente<\/strong> por la belleza del paisaje, sobre todo en la <strong>puesta de sol<\/strong>, y para probar uno de los mejores restaurantes de la isla.<\/p>\n<p><img loading=\"lazy\" decoding=\"async\" class=\"aligncenter wp-image-21245 size-full\" title=\"El atardecer es el momento m\u00e1s m\u00e1gico del d\u00eda para visitar las salinas marinas de Fuencaliente\" src=\"https:\/\/saltaconmigo.com\/blog\/wp-content\/uploads\/2015\/11\/Canarias-La-Palma-Salinas-Fuencaliente-Atardecer.jpg\" alt=\"Canarias La Palma Salinas Fuencaliente Atardecer\" width=\"640\" height=\"427\" srcset=\"https:\/\/saltaconmigo.com\/blog\/wp-content\/uploads\/2015\/11\/Canarias-La-Palma-Salinas-Fuencaliente-Atardecer.jpg 640w, https:\/\/saltaconmigo.com\/blog\/wp-content\/uploads\/2015\/11\/Canarias-La-Palma-Salinas-Fuencaliente-Atardecer-300x200.jpg 300w, https:\/\/saltaconmigo.com\/blog\/wp-content\/uploads\/2015\/11\/Canarias-La-Palma-Salinas-Fuencaliente-Atardecer-360x240.jpg 360w\" sizes=\"auto, (max-width: 640px) 100vw, 640px\" \/><br \/>No solo de salinas vive el <strong>sur de La Palma<\/strong>, \u00bfqu\u00e9 te parece hacer un <strong><em>tour<\/em> guiado<\/strong> por la zona? <a href=\"https:\/\/www.civitatis.com\/es\/la-palma\/excursion-sur-la-palma\/?aid=1259\" target=\"_blank\" rel=\"sponsored nofollow noopener noreferrer\">Aqu\u00ed<\/a> puedes ver las caracter\u00edsticas y precios.<\/p>\n<h2>La playa de Tazacorte: d\u00f3nde ver la la \u201cotra\u201d puesta de sol en La Palma<\/h2>\n<p>La <strong>playa de Tazacorte<\/strong>, por donde entraron los primeros conquistadores espa\u00f1oles, es uno de los <strong>mejores sitios para ver la puesta de sol en La Palma<\/strong>. Otro imprescindible de la isla.<\/p>\n<h2>Avistamientos de ballenas y delfines en La Palma<\/h2>\n<p>Desde el mismo puerto de Tazacorte salen las<strong> excursiones en barco para visitar las cuevas del litoral de la isla<\/strong> o para <strong>ir en b\u00fasqueda de cet\u00e1ceos<\/strong>. Hay <strong>diferentes tipos de ballenas y delfines de paso en las cercan\u00edas de la isla todo el a\u00f1o<\/strong>. Nosotros fuimos y, aunque no tuvimos suerte con las ballenas, nos encontramos con unos cuantos delfines muy saltarines, \u00a1no pod\u00eda ser de otra forma! Echa un vistazo <a href=\"https:\/\/www.civitatis.com\/es\/la-palma\/avistamiento-ballenas-delfines-palma\/?aid=1259\" target=\"_blank\" rel=\"sponsored nofollow noopener noreferrer\">aqu\u00ed<\/a> a los precios.<\/p>\n<p><img loading=\"lazy\" decoding=\"async\" class=\"aligncenter wp-image-21825 size-full\" title=\"Los delfines desde el Fancy II, si no sabes qu\u00e9 hacer en La Palma, busca cet\u00e1ceos\" src=\"https:\/\/saltaconmigo.com\/blog\/wp-content\/uploads\/2016\/01\/Canarias-La-Palma-Puerto-Tazacorte-Delfines-Fancy-II.jpg\" alt=\"Canarias La Palma Puerto Tazacorte Delfines Fancy II\" width=\"640\" height=\"427\" srcset=\"https:\/\/saltaconmigo.com\/blog\/wp-content\/uploads\/2016\/01\/Canarias-La-Palma-Puerto-Tazacorte-Delfines-Fancy-II.jpg 640w, https:\/\/saltaconmigo.com\/blog\/wp-content\/uploads\/2016\/01\/Canarias-La-Palma-Puerto-Tazacorte-Delfines-Fancy-II-300x200.jpg 300w, https:\/\/saltaconmigo.com\/blog\/wp-content\/uploads\/2016\/01\/Canarias-La-Palma-Puerto-Tazacorte-Delfines-Fancy-II-360x240.jpg 360w\" sizes=\"auto, (max-width: 640px) 100vw, 640px\" \/><\/p>\n<h2>Playas de La Palma<\/h2>\n<p>No \u00edbamos buscando playas pero por supuesto hay unas cuantas en la isla, todas de arena negra. En la <a href=\"https:\/\/www.visitlapalma.es\/descubre-playas\/\" target=\"_blank\" rel=\"noopener noreferrer\">web de turismo<\/a> de La Palma hay informaci\u00f3n sobre todas ellas.<\/p>\n<p><img loading=\"lazy\" decoding=\"async\" class=\"aligncenter wp-image-21826 size-full\" title=\"La playa de Puerto de Tazacorte, arenas negras volc\u00e1nicas\" src=\"https:\/\/saltaconmigo.com\/blog\/wp-content\/uploads\/2016\/01\/Canarias-La-Palma-Puerto-Tazacorte-Playa-Negra.jpg\" alt=\"Canarias La Palma Puerto Tazacorte Playa Negra\" width=\"640\" height=\"427\" srcset=\"https:\/\/saltaconmigo.com\/blog\/wp-content\/uploads\/2016\/01\/Canarias-La-Palma-Puerto-Tazacorte-Playa-Negra.jpg 640w, https:\/\/saltaconmigo.com\/blog\/wp-content\/uploads\/2016\/01\/Canarias-La-Palma-Puerto-Tazacorte-Playa-Negra-300x200.jpg 300w, https:\/\/saltaconmigo.com\/blog\/wp-content\/uploads\/2016\/01\/Canarias-La-Palma-Puerto-Tazacorte-Playa-Negra-360x240.jpg 360w\" sizes=\"auto, (max-width: 640px) 100vw, 640px\" \/><\/p>\n<h2>Submarinismo y parapente en La Palma: nuestras asignaturas pendientes<\/h2>\n<p>Hace tiempo que no buceamos as\u00ed que no nos atrevimos y ni lo intentamos \u2013\u00a1a ver cu\u00e1ndo volvemos a las profundidades!\u2013 aunque los <strong>fondos de La Palma lo habr\u00edan merecido<\/strong>. Pero lo del <strong>parapente<\/strong> s\u00ed que lo intentamos un par de d\u00edas seguidos\u2026 sin suerte. Las condiciones metereol\u00f3gicas no ayudaron, y eso que <strong>en La Palma es posible hacer parapente una media de 330 d\u00edas al a\u00f1o<\/strong>, qu\u00e9 mala suerte, \u00bfno?<\/p>\n<h2>Fiestas en La Palma: OK, tenemos otra asignatura pendiente&#8230;<\/h2>\n<p>La otra asignatura pendiente es <strong>volver en fiestas<\/strong>: habr\u00e1 que elegir entre la <strong>bajada de la V\u00edrgen, los Indianos en Carnavales, el Corpus Christi, El Diablo, Los caballos fuscos y caballos fufos<\/strong>\u2026 \u00a1si hasta los nombres son originales!<\/p>\n<p>Puede que tengamos que irnos un a\u00f1ito a vivir a La Palma&#8230;<\/p>\n<p style=\"text-align: center;\"><a class=\"vw-button vw-button-orange \" href=\"https:\/\/saltaconmigo.com\/blog\/2016\/01\/organizar-itinerario-5-dias-la-palma\/\" target=\"_self\">Aqu\u00ed tienes nuestra ruta en coche por La Palma<\/a><\/p>\n\n<div class=\"cajaVenta\">\n<p>\u00bfTe quieres de ir de <strong>viaje a La Palma por libre<\/strong>? Aqu\u00ed puedes hacerlo:<\/p>\n<ul class=\"avion\">\n \t<li>Busca tu <strong>vuelo m\u00e1s barato a Santa Cruz de la Palma<\/strong> <a title=\"Vuelos baratos\" href=\"https:\/\/www.skyscanner.net\/g\/referrals\/v1\/flights\/cheap-flights-to?adId=1100662&#038;campaignId=13416&#038;currency=EUR&#038;destination=SPC&#038;locale=es-ES&#038;market=ES&#038;mediaPartnerId=1205554\" target=\"_blank\" rel=\"sponsored nofollow noopener noreferrer\">aqu\u00ed<\/a>.<\/li>\n<\/ul>\n<ul class=\"hotel\">\n \t<li>Escoge el <strong>hotel que m\u00e1s te guste al mejor precio en La Palma<\/strong> <a title=\"Reserva tu hotel al mejor precio\" href=\"http:\/\/www.booking.com\/searchresults.html?region=1405&amp;aid=844890\" target=\"_blank\" rel=\"sponsored nofollow noopener noreferrer\">aqu\u00ed<\/a>.<\/li>\n<\/ul>\n<ul class=\"coche\">\n \t<li><strong>Alquila el coche<\/strong> en La Palma al mejor precio comparando entre varias compa\u00f1\u00edas <a title=\"Alquila tu coche al mejor precio\" href=\"https:\/\/www.booking.com\/cars\/index.html?aid=844890\" target=\"\u201d_blank\u201d\" rel=\"sponsored nofollow noopener noreferrer\">aqu\u00ed<\/a> o contrata tu <strong>traslado desde el aeropuerto a tu hotel<\/strong> <a href=\"https:\/\/www.civitatis.com\/es\/la-palma\/traslados\/?aid=1259\" target=\"_blank\" rel=\"sponsored nofollow noopener noreferrer\">aqu\u00ed<\/a>.<\/li>\n<\/ul>\n<ul class=\"guias\">\n \t<li>Las <strong>mejores gu\u00edas<\/strong> de Canarias <a title=\"Compra tu gu\u00eda de viaje al mejor precio\" href=\"http:\/\/amzn.to\/2roRU7w\" target=\"_blank\" rel=\"sponsored nofollow noopener noreferrer\">aqu\u00ed<\/a>.<\/li>\n<\/ul>\n<ul class=\"tour\">\n \t<li>Contrata tu <strong><em>tour<\/em> guiado en La Palma<\/strong> <a href=\"https:\/\/www.civitatis.com\/es\/la-palma\/?aid=1259\" target=\"_blank\" rel=\"sponsored nofollow noopener noreferrer\">aqu\u00ed<\/a>.<\/li>\n<\/ul>\n<ul class=\"seguro\">\n \t<li>Contrata tu <strong>seguro de viaje con un 5% de descuento<\/strong> <a title=\"Contrata tu seguro de viaje al mejor precio\" href=\"https:\/\/www.iatiseguros.com\/?r=21058501929524&amp;cmp=cv_lapalma\" target=\"_blank\" rel=\"sponsored nofollow noopener noreferrer\">aqu\u00ed<\/a>.<\/li>\n<\/ul>\n<ul class=\"tarjeta\">\n \t<li>Hazte con la <strong>mejor tarjeta de viaje y recibe 10 \u20ac de recompensa<\/strong> <a href=\"https:\/\/revolut.ngih.net\/c\/1205554\/1576621\/9626\" target=\"_blank\" rel=\"sponsored nofollow noopener noreferrer noindex\">aqu\u00ed<\/a>.<\/li>\n<\/ul>\n<\/div>","protected":false},"excerpt":{"rendered":"<p>\u00bfQu\u00e9 hacer en La Palma? Te lo preguntar\u00e1s si tienes intenci\u00f3n de visitar la isla bonita, una de las joyas de Canarias. Te damos algunas pistas en formato de \u201clista\u201d, pero seguro que la isla te susurrar\u00e1 al o\u00eddo unas cuantas m\u00e1s\u2026 no necesitar\u00e1s m\u00e1s razones para hacer turismo en [&hellip;]<\/p>\n","protected":false},"author":3,"featured_media":21823,"comment_status":"open","ping_status":"open","sticky":false,"template":"","format":"standard","meta":{"footnotes":""},"categories":[110,374,7,377,137],"tags":[345],"class_list":["post-21808","post","type-post","status-publish","format-standard","has-post-thumbnail","hentry","category-europa","category-canarias","category-espana","category-la-palma","category-videos","tag-345"],"_links":{"self":[{"href":"https:\/\/saltaconmigo.com\/blog\/wp-json\/wp\/v2\/posts\/21808","targetHints":{"allow":["GET"]}}],"collection":[{"href":"https:\/\/saltaconmigo.com\/blog\/wp-json\/wp\/v2\/posts"}],"about":[{"href":"https:\/\/saltaconmigo.com\/blog\/wp-json\/wp\/v2\/types\/post"}],"author":[{"embeddable":true,"href":"https:\/\/saltaconmigo.com\/blog\/wp-json\/wp\/v2\/users\/3"}],"replies":[{"embeddable":true,"href":"https:\/\/saltaconmigo.com\/blog\/wp-json\/wp\/v2\/comments?post=21808"}],"version-history":[{"count":1,"href":"https:\/\/saltaconmigo.com\/blog\/wp-json\/wp\/v2\/posts\/21808\/revisions"}],"predecessor-version":[{"id":58249,"href":"https:\/\/saltaconmigo.com\/blog\/wp-json\/wp\/v2\/posts\/21808\/revisions\/58249"}],"wp:featuredmedia":[{"embeddable":true,"href":"https:\/\/saltaconmigo.com\/blog\/wp-json\/wp\/v2\/media\/21823"}],"wp:attachment":[{"href":"https:\/\/saltaconmigo.com\/blog\/wp-json\/wp\/v2\/media?parent=21808"}],"wp:term":[{"taxonomy":"category","embeddable":true,"href":"https:\/\/saltaconmigo.com\/blog\/wp-json\/wp\/v2\/categories?post=21808"},{"taxonomy":"post_tag","embeddable":true,"href":"https:\/\/saltaconmigo.com\/blog\/wp-json\/wp\/v2\/tags?post=21808"}],"curies":[{"name":"wp","href":"https:\/\/api.w.org\/{rel}","templated":true}]}}