{"id":1783,"date":"2008-07-30T08:07:00","date_gmt":"2008-07-30T07:07:00","guid":{"rendered":"http:\/\/sltcnmg.wordpress.com\/2008\/07\/30\/berlin-iii"},"modified":"2012-08-01T14:10:20","modified_gmt":"2012-08-01T12:10:20","slug":"berlin-iii","status":"publish","type":"post","link":"https:\/\/saltaconmigo.com\/blog\/2008\/07\/berlin-iii\/","title":{"rendered":"Berl\u00edn (III), East Side Gallery, cementerio sovi\u00e9tivo y Gendarmenmarkt"},"content":{"rendered":"<p>El diario completo <a title=\"Diario\" href=\"http:\/\/docs.google.com\/Doc?id=dc34qgbp_3gnpf2g\" target=\"_blank\" rel=\"noopener\">aqu\u00ed<\/a>.<\/p>\n<p>El tercer d\u00eda comenz\u00f3 con la visita al museo jud\u00edo de Berl\u00edn. El exterior del edificio es ciertamente curioso, pero el interior no lo es menos. Al entrar tienes que bajar una planta, y recorrer el s\u00f3tano, desde all\u00ed una escalera te lleva hasta la planta m\u00e1s alta de todas (creo que tercera o cuarta) con descansillos en las plantas intermedias. Abajo, una obra que recuerda a las v\u00edctimas jud\u00edas.<\/p>\n<p style=\"text-align: center;\"><a href=\"http:\/\/picasaweb.google.com\/jaacno1\/Alemania\/photo#5228486789197410722\" target=\"_blank\" rel=\"noopener\"><img decoding=\"async\" src=\"http:\/\/lh3.ggpht.com\/jaacno1\/SI9RCHbvMaI\/AAAAAAAADP4\/a08EYn3lNJE\/s144\/_MG_0225.jpg\" alt=\"\" \/><\/a> <a href=\"http:\/\/picasaweb.google.com\/jaacno1\/Alemania\/photo#5227944702813770594\" target=\"_blank\" rel=\"noopener\"><img decoding=\"async\" src=\"http:\/\/lh5.ggpht.com\/jaacno1\/SI1kAiSZk2I\/AAAAAAAADFE\/0C_I2UaIyp0\/s144\/_MG_0226.jpg\" alt=\"\" \/><\/a> <a href=\"http:\/\/picasaweb.google.com\/jaacno1\/Alemania\/photo#5227944719403335842\" target=\"_blank\" rel=\"noopener\"><img decoding=\"async\" src=\"http:\/\/lh6.ggpht.com\/jaacno1\/SI1kBgFqQKI\/AAAAAAAADFM\/fK8zfAw2D2U\/s144\/_MG_0234.jpg\" alt=\"\" \/><\/a><\/p>\n<p>Momento de ir a <a title=\"East Side Gallery\" href=\"http:\/\/www.eastsidegallery.com\/\" target=\"_blank\" rel=\"noopener\">East Side Gallery<\/a>. Una porci\u00f3n de m\u00e1s de un kil\u00f3metro de muro de Berl\u00edn cubierto con pinturas.<\/p>\n<p style=\"text-align: center;\"><a href=\"http:\/\/picasaweb.google.com\/jaacno1\/Alemania\/photo#5227944732367156882\" target=\"_blank\" rel=\"noopener\"><img decoding=\"async\" src=\"http:\/\/lh5.ggpht.com\/jaacno1\/SI1kCQYedpI\/AAAAAAAADFU\/lt-g1XwKbwY\/s144\/_MG_0243.jpg\" alt=\"\" \/><\/a> <a href=\"http:\/\/picasaweb.google.com\/jaacno1\/Alemania\/photo#5227944781106980434\" target=\"_blank\" rel=\"noopener\"><img decoding=\"async\" src=\"http:\/\/lh3.ggpht.com\/jaacno1\/SI1kFF89JlI\/AAAAAAAADFk\/Gok7W1culFE\/s144\/_MG_0280.jpg\" alt=\"\" \/><\/a> <a href=\"http:\/\/picasaweb.google.com\/jaacno1\/Alemania\/photo#5227944829677139858\" target=\"_blank\" rel=\"noopener\"><img decoding=\"async\" src=\"http:\/\/lh3.ggpht.com\/jaacno1\/SI1kH64-95I\/AAAAAAAADF0\/gtIKTeKv7HQ\/s144\/_MG_0286.jpg\" alt=\"\" \/><\/a> <a href=\"http:\/\/picasaweb.google.com\/jaacno1\/Alemania\/photo#5227945786456808914\" target=\"_blank\" rel=\"noopener\"><img decoding=\"async\" src=\"http:\/\/lh6.ggpht.com\/jaacno1\/SI1k_nLCHdI\/AAAAAAAADLM\/Vo1ESwWZC_c\/s144\/DSCN0089.JPG\" alt=\"\" \/><\/a> <a href=\"http:\/\/picasaweb.google.com\/jaacno1\/Alemania\/photo#5227945822280306034\" target=\"_blank\" rel=\"noopener\"><img decoding=\"async\" src=\"http:\/\/lh5.ggpht.com\/jaacno1\/SI1lBsoBTXI\/AAAAAAAADLY\/SyiTapmp3qY\/s144\/DSCN0115.JPG\" alt=\"\" \/><\/a> <a href=\"http:\/\/picasaweb.google.com\/jaacno1\/Alemania\/photo#5227944874519795138\" target=\"_blank\" rel=\"noopener\"><img decoding=\"async\" src=\"http:\/\/lh3.ggpht.com\/jaacno1\/SI1kKh8TlcI\/AAAAAAAADGE\/GlfeB3DYfUA\/s144\/_MG_0290.jpg\" alt=\"\" \/><\/a> <a href=\"http:\/\/picasaweb.google.com\/jaacno1\/Alemania\/photo#5227944895042934466\" target=\"_blank\" rel=\"noopener\"><img decoding=\"async\" src=\"http:\/\/lh5.ggpht.com\/jaacno1\/SI1kLuZZ1sI\/AAAAAAAADGM\/A3NP7hxHeZc\/s144\/_MG_0292.jpg\" alt=\"\" \/><\/a> <a href=\"http:\/\/picasaweb.google.com\/jaacno1\/Alemania\/photo#5227944935785606354\" target=\"_blank\" rel=\"noopener\"><img decoding=\"async\" src=\"http:\/\/lh3.ggpht.com\/jaacno1\/SI1kOGLNrNI\/AAAAAAAADGc\/9q5p5HceTkY\/s144\/_MG_0309.jpg\" alt=\"\" \/><\/a><\/p>\n<p>Como bien dice la \u00faltima: \u00ab<span style=\"font-style: italic; font-weight: bold;\">El mundo es demasiado peque\u00f1o para muros<\/span>\u00ab.<\/p>\n<p>Tocaba ahora el cementerio sovi\u00e9tico de Berl\u00edn. Se encuentra en Treptow dentro de un parque. Ya habl\u00e9 de \u00e9l en la entrada de <a href=\"http:\/\/hayqueapuntarlo.blogspot.com\/2008\/02\/cementerios.html\" target=\"_blank\" rel=\"noopener\">cementerios<\/a>. Es una construcci\u00f3n, por llamarlo de alguna manera puesto que la mayor parte es parque, grandiosa, una obra apabullante.<\/p>\n<p style=\"text-align: center;\"><a href=\"http:\/\/picasaweb.google.com\/jaacno1\/Alemania\/photo#5227944956792815810\" target=\"_blank\" rel=\"noopener\"><img decoding=\"async\" src=\"http:\/\/lh5.ggpht.com\/jaacno1\/SI1kPUbuQMI\/AAAAAAAADGo\/hcKUvHQxGXM\/s144\/_MG_0313.jpg\" alt=\"\" \/><\/a> <a href=\"http:\/\/picasaweb.google.com\/jaacno1\/Alemania\/photo#5227945002779625586\" target=\"_blank\" rel=\"noopener\"><img decoding=\"async\" src=\"http:\/\/lh6.ggpht.com\/jaacno1\/SI1kR_v1SHI\/AAAAAAAADG4\/r_-dEtYPIc4\/s144\/_MG_0317.jpg\" alt=\"\" \/><\/a> <a href=\"http:\/\/picasaweb.google.com\/jaacno1\/Alemania\/photo#5227945022869915362\" target=\"_blank\" rel=\"noopener\"><img decoding=\"async\" src=\"http:\/\/lh4.ggpht.com\/jaacno1\/SI1kTKluxuI\/AAAAAAAADHA\/ON3KAvdHluQ\/s144\/_MG_0319.jpg\" alt=\"\" \/><\/a> <a href=\"http:\/\/picasaweb.google.com\/jaacno1\/Alemania\/photo#5227945078324737810\" target=\"_blank\" rel=\"noopener\"><img decoding=\"async\" src=\"http:\/\/lh3.ggpht.com\/jaacno1\/SI1kWZLMNxI\/AAAAAAAADHQ\/vF9ikTzn8WY\/s144\/_MG_0328.jpg\" alt=\"\" \/><\/a> <a href=\"http:\/\/picasaweb.google.com\/jaacno1\/Alemania\/photo#5227945114627029058\" target=\"_blank\" rel=\"noopener\"><img decoding=\"async\" src=\"http:\/\/lh5.ggpht.com\/jaacno1\/SI1kYgaVOEI\/AAAAAAAADHg\/tbJZ4KxtDXs\/s144\/_MG_0335.jpg\" alt=\"\" \/><\/a> <a href=\"http:\/\/picasaweb.google.com\/jaacno1\/Alemania\/photo#5227945137786599554\" target=\"_blank\" rel=\"noopener\"><img decoding=\"async\" src=\"http:\/\/lh5.ggpht.com\/jaacno1\/SI1kZ2sAOII\/AAAAAAAADHo\/FEbx_6lmi0U\/s144\/_MG_0337.jpg\" alt=\"\" \/><\/a> <a href=\"http:\/\/picasaweb.google.com\/jaacno1\/Alemania\/photo#5227945177219100978\" target=\"_blank\" rel=\"noopener\"><img decoding=\"async\" src=\"http:\/\/lh6.ggpht.com\/jaacno1\/SI1kcJlccTI\/AAAAAAAADH4\/a2BqE2-MSt8\/s144\/_MG_0363.jpg\" alt=\"\" \/><\/a><\/p>\n<p>Por la noche nos acercamos a <a title=\"Wikipedia\" href=\"http:\/\/es.wikipedia.org\/wiki\/Gendarmenmarkt\" target=\"_blank\" rel=\"noopener\">Gendarmenmarkt<\/a>, una impresionante plaza con la catedral alemana (Deutscher Dom), la sala de conciertos (Konzerthaus Berlin) y la catedral francesa (Franzosischer Dom). Esta plaza est\u00e1 muy cerca de la <a title=\"Wikpedia\" href=\"http:\/\/es.wikipedia.org\/wiki\/Bebelplatz\" target=\"_blank\" rel=\"noopener\">Bebelplatz<\/a>, famosa por la quema de libros que se produjo all\u00ed el 10 de mayo de 1.933, que tiene un monumento bajo tierra en recuerdo de ese triste momento. Y acabamos en el Reichstag.<\/p>\n<p style=\"text-align: center;\"><a href=\"http:\/\/picasaweb.google.com\/jaacno1\/Alemania\/photo#5227945205680621906\" target=\"_blank\" rel=\"noopener\"><img decoding=\"async\" src=\"http:\/\/lh5.ggpht.com\/jaacno1\/SI1kdznMyVI\/AAAAAAAADII\/PUIvv-RKh4o\/s144\/_MG_0382.jpg\" alt=\"\" \/><\/a> <a href=\"http:\/\/picasaweb.google.com\/jaacno1\/Alemania\/photo#5227945223677126882\" target=\"_blank\" rel=\"noopener\"><img decoding=\"async\" src=\"http:\/\/lh6.ggpht.com\/jaacno1\/SI1ke2p5qOI\/AAAAAAAADIQ\/Q0iCQ8nPuF8\/s144\/_MG_0390.jpg\" alt=\"\" \/><\/a> <a href=\"http:\/\/picasaweb.google.com\/jaacno1\/Alemania\/photo#5228492694358533730\" target=\"_blank\" rel=\"noopener\"><img decoding=\"async\" src=\"http:\/\/lh6.ggpht.com\/jaacno1\/SI9WZ133JmI\/AAAAAAAADQo\/tygq3Z9cXlY\/s144\/_MG_0384.jpg\" alt=\"\" \/><\/a><br \/>\n<a href=\"http:\/\/picasaweb.google.com\/jaacno1\/Alemania\/photo#5228492717558969362\" target=\"_blank\" rel=\"noopener\"><img decoding=\"async\" src=\"http:\/\/lh5.ggpht.com\/jaacno1\/SI9WbMTRtBI\/AAAAAAAADQY\/eCIpLKMeYXM\/s144\/_MG_0402.jpg\" alt=\"\" \/><\/a><\/p>\n","protected":false},"excerpt":{"rendered":"<p>El diario completo aqu\u00ed. El tercer d\u00eda comenz\u00f3 con la visita al museo jud\u00edo de Berl\u00edn. El exterior del edificio es ciertamente curioso, pero el interior no lo es menos. Al entrar tienes que bajar una planta, y recorrer el s\u00f3tano, desde all\u00ed una escalera te lleva hasta la planta [&hellip;]<\/p>\n","protected":false},"author":2,"featured_media":7821,"comment_status":"open","ping_status":"open","sticky":false,"template":"","format":"standard","meta":{"footnotes":""},"categories":[17,24,110],"tags":[6],"class_list":["post-1783","post","type-post","status-publish","format-standard","has-post-thumbnail","hentry","category-alemania","category-berlin","category-europa","tag-6"],"_links":{"self":[{"href":"https:\/\/saltaconmigo.com\/blog\/wp-json\/wp\/v2\/posts\/1783","targetHints":{"allow":["GET"]}}],"collection":[{"href":"https:\/\/saltaconmigo.com\/blog\/wp-json\/wp\/v2\/posts"}],"about":[{"href":"https:\/\/saltaconmigo.com\/blog\/wp-json\/wp\/v2\/types\/post"}],"author":[{"embeddable":true,"href":"https:\/\/saltaconmigo.com\/blog\/wp-json\/wp\/v2\/users\/2"}],"replies":[{"embeddable":true,"href":"https:\/\/saltaconmigo.com\/blog\/wp-json\/wp\/v2\/comments?post=1783"}],"version-history":[{"count":0,"href":"https:\/\/saltaconmigo.com\/blog\/wp-json\/wp\/v2\/posts\/1783\/revisions"}],"wp:featuredmedia":[{"embeddable":true,"href":"https:\/\/saltaconmigo.com\/blog\/wp-json\/wp\/v2\/media\/7821"}],"wp:attachment":[{"href":"https:\/\/saltaconmigo.com\/blog\/wp-json\/wp\/v2\/media?parent=1783"}],"wp:term":[{"taxonomy":"category","embeddable":true,"href":"https:\/\/saltaconmigo.com\/blog\/wp-json\/wp\/v2\/categories?post=1783"},{"taxonomy":"post_tag","embeddable":true,"href":"https:\/\/saltaconmigo.com\/blog\/wp-json\/wp\/v2\/tags?post=1783"}],"curies":[{"name":"wp","href":"https:\/\/api.w.org\/{rel}","templated":true}]}}