{"id":15421,"date":"2014-08-18T09:50:18","date_gmt":"2014-08-18T08:50:18","guid":{"rendered":"https:\/\/saltaconmigo.com\/blog\/?p=15421"},"modified":"2019-06-13T18:35:50","modified_gmt":"2019-06-13T16:35:50","slug":"juderia-de-toledo-historia-monumentos","status":"publish","type":"post","link":"https:\/\/saltaconmigo.com\/blog\/2014\/08\/juderia-de-toledo-historia-monumentos\/","title":{"rendered":"Visita a la juder\u00eda de Toledo: la m\u00e1s importante de Espa\u00f1a"},"content":{"rendered":"<p>Periodo hist\u00f3rico: la <strong>Edad Media<\/strong>. Ubicaci\u00f3n: el coraz\u00f3n de Castilla, <strong>Toledo<\/strong>. Los adarves \u2013fortificaciones\u2013 de la <strong>juder\u00eda<\/strong> encierran estrechas callejuelas por las que pasan a diario algunos de los hombres con m\u00e1s poder intelectual y econ\u00f3mico de la ciudad y del reino. Poetas, hombres de letras, artesanos, comerciantes y rabinos. Acuden a alguna de las<strong> diez sinagogas<\/strong> erigidas en la ciudad y celebran sus fiestas y rituales en sus <strong>suntuosos edificios p\u00fablicos, religiosos y privados<\/strong>. De sus tributos sale gran parte de la <strong>riqueza de Toledo<\/strong> que va a parar a las arcas reales y a monasterios y dem\u00e1s instituciones cristianas. Es la <strong>comunidad jud\u00eda de Toledo<\/strong>, que se convierte, en los siglos <strong>XII y XIII<\/strong>, en la <strong>m\u00e1s populosa y rica del Reino de Castilla<\/strong>.Y convive durante siglos, m\u00e1s o menos pac\u00edficamente, con <strong>musulmanes y cristianos<\/strong>, en la que se denominar\u00eda <strong>ciudad de las tres culturas<\/strong>.<\/p>\n<p>De hecho, los jud\u00edos no estaban obligados a vivir dentro de la <strong>juder\u00eda de Toledo<\/strong> \u2013que, adem\u00e1s, comprend\u00eda diferentes barrios\u2013, y pose\u00edan numerosos edificios, tanto viviendas como comercios, fuera de sus adarves.<\/p>\n<p><img loading=\"lazy\" decoding=\"async\" class=\"aligncenter wp-image-15431 size-full\" title=\"Calles de la juder\u00eda de Toledo\" src=\"https:\/\/saltaconmigo.com\/blog\/wp-content\/uploads\/2014\/08\/Toledo-Calles-Juderia.jpeg\" alt=\"Toledo Calles Juderia\" width=\"606\" height=\"454\" srcset=\"https:\/\/saltaconmigo.com\/blog\/wp-content\/uploads\/2014\/08\/Toledo-Calles-Juderia.jpeg 606w, https:\/\/saltaconmigo.com\/blog\/wp-content\/uploads\/2014\/08\/Toledo-Calles-Juderia-300x224.jpeg 300w\" sizes=\"auto, (max-width: 606px) 100vw, 606px\" \/><\/p>\n<p>A pesar de ello, la <strong>convivencia entre jud\u00edos, musulmanes<\/strong> y, sobre todo, <strong>cristianos<\/strong> no fue, ni de lejos, tan id\u00edlica como el nombre \u201c<strong>ciudad de las tres culturas<\/strong>\u201d podr\u00eda llevarnos a pensar. Los <strong>jud\u00edos<\/strong> vivieron \u00e9pocas de paz pero <strong>fueron perseguidos en numerosas ocasiones<\/strong> en su larga historia en la ciudad. A\u00fan as\u00ed, siempre consiguieron levantar la cabeza. Incluso, aunque con menos fuerza, despu\u00e9s del <strong>asalto del 1391 a la juder\u00eda de Toledo<\/strong>, cuando los supervivientes tuvieron que asistir a feroces matanzas y a la destrucci\u00f3n de la mayor\u00eda de sus sinagogas \u2013m\u00e1s adelante esta masacre llevar\u00eda el nombre de <strong><em>podrom<\/em> de Toledo<\/strong>\u2013. Pero su final definitivo llegar\u00eda con la <strong>expulsi\u00f3n decretada por los Reyes Cat\u00f3licos en el 1492<\/strong>. S\u00f3lo pudieron quedarse los conversos, que siguieron discriminados. Los dem\u00e1s tuvieron que <strong>abandonar Toledo y el Reino<\/strong>. Una patria, la pen\u00ednsula ib\u00e9rica, que recordar\u00edan con el nombre de <em><strong>Sefarad<\/strong><\/em>. Y, para muchos, <strong>Toledo fue la capital de <em>Sefarad<\/em><\/strong>. Se dice que algunos se llevaron sus llaves porque cre\u00edan que podr\u00edan volver a su casa alg\u00fan d\u00eda. Pero eso nunca pas\u00f3.<\/p>\n<p>La <strong>poblaci\u00f3n de sefard\u00edes<\/strong>, los <strong>jud\u00edos que residieron en la pen\u00ednsula ib\u00e9rica, asciende hoy a casi dos millones<\/strong>, un porcentaje muy importante de la poblaci\u00f3n jud\u00eda mundial \u2013alrededor de 15 millones\u2013.<\/p>\n<p>Aunque la comunidad jud\u00eda de la capital manchega haya pr\u00e1cticamente desaparecido, <strong>Toledo se incluye en el <a title=\"Camino de Sefarad\" href=\"http:\/\/www.redjuderias.org\/red\/\" target=\"_blank\" rel=\"noopener noreferrer\">camino de <em>Sefarad<\/em><\/a>, en la red de juder\u00edas de Espa\u00f1a<\/strong>. Se puede, as\u00ed, revivir parte del esplendor que vivieron las callejuelas de la <strong>juder\u00eda de Toledo<\/strong> y visitar los <strong>monumentos<\/strong> que siguen quedando en pie, prueba de esa \u00e9poca dorada. Entre ellos, las <strong>\u00fanicas dos sinagogas que \u201csobrevivieron\u201d y que se transformaron en iglesias cat\u00f3licas<\/strong>.<\/p>\n<h2>La Sinagoga del Tr\u00e1nsito y el Museo Sefard\u00ed<\/h2>\n<p>Esta <strong>espectacular sinagoga<\/strong> es \u00fanica, y no s\u00f3lo por su belleza. Es la <strong>\u00fanica sinagoga construida en el Reino de Castilla en el siglo XIV<\/strong>, cuando ya estaba prohibido levantarlas. <strong>Pedro I<\/strong> hizo una excepci\u00f3n como agradecimiento al apoyo de los jud\u00edos de Toledo, y es que su<strong> mecenas<\/strong> era nada menos que su poderoso <strong>tesorero: Samuel ha-Lev\u00ed<\/strong> \u2013propietario de la casa que hoy acoge el <strong><a title=\"Museo del Greco\" href=\"https:\/\/saltaconmigo.com\/blog\/2014\/05\/ano-greco-toledo\/\" target=\"_blank\" rel=\"noopener noreferrer\">Museo Del Greco<\/a><\/strong>\u2013. De hecho, su nombre original era <strong>sinagoga de Samuel ha-Lev\u00ed<\/strong>.<\/p>\n<p><img loading=\"lazy\" decoding=\"async\" class=\"aligncenter wp-image-15430 size-full\" title=\"La calle de Samuel Levi en plena juder\u00eda de Toledo\" src=\"https:\/\/saltaconmigo.com\/blog\/wp-content\/uploads\/2014\/08\/Toledo-Juderia-Calle-Samuel-Levi.jpg\" alt=\"Toledo Juderia Calle Samuel Levi\" width=\"640\" height=\"427\" srcset=\"https:\/\/saltaconmigo.com\/blog\/wp-content\/uploads\/2014\/08\/Toledo-Juderia-Calle-Samuel-Levi.jpg 640w, https:\/\/saltaconmigo.com\/blog\/wp-content\/uploads\/2014\/08\/Toledo-Juderia-Calle-Samuel-Levi-300x200.jpg 300w\" sizes=\"auto, (max-width: 640px) 100vw, 640px\" \/><\/p>\n<p>En su construcci\u00f3n participaron <strong>arquitectos musulmanes<\/strong>, de ah\u00ed que este edificio sea un compendio de la <strong>relaci\u00f3n entre las tres culturas en Toledo<\/strong>. <strong>G\u00f3tico y arte isl\u00e1mico-cordob\u00e9s<\/strong> para dar vida al <strong>templo sagrado de los jud\u00edos<\/strong>. Prueba de ello son las <strong>estupendas yeser\u00edas<\/strong> de la sala de oraci\u00f3n, con <strong>textos en \u00e1rabe, en hebreo y motivos her\u00e1ldicos de la Corona de Castilla<\/strong>.<\/p>\n<p>En la <strong>sala de oraci\u00f3n<\/strong> hoy hay <strong>eventos culturales<\/strong>, como peque\u00f1os conciertos y las salas contiguas acogen el <strong>Museo Nacional de Arte Hispanojud\u00edo y Sefard\u00ed<\/strong>. Fue ah\u00ed donde nuestro gu\u00eda Diego nos revel\u00f3 la supuesta conexi\u00f3n entre los sefard\u00edes y el nacimiento de las tapas o del cocido\u2026&nbsp;Ah, en el museo se encuentra tambi\u00e9n el <strong>Jard\u00edn Sonoro<\/strong>, en el que se recrean los sonidos de la <strong>juder\u00eda de Toledo<\/strong> en su periodo de m\u00e1ximo esplendor.<\/p>\n<p><img loading=\"lazy\" decoding=\"async\" class=\"aligncenter wp-image-8404 size-full\" title=\"Pared de la sala principal de oraci\u00f3n de la sinagoga de Samuel ha-Lev\u00ed con decoraci\u00f3n de yeser\u00edas\" src=\"https:\/\/saltaconmigo.com\/blog\/wp-content\/uploads\/2012\/08\/Toledo-MuseoSefardi.jpg\" alt=\"Toledo Sinagoga Tr\u00e1nsito Museo Sefardi\" width=\"640\" height=\"427\" srcset=\"https:\/\/saltaconmigo.com\/blog\/wp-content\/uploads\/2012\/08\/Toledo-MuseoSefardi.jpg 640w, https:\/\/saltaconmigo.com\/blog\/wp-content\/uploads\/2012\/08\/Toledo-MuseoSefardi-300x200.jpg 300w\" sizes=\"auto, (max-width: 640px) 100vw, 640px\" \/><\/p>\n<p><strong>Direcci\u00f3n<\/strong>: Calle de Samuel Lev\u00ed, 2<br \/>\nEl <strong>billete general<\/strong> es de <strong>3\u20ac<\/strong> y si vais tambi\u00e9n al <a title=\"Museo Del Greco\" href=\"http:\/\/museodelgreco.mcu.es\/\" target=\"_blank\" rel=\"noopener noreferrer\"><strong>Museo Del Greco<\/strong><\/a> hay un billete combinado de <strong>5\u20ac<\/strong> (<strong>Abono Museos de Toledo<\/strong>). A tener en cuenta que es <strong>gratuito los s\u00e1bados a partir de las 14h y los&nbsp;domingos<\/strong>.<br \/>\nDetalle de <strong>horarios y precios<\/strong> en la <a title=\"Museo Sefard\u00ed\" href=\"http:\/\/museosefardi.mcu.es\/Informacion\/horarios_y_tarifas.html\" target=\"_blank\" rel=\"noopener noreferrer\">web del museo<\/a>.<\/p>\n<h2>La Sinagoga de Santa Mar\u00eda la Blanca<\/h2>\n<p>La <strong>sinagoga de Yosef ben Shoshan<\/strong> \u2013\u00e9se era el nombre original de la que se convertir\u00eda en la <strong>iglesia de Santa Mar\u00eda la Blanca<\/strong>\u2013 se construy\u00f3 bajo el reinado de <strong>Alfonso VIII<\/strong>, otro monarca simpatizante con la comunidad jud\u00eda. Al entrar, su <strong>candor y grandiosidad<\/strong> deslumbran. Cinco naves separadas por columnas coronadas por arcos de herradura y motivos geom\u00e9tricos y vegetales. Aqu\u00ed tambi\u00e9n parece que los arquitectos isl\u00e1micos tuvieron algo que ver\u2026<\/p>\n<p><img loading=\"lazy\" decoding=\"async\" class=\"aligncenter wp-image-15433 size-full\" title=\"La sinagoga de Santa Mar\u00eda la Blanca\" src=\"https:\/\/saltaconmigo.com\/blog\/wp-content\/uploads\/2014\/08\/Toledo-Juderia-Sinagoga-Santa-Maria-Blanca.jpg\" alt=\"Toledo Juderia Sinagoga Santa Maria Blanca\" width=\"640\" height=\"427\" srcset=\"https:\/\/saltaconmigo.com\/blog\/wp-content\/uploads\/2014\/08\/Toledo-Juderia-Sinagoga-Santa-Maria-Blanca.jpg 640w, https:\/\/saltaconmigo.com\/blog\/wp-content\/uploads\/2014\/08\/Toledo-Juderia-Sinagoga-Santa-Maria-Blanca-300x200.jpg 300w\" sizes=\"auto, (max-width: 640px) 100vw, 640px\" \/><\/p>\n<p><strong>Direcci\u00f3n<\/strong>: Calle Reyes Cat\u00f3licos, 4<br \/>\nEl billete general es de 2,5\u20ac y es uno de los <strong>seis monumentos<\/strong> incluidos en la <a title=\"Toledo Monumental - Pulsera Tur\u00edstica\" href=\"http:\/\/www.toledomonumental.com\/\" target=\"_blank\" rel=\"noopener noreferrer\"><strong>pulsera tur\u00edstica de Toledo<\/strong><\/a> (<strong>8 \u20ac<\/strong>).<br \/>\nDetalle de <strong>horarios y precios<\/strong> en la web de Toledo Monumental.<\/p>\n<h2>La Casa del Jud\u00edo<\/h2>\n<p>Entre las dos sinagogas, en la Traves\u00eda de la Juder\u00eda, se encuentra la <strong>casa de un rico jud\u00edo de los siglos XIV-XV<\/strong>. Se dice que su due\u00f1o fue nada menos que el <strong>jud\u00edo Ishaq<\/strong>, quien habr\u00eda <strong>financiado el viaje de Col\u00f3n a las Indias<\/strong>, <strong>prestando el dinero a Isabel la Cat\u00f3lica a cambio de sus joyas<\/strong>.<\/p>\n<p>Lo que est\u00e1 claro es que el due\u00f1o de este palacete era adinerado, tanto que en su s\u00f3tano ten\u00eda un <em><strong>Miqv\u00e9<\/strong><\/em>, el <strong>ba\u00f1o jud\u00edo de purificaci\u00f3n<\/strong> que era tambi\u00e9n sin\u00f3nimo de estatus social. Las <strong>yeser\u00edas del patio<\/strong> y lo que queda del <em>miqv\u00e9<\/em> \u2013se puede ver la fuente de su agua termal\u2013 son lo m\u00e1s interesante de la casa.<\/p>\n<p><strong>Direcci\u00f3n<\/strong>: Traves\u00eda de la Juder\u00eda, 4<br \/>\n<strong>Precio y horarios<\/strong>: El <em>miqv\u00e9<\/em> s\u00f3lo se puede visitar con gu\u00eda (ellos tienen la llave, es otra entrada respecto a la de la casa-museo).<\/p>\n<h2>Se\u00f1alizaci\u00f3n de la juder\u00eda de Toledo: azulejos y luces<\/h2>\n<p>En los \u00faltimos a\u00f1os se ha intentado dar nueva vida al <strong>Toledo jud\u00edo<\/strong> fomentando el <strong>turismo en la juder\u00eda<\/strong> con diferentes iniciativas. Una de ellas es la <strong>se\u00f1alizaci\u00f3n de la juder\u00eda de Toledo<\/strong>, de dos formas diferentes. La primera: <strong>m\u00e1s de 500 azulejos<\/strong> colocados en el suelo de la juder\u00eda, en sus l\u00edmites y se\u00f1alando los lugares y monumentos m\u00e1s emblem\u00e1ticos. Los azulejos tienen tres s\u00edmbolos diferentes: el de la <strong>Red de Juder\u00edas de Espa\u00f1a<\/strong> \u2013que recuerda la forma de la pen\u00ednsula ib\u00e9rica\u2013, la <em><strong>menor\u00e1<\/strong><\/em> \u2013el candelabro jud\u00edo de siete brazos\u2013 y la <strong>palabra \u201cvida\u201d en hebreo<\/strong>. La segunda se\u00f1alizaci\u00f3n es dada por <strong>proyecciones nocturnas de luz<\/strong>, posicionadas en los l\u00edmites de la <strong>juder\u00eda de Toledo<\/strong>: en sus muros, accesos y puertas.<\/p>\n<p><img loading=\"lazy\" decoding=\"async\" class=\"aligncenter wp-image-15432 size-full\" title=\"Las marcas de la juder\u00eda de Toledo: la menora, el logo de la Red de Juder\u00edas de Espa\u00f1a y la palabra vida en hebreo\" src=\"https:\/\/saltaconmigo.com\/blog\/wp-content\/uploads\/2014\/08\/Toledo-Juderia-Marcas-Mosaico.jpeg\" alt=\"Toledo Juderia Marcas Mosaico\" width=\"750\" height=\"250\" srcset=\"https:\/\/saltaconmigo.com\/blog\/wp-content\/uploads\/2014\/08\/Toledo-Juderia-Marcas-Mosaico.jpeg 750w, https:\/\/saltaconmigo.com\/blog\/wp-content\/uploads\/2014\/08\/Toledo-Juderia-Marcas-Mosaico-300x100.jpeg 300w\" sizes=\"auto, (max-width: 750px) 100vw, 750px\" \/><\/p>\n<h2>Encuentros en la juder\u00eda de Toledo: Purim, Rosh Hashan\u00e1, Sukot y Hannukah<\/h2>\n<p>Los <strong>\u201cEncuentros en la Juder\u00eda\u201d<\/strong> constituyen probablemente la m\u00e1s importante de estas iniciativas. Son <strong>actividades culturales, de entretenimiento y gastron\u00f3micas<\/strong> con conexi\u00f3n a la <strong>historia de la juder\u00eda de Toledo<\/strong>. Entre ellas est\u00e1n los eventos que se realizan en algunas de las <strong>principales fiestas de la comunidad jud\u00eda<\/strong>: el <em><strong>Purim<\/strong><\/em> \u2013la fiesta de la alegr\u00eda\u2013, el <em><strong>Rosh Hashan\u00e1<\/strong><\/em> \u2013el a\u00f1o nuevo jud\u00edo\u2013, el <em><strong>Sukot<\/strong><\/em> \u2013o fiesta de las caba\u00f1as\u2013 y el <em><strong>Hannukah<\/strong><\/em> \u2013la fiesta de las luces\u2013.&nbsp;El programa completo de los encuentros en la juder\u00eda se encuentra en la <strong><a title=\"Toledo Turismo -  Encuentros en la Juder\u00eda\" href=\"http:\/\/www.toledo-turismo.com\/turismofamiliar\/os_hace\/encuentros-en-la-juderia\/\" target=\"_blank\" rel=\"noopener noreferrer\">p\u00e1gina de Toledo Turismo<\/a><\/strong>.<\/p>\n<p><img loading=\"lazy\" decoding=\"async\" class=\"aligncenter wp-image-15436 size-full\" title=\"El techo del Museo Sefardi en la juder\u00eda de Toledo\" src=\"https:\/\/saltaconmigo.com\/blog\/wp-content\/uploads\/2014\/08\/Toledo-Sinagoga-Transito-Museo-Sefardi-Techo.jpg\" alt=\"Toledo Sinagoga Transito Museo Sefardi Techo\" width=\"640\" height=\"427\" srcset=\"https:\/\/saltaconmigo.com\/blog\/wp-content\/uploads\/2014\/08\/Toledo-Sinagoga-Transito-Museo-Sefardi-Techo.jpg 640w, https:\/\/saltaconmigo.com\/blog\/wp-content\/uploads\/2014\/08\/Toledo-Sinagoga-Transito-Museo-Sefardi-Techo-300x200.jpg 300w\" sizes=\"auto, (max-width: 640px) 100vw, 640px\" \/><\/p>\n<p>Una forma \u00fanica de conocer una cultura que form\u00f3 parte fundamental de la historia de la pen\u00ednsula ib\u00e9rica.<\/p>\n<p>Si quieres saber&nbsp;<strong>m\u00e1s sobre Toledo y su hijo adoptivo m\u00e1s ilustre<\/strong>&nbsp;te interesa leer:<\/p>\n<ul>\n<li><a title=\"El Greco en Toledo: a\u00f1o Greco\" href=\"https:\/\/saltaconmigo.com\/blog\/2014\/05\/ano-greco-toledo\/\"><strong>El Greco en Toledo: a\u00f1o Greco<\/strong><\/a><\/li>\n<li><a title=\"Espacios Greco en Toledo y curiosidades sobre el pintor\" href=\"https:\/\/saltaconmigo.com\/blog\/2014\/06\/espacios-greco-curiosidades-toledo-y-curiosidades\/\"><strong>Espacios Greco en Toledo y curiosidades sobre el pintor<\/strong><\/a><\/li>\n<\/ul>\n<p>&nbsp;<\/p>\n","protected":false},"excerpt":{"rendered":"<p>Periodo hist\u00f3rico: la Edad Media. Ubicaci\u00f3n: el coraz\u00f3n de Castilla, Toledo. Los adarves \u2013fortificaciones\u2013 de la juder\u00eda encierran estrechas callejuelas por las que pasan a diario algunos de los hombres con m\u00e1s poder intelectual y econ\u00f3mico de la ciudad y del reino. Poetas, hombres de letras, artesanos, comerciantes y rabinos. [&hellip;]<\/p>\n","protected":false},"author":3,"featured_media":15430,"comment_status":"open","ping_status":"open","sticky":false,"template":"","format":"standard","meta":{"footnotes":""},"categories":[187,7,110,188],"tags":[283],"class_list":["post-15421","post","type-post","status-publish","format-standard","has-post-thumbnail","hentry","category-castilla-la-mancha","category-espana","category-europa","category-toledo","tag-283"],"_links":{"self":[{"href":"https:\/\/saltaconmigo.com\/blog\/wp-json\/wp\/v2\/posts\/15421","targetHints":{"allow":["GET"]}}],"collection":[{"href":"https:\/\/saltaconmigo.com\/blog\/wp-json\/wp\/v2\/posts"}],"about":[{"href":"https:\/\/saltaconmigo.com\/blog\/wp-json\/wp\/v2\/types\/post"}],"author":[{"embeddable":true,"href":"https:\/\/saltaconmigo.com\/blog\/wp-json\/wp\/v2\/users\/3"}],"replies":[{"embeddable":true,"href":"https:\/\/saltaconmigo.com\/blog\/wp-json\/wp\/v2\/comments?post=15421"}],"version-history":[{"count":0,"href":"https:\/\/saltaconmigo.com\/blog\/wp-json\/wp\/v2\/posts\/15421\/revisions"}],"wp:featuredmedia":[{"embeddable":true,"href":"https:\/\/saltaconmigo.com\/blog\/wp-json\/wp\/v2\/media\/15430"}],"wp:attachment":[{"href":"https:\/\/saltaconmigo.com\/blog\/wp-json\/wp\/v2\/media?parent=15421"}],"wp:term":[{"taxonomy":"category","embeddable":true,"href":"https:\/\/saltaconmigo.com\/blog\/wp-json\/wp\/v2\/categories?post=15421"},{"taxonomy":"post_tag","embeddable":true,"href":"https:\/\/saltaconmigo.com\/blog\/wp-json\/wp\/v2\/tags?post=15421"}],"curies":[{"name":"wp","href":"https:\/\/api.w.org\/{rel}","templated":true}]}}