{"id":13781,"date":"2014-04-10T09:49:59","date_gmt":"2014-04-10T08:49:59","guid":{"rendered":"https:\/\/saltaconmigo.com\/blog\/?p=13781"},"modified":"2021-06-20T12:51:59","modified_gmt":"2021-06-20T10:51:59","slug":"de-la-carretera-austral-a-la-ruta-40-patagonia","status":"publish","type":"post","link":"https:\/\/saltaconmigo.com\/blog\/2014\/04\/de-la-carretera-austral-a-la-ruta-40-patagonia\/","title":{"rendered":"De la Carretera Austral a la Ruta 40, Patagonia"},"content":{"rendered":"<p>Nuestro contacto inicial con las <a title=\"De la Ruta 40 a la Carretera Austral, Patagonia\" href=\"https:\/\/saltaconmigo.com\/blog\/2014\/03\/ruta-40-carretera-austral-patagonia\/\"><strong>carreteras patag\u00f3nicas<\/strong><\/a> tuvo <strong>m\u00e1s de aventura que de turismo<\/strong>, m\u00e1s experiencias que visitas. Desde el momento en que descubrimos que habr\u00eda que hacer <strong>mucho <em>auto-stop<\/em><\/strong>, supimos que ser\u00eda as\u00ed: horas de espera, bajar de un coche para subir en otro, siempre con las mochilas\u2026 Vamos, que, m\u00e1s all\u00e1 de los <strong>espectaculares paisajes<\/strong> que ver\u00edamos desde las ventanillas y mientras levant\u00e1bamos el dedo, poco m\u00e1s podr\u00edamos hacer. Pero hab\u00eda un par de lugares que no quer\u00edamos dejar pasar de ning\u00fan modo: <strong>las Cuevas de M\u00e1rmol y la Cueva de las Manos<\/strong>. Uno en <strong>Chile<\/strong> y otro en <strong>Argentina,<\/strong> uno creado por la <strong>naturaleza<\/strong> y otro por la mano \u2013nunca mejor dicho\u2013 del <strong>hombre.<\/strong> <strong>La Patagonia siempre tan ecu\u00e1nime.<\/strong><\/p>\n<p style=\"text-align: center;\"><img loading=\"lazy\" decoding=\"async\" class=\"aligncenter size-full wp-image-13789\" title=\"Descubriendo las maravillas de la Patagonia... Tierra de Colores con salto\" src=\"https:\/\/saltaconmigo.com\/blog\/wp-content\/uploads\/2014\/04\/Argentina-Perito-Moreno-Tierra-Colores-Salto.jpg\" alt=\"Argentina Perito Moreno Tierra Colores Salto\" width=\"640\" height=\"427\" srcset=\"https:\/\/saltaconmigo.com\/blog\/wp-content\/uploads\/2014\/04\/Argentina-Perito-Moreno-Tierra-Colores-Salto.jpg 640w, https:\/\/saltaconmigo.com\/blog\/wp-content\/uploads\/2014\/04\/Argentina-Perito-Moreno-Tierra-Colores-Salto-300x200.jpg 300w, https:\/\/saltaconmigo.com\/blog\/wp-content\/uploads\/2014\/04\/Argentina-Perito-Moreno-Tierra-Colores-Salto-360x240.jpg 360w\" sizes=\"auto, (max-width: 640px) 100vw, 640px\" \/><\/p>\n<h2>Las Cuevas de M\u00e1rmol, Chile<\/h2>\n<p>En la orilla del <strong>Lago General Carrera<\/strong> \u2013<strong>Lago Buenos Aires<\/strong> al otro lado de la frontera\u2013 el agua ha ido creando algo que no parece de este mundo: <strong>las Cuevas o Capillas de M\u00e1rmol<\/strong>. Es en peque\u00f1as <strong>lanchas desde Puerto Tranquilo<\/strong> como se puede disfrutar de este lugar incre\u00edble. Llegar hasta Puerto Tranquilo result\u00f3 m\u00e1s sencillo de lo esperado, despu\u00e9s de tres d\u00edas de auto-stop, pudimos coger nuestro <strong>primer autob\u00fas en la Carretera Austral desde Coyhaique<\/strong> \u2013hay uno o dos al d\u00eda, dependiendo del d\u00eda de la semana\u2013. Cuando vimos que en el maletero del bus hab\u00eda un enorme pl\u00e1stico con el que cubrieron todo el equipaje, nos dimos cuenta de que, aunque ya nos hab\u00edamos acostumbrado a tener asfalto bajo los pies, aquello no durar\u00eda mucho. Una vez en Puerto Tranquilo no hay p\u00e9rdida. El autob\u00fas para frente al lago General Carrera y a las <strong>casetas de todas las empresas<\/strong> que se dedican a hacer la excursi\u00f3n. <strong>\u00bfCu\u00e1l elegir?<\/strong> En nuestro caso lo ten\u00edamos claro: <em>la que tuviera la salida antes<\/em>.<\/p>\n<p style=\"text-align: center;\"><img loading=\"lazy\" decoding=\"async\" class=\"aligncenter size-full wp-image-13793\" title=\"Colores y formas... todo impresionante en las cuevas de m\u00e1rmol\" src=\"https:\/\/saltaconmigo.com\/blog\/wp-content\/uploads\/2014\/04\/Chile-Puerto-Tranquilo-Cuevas-Marmol-1.jpg\" alt=\"Chile Puerto Tranquilo Cuevas de Marmol\" width=\"640\" height=\"427\" srcset=\"https:\/\/saltaconmigo.com\/blog\/wp-content\/uploads\/2014\/04\/Chile-Puerto-Tranquilo-Cuevas-Marmol-1.jpg 640w, https:\/\/saltaconmigo.com\/blog\/wp-content\/uploads\/2014\/04\/Chile-Puerto-Tranquilo-Cuevas-Marmol-1-300x200.jpg 300w\" sizes=\"auto, (max-width: 640px) 100vw, 640px\" \/><\/p>\n<p>Durante la <strong>hora de navegaci\u00f3n<\/strong>, no pudimos cerrar la boca en ning\u00fan momento. Est\u00e1bamos en <strong>una cueva, en una catedral, en una capilla<\/strong>\u2026 creadas en un <strong>m\u00e1rmol de colores<\/strong> durante miles de a\u00f1os por el agua del lago. La luz del Sol, los reflejos del agua cristalina, la pericia del barquero que nos llev\u00f3 hasta el interior de las cuevas y bajo los arcos de la catedral. Lo que parec\u00eda un decorado era real \u2013nuestras manos confirmaban lo que nuestros ojos ve\u00edan\u2013 y nadie, ning\u00fan ser humano, hab\u00eda hecho nada por crearlo.<\/p>\n<p style=\"text-align: center;\"><img loading=\"lazy\" decoding=\"async\" class=\"aligncenter size-full wp-image-13792\" title=\"Arcos que parecen colgados en un aire de color azul turquesa... Cuevas de M\u00e1rmol\" src=\"https:\/\/saltaconmigo.com\/blog\/wp-content\/uploads\/2014\/04\/Chile-Puerto-Tranquilo-Cuevas-Marmol-2.jpg\" alt=\"Chile Puerto Tranquilo Cuevas de Marmol\" width=\"640\" height=\"427\" srcset=\"https:\/\/saltaconmigo.com\/blog\/wp-content\/uploads\/2014\/04\/Chile-Puerto-Tranquilo-Cuevas-Marmol-2.jpg 640w, https:\/\/saltaconmigo.com\/blog\/wp-content\/uploads\/2014\/04\/Chile-Puerto-Tranquilo-Cuevas-Marmol-2-300x200.jpg 300w\" sizes=\"auto, (max-width: 640px) 100vw, 640px\" \/><\/p>\n<div class=\"rinconSC\">\n<p><span class=\"titulo\">Saltaconmiconsejo<\/span><\/p>\n<hr \/>\n<p>Puedes reservar tu <strong>excursi\u00f3n a las Cuevas de M\u00e1rmol<\/strong> desde Coyhaique \u2013<a href=\"https:\/\/www.civitatis.com\/es\/coyhaique\/excursion-capillas-marmol\/?aid=1259\" target=\"_blank\" rel=\"sponsored nofollow noopener noreferrer\">aqu\u00ed<\/a> tienes los detalles y el precio\u2013 o desde la vecina Perito Moreno, ya en Argentina \u2013echa un vistazo <a href=\"https:\/\/www.civitatis.com\/es\/perito-moreno\/barco-kayak-capillas-catedral-marmol\/?aid=1259\" target=\"_blank\" rel=\"sponsored nofollow noopener noreferrer\">aqu\u00ed<\/a> a los horarios y precios\u2013.<\/p>\n<\/div>\n<h2>Camino de Argentina<\/h2>\n<p>En <strong>Puerto Guadal volvi\u00f3 la aventura<\/strong>, y de qu\u00e9 manera. Nada m\u00e1s llegar a la parada del autob\u00fas \u2013el lugar \u00aboficial\u00bb para el auto-stop en el pueblo\u2013 nos encontramos con dos chicos chilenos que <strong>llevaban all\u00ed un d\u00eda esperando que alguien les recogiera<\/strong>\u2026 Si tres horas nos hab\u00edan parecido una eternidad los d\u00edas anteriores, en ese momento nos habr\u00eda encantado que alguien nos dijera que en tres horas saldr\u00edamos de all\u00ed, pero por esa carretera no pasaba nadie \u2013ya hab\u00edamos dejado la Carretera Austral pero todo segu\u00eda igual\u2013. Desesperados, nuestros compa\u00f1eros de fatigas nos dejaron solos y se fueron caminando hacia el centro del pueblo. <em>\u00bfEran gafes? \u00bfSomos muy afortunados?<\/em> No lo sabemos, pero menos de diez minutos despu\u00e9s de que se fueran <strong>apareci\u00f3 una autocaravana<\/strong> que nos llev\u00f3 directos a <strong>Chile Chico<\/strong>, nuestro destino del d\u00eda.<\/p>\n<p style=\"text-align: center;\"><img loading=\"lazy\" decoding=\"async\" class=\"aligncenter size-full wp-image-13790\" title=\"Por estos paisajes merecen la pena todas las horas de espera\" src=\"https:\/\/saltaconmigo.com\/blog\/wp-content\/uploads\/2014\/04\/Chile-Carretera-Austral-Paisaje.jpg\" alt=\"Chile Carretera Austral Paisaje\" width=\"640\" height=\"427\" srcset=\"https:\/\/saltaconmigo.com\/blog\/wp-content\/uploads\/2014\/04\/Chile-Carretera-Austral-Paisaje.jpg 640w, https:\/\/saltaconmigo.com\/blog\/wp-content\/uploads\/2014\/04\/Chile-Carretera-Austral-Paisaje-300x200.jpg 300w\" sizes=\"auto, (max-width: 640px) 100vw, 640px\" \/><\/p>\n<p>De nuevo <strong>lagos, monta\u00f1as, nieve\u2026<\/strong> esos <strong>paisajes que te hac\u00edan olvidar las esperas y desesperos<\/strong>, y la <strong>buena gente<\/strong> de siempre: un padre con sus dos hijas que recorr\u00edan esa parte de su pa\u00eds parando para sacar fotograf\u00edas como nosotros.<\/p>\n<h2>Chile Chico<\/h2>\n<p>Un clima c\u00e1lido, una gran producci\u00f3n de frutales, lluvias\u2026 <strong>Chile Chico es un Chile distinto dentro de la Patagonia<\/strong>. A pocos metros de la frontera, y a unos cinco kil\u00f3metros de la ciudad, se encuentra la <a title=\"Posada del R\u00edo Lodge\" href=\"https:\/\/www.booking.com\/hotel\/cl\/posada-del-rio.en.html?aid=844890&amp;no_rooms=1&amp;group_adults=1\" target=\"_blank\" rel=\"nofollow noopener noreferrer\"><strong>Posada del R\u00edo Lodge<\/strong><\/a>. Nunca hab\u00edamos dormido tan cerca de un <strong>paso entre pa\u00edses<\/strong> y nos cost\u00f3 hacerlo. Si hab\u00edamos tenido suerte con el trayecto largo del d\u00eda, los \u00faltimos cinco kil\u00f3metros parec\u00edan imposibles. Todo el mundo nos hac\u00eda se\u00f1as diciendo que iban cerca, pero cerca era donde quer\u00edamos ir nosotros. \u00bfQu\u00e9 hacer? S\u00f3lo pod\u00edamos \u00abinformar\u00bb con un cartel y eso hicimos. <strong>\u00abS\u00f3lo 5 kil\u00f3metros\u00bb escribimos en una hoja<\/strong> que agit\u00e1bamos delante de los coches que pasaban. Un se\u00f1or se apiad\u00f3 de nosotros y, aunque \u00e9l iba incluso m\u00e1s cerca, acab\u00f3 por acercarnos hasta el hotel. Un lugar <strong>tranquilo en mitad de la llanura<\/strong> en donde recuperar fuerzas despu\u00e9s de la odisea austral.<\/p>\n<p style=\"text-align: center;\"><img loading=\"lazy\" decoding=\"async\" class=\"aligncenter size-full wp-image-13796\" title=\"La Posada del R\u00edo en Chile Chico\" src=\"https:\/\/saltaconmigo.com\/blog\/wp-content\/uploads\/2014\/04\/Chile-Chico-Posada-Rio-Mosaico.jpeg\" alt=\"Chile Chico Posada del Rio Mosaico\" width=\"750\" height=\"250\" srcset=\"https:\/\/saltaconmigo.com\/blog\/wp-content\/uploads\/2014\/04\/Chile-Chico-Posada-Rio-Mosaico.jpeg 750w, https:\/\/saltaconmigo.com\/blog\/wp-content\/uploads\/2014\/04\/Chile-Chico-Posada-Rio-Mosaico-300x100.jpeg 300w\" sizes=\"auto, (max-width: 750px) 100vw, 750px\" \/><\/p>\n<h2>Perito Moreno<\/h2>\n<p>No, no estamos hablando del glaciar. <strong>Perito Moreno es una peque\u00f1a poblaci\u00f3n<\/strong> al otro lado de la frontera. Si hasta Chicle Chico hab\u00edamos llegado haciendo auto-stop, hasta Perito Moreno fue igual. Primero en un todoterreno <strong>desde la frontera hasta Los Antiguos<\/strong> y luego en una furgoneta cargada con bidones de agua \u2013<em>\u00bfhemos dicho ya que la gente es fabulosa en esa parte del mundo?<\/em>\u2013. A pocos kil\u00f3metros de all\u00ed, a medio camino de <strong>la Cueva de las Manos<\/strong> est\u00e1 la <strong>Estancia Cueva de las Manos<\/strong> a la que fuimos con <a title=\"Zoyen Turismo\" href=\"https:\/\/www.facebook.com\/pages\/ZOYEN-turismo\/1413393875546164\" target=\"_blank\" rel=\"nofollow noopener noreferrer\"><strong>Zoyen Turismo<\/strong><\/a>.<\/p>\n<p style=\"text-align: center;\"><img loading=\"lazy\" decoding=\"async\" class=\"aligncenter size-full wp-image-13795\" title=\"La Estancia Cueva de las Manos, a pocos kil\u00f3metros de la famosa cueva\" src=\"https:\/\/saltaconmigo.com\/blog\/wp-content\/uploads\/2014\/04\/Perito-Moreno-Estancia-Cueva-Manos-Mosaico.jpeg\" alt=\"Perito Moreno Estancia Cueva de las Manos Mosaico\" width=\"750\" height=\"250\" srcset=\"https:\/\/saltaconmigo.com\/blog\/wp-content\/uploads\/2014\/04\/Perito-Moreno-Estancia-Cueva-Manos-Mosaico.jpeg 750w, https:\/\/saltaconmigo.com\/blog\/wp-content\/uploads\/2014\/04\/Perito-Moreno-Estancia-Cueva-Manos-Mosaico-300x100.jpeg 300w\" sizes=\"auto, (max-width: 750px) 100vw, 750px\" \/><\/p>\n<p>Si buscas <strong>un albergue, un hostal o un hotel<\/strong> cerca de la Cueva de las Manos, no lo dudes, la <strong><a title=\"Estancia Cueva de las Manos\" href=\"http:\/\/www.cuevadelasmanos.net\/\" target=\"_blank\" rel=\"nofollow noopener noreferrer\">Estancia Cueva de las Manos<\/a> es el lugar<\/strong>. Habitaciones y paquetes de todo tipo, desde compartidas a privadas, con comidas o con s\u00f3lo desayuno y <strong>al pie del camino que lleva desde la Ruta 40 hasta la famosa cueva<\/strong>. Y, qu\u00e9 decir de los <strong>alrededores<\/strong> \u2013cientos de hect\u00e1reas como es habitual en la Patagonia\u2013. A ese lado de los Andes se acaban los lagos y el paisaje se vuelve m\u00e1s \u00e1rido. <strong>El verde da paso al ocre y las monta\u00f1as a peque\u00f1as lomas<\/strong>. <strong>Tierra de colores<\/strong> es un buen nombre para lo que encontramos a pocos kil\u00f3metros de la Estancia Cueva de las Manos camino de de la Ruta 40: <strong>rosas, amarillos, ocres\u2026<\/strong> si en el norte hab\u00edamos visto el <a title=\"El Norte argentino: Jujuy y Salta\" href=\"https:\/\/saltaconmigo.com\/blog\/2014\/02\/norte-argentina-jujuy-salta\/\"><strong>cerro de los siete colores<\/strong><\/a>, aqu\u00ed cada cerro ten\u00eda su color.<\/p>\n<p style=\"text-align: center;\"><img loading=\"lazy\" decoding=\"async\" class=\"aligncenter size-full wp-image-13788\" title=\"Impresionantes colores en la tierra patag\u00f3nica\" src=\"https:\/\/saltaconmigo.com\/blog\/wp-content\/uploads\/2014\/04\/Argentina-Perito-Moreno-Tierra-Colores.jpg\" alt=\"Argentina Perito Moreno Tierra de Colores\" width=\"640\" height=\"427\" srcset=\"https:\/\/saltaconmigo.com\/blog\/wp-content\/uploads\/2014\/04\/Argentina-Perito-Moreno-Tierra-Colores.jpg 640w, https:\/\/saltaconmigo.com\/blog\/wp-content\/uploads\/2014\/04\/Argentina-Perito-Moreno-Tierra-Colores-300x200.jpg 300w\" sizes=\"auto, (max-width: 640px) 100vw, 640px\" \/><\/p>\n<p>Un poco <strong>escondida entre las lomas<\/strong> y los caminos que el agua crea, en las escasas pero torrenciales lluvias, se encuentra una <strong>peque\u00f1a abertura<\/strong> que conduce hasta el colorido coraz\u00f3n de las colinas. Nos perdimos en un par de ocasiones siguiendo lo que result\u00f3 ser un camino sin salida, pero cualquier cosa merecer\u00eda la pena con tal de llegar al final del camino: <strong>tierra que parece pintada, fuertes colores, redondeadas formas\u2026<\/strong> Un secreto <strong>no muy conocido<\/strong> pero de impresionante belleza, no podemos dejar de agradecer a <strong>Claudio de Zoyen Turismo<\/strong> que nos hablara del lugar y nos indicara c\u00f3mo llegar.<\/p>\n<p style=\"text-align: center;\"><img loading=\"lazy\" decoding=\"async\" class=\"aligncenter size-full wp-image-13787\" title=\"Del amarillo al rosa pasando por todos los ocres y el azul del cielo con el blanco de las nubes: Tierra de colores\" src=\"https:\/\/saltaconmigo.com\/blog\/wp-content\/uploads\/2014\/04\/Argentina-Perito-Moreno-Tierra-Colores-Paisaje.jpg\" alt=\"Argentina Perito Moreno Tierra de Colores Paisaje\" width=\"640\" height=\"427\" srcset=\"https:\/\/saltaconmigo.com\/blog\/wp-content\/uploads\/2014\/04\/Argentina-Perito-Moreno-Tierra-Colores-Paisaje.jpg 640w, https:\/\/saltaconmigo.com\/blog\/wp-content\/uploads\/2014\/04\/Argentina-Perito-Moreno-Tierra-Colores-Paisaje-300x200.jpg 300w\" sizes=\"auto, (max-width: 640px) 100vw, 640px\" \/><\/p>\n<h2>Cueva de las Manos, Argentina<\/h2>\n<p>Durante <strong>ocho mil a\u00f1os<\/strong> las poblaciones n\u00f3madas que viv\u00edan en esta zona bajaban durante los fr\u00edos inviernos la cordillera de los Andes para <strong>encontrar refugio<\/strong> a lo largo del que ahora es llamado <strong>r\u00edo Pinturas<\/strong>. Quien le dio este nombre no tuvo mucha creatividad, y es que hay <strong>casi 90 sitios<\/strong> en los que se han encontrado restos de <strong>pinturas rupestres<\/strong> en esta zona, <strong>entre Argentina y Chile<\/strong>. Los n\u00f3madas pintaron desde <strong>escenas de caza<\/strong> de guanacos hasta incomprensibles <strong>motivos geom\u00e9tricos<\/strong> abstractos pero lo m\u00e1s peculiar sin duda eran las <strong>pintadas, en positivo y negativo, de sus manos<\/strong>. En todas dejaron, literalmente, su <strong>huella,<\/strong> pero fue en la que ahora es llamada <strong>Cueva de las Manos<\/strong> donde lo hicieron de forma m\u00e1s extensa.<\/p>\n<p style=\"text-align: center;\"><img loading=\"lazy\" decoding=\"async\" class=\"aligncenter size-full wp-image-13786\" title=\"Ocho mil a\u00f1os de huellas de manos en las paredes de la monta\u00f1a\" src=\"https:\/\/saltaconmigo.com\/blog\/wp-content\/uploads\/2014\/04\/Argentina-Cueva-Manos-1.jpg\" alt=\"Argentina Cueva de las Manos\" width=\"640\" height=\"427\" srcset=\"https:\/\/saltaconmigo.com\/blog\/wp-content\/uploads\/2014\/04\/Argentina-Cueva-Manos-1.jpg 640w, https:\/\/saltaconmigo.com\/blog\/wp-content\/uploads\/2014\/04\/Argentina-Cueva-Manos-1-300x200.jpg 300w\" sizes=\"auto, (max-width: 640px) 100vw, 640px\" \/><\/p>\n<p><strong>Nueve mil a\u00f1os<\/strong> tiene la huella de mano <strong>m\u00e1s antigua<\/strong> del lugar y poco m\u00e1s de mil la m\u00e1s nueva. Unos ocho mil a\u00f1os de manos \u2013<strong>humanas y un par de patas de <em>choique<\/em><\/strong>, una especia de avestruz local\u2013 en la pared de la monta\u00f1a. No sabemos por qu\u00e9 lo hicieron pero dejaron aqu\u00ed de alguna forma un reflejo de su identidad con el que es posible seguir maravill\u00e1ndose tantos a\u00f1os despu\u00e9s.<\/p>\n<p style=\"text-align: center;\"><img loading=\"lazy\" decoding=\"async\" class=\"aligncenter size-full wp-image-13785\" title=\"... y no s\u00f3lo humanas, tambi\u00e9n de choique\" src=\"https:\/\/saltaconmigo.com\/blog\/wp-content\/uploads\/2014\/04\/Argentina-Cueva-Manos-2.jpg\" alt=\"Argentina Cueva de las Manos\" width=\"640\" height=\"427\" srcset=\"https:\/\/saltaconmigo.com\/blog\/wp-content\/uploads\/2014\/04\/Argentina-Cueva-Manos-2.jpg 640w, https:\/\/saltaconmigo.com\/blog\/wp-content\/uploads\/2014\/04\/Argentina-Cueva-Manos-2-300x200.jpg 300w\" sizes=\"auto, (max-width: 640px) 100vw, 640px\" \/><\/p>\n<div class=\"rinconSC\">\n<p><span class=\"titulo\">Saltaconmiconsejo<\/span><\/p>\n<hr \/>\n<p>Puedes contratar tambi\u00e9n tu <strong>excursi\u00f3n a la Cueva de las Manos desde tu hotel en Chile Chico<\/strong>. Adem\u00e1s de visitar la cueva, tambi\u00e9n har\u00e1s, como nosotros, un peque\u00f1o <em>trekking<\/em> por la Patagonia. Mira <a href=\"https:\/\/www.civitatis.com\/es\/chile-chico\/trekking-patagonia-cueva-manos\/?aid=1259\" target=\"_blank\" rel=\"sponsored nofollow noopener noreferrer\">aqu\u00ed<\/a> los detalles.<\/p>\n<\/div>\n<p>La vuelta a Argentina desde Chile no pod\u00eda ser m\u00e1s interesante.<\/p>\n","protected":false},"excerpt":{"rendered":"<p>Nuestro contacto inicial con las carreteras patag\u00f3nicas tuvo m\u00e1s de aventura que de turismo, m\u00e1s experiencias que visitas. Desde el momento en que descubrimos que habr\u00eda que hacer mucho auto-stop, supimos que ser\u00eda as\u00ed: horas de espera, bajar de un coche para subir en otro, siempre con las mochilas\u2026 Vamos, [&hellip;]<\/p>\n","protected":false},"author":2,"featured_media":13789,"comment_status":"open","ping_status":"open","sticky":false,"template":"","format":"standard","meta":{"footnotes":""},"categories":[112,212,288,277,289],"tags":[214,283,318],"class_list":["post-13781","post","type-post","status-publish","format-standard","has-post-thumbnail","hentry","category-america","category-argentina","category-carretera-austral","category-chile","category-patagonia","tag-lattrip","tag-283","tag-hoteles_encanto"],"_links":{"self":[{"href":"https:\/\/saltaconmigo.com\/blog\/wp-json\/wp\/v2\/posts\/13781","targetHints":{"allow":["GET"]}}],"collection":[{"href":"https:\/\/saltaconmigo.com\/blog\/wp-json\/wp\/v2\/posts"}],"about":[{"href":"https:\/\/saltaconmigo.com\/blog\/wp-json\/wp\/v2\/types\/post"}],"author":[{"embeddable":true,"href":"https:\/\/saltaconmigo.com\/blog\/wp-json\/wp\/v2\/users\/2"}],"replies":[{"embeddable":true,"href":"https:\/\/saltaconmigo.com\/blog\/wp-json\/wp\/v2\/comments?post=13781"}],"version-history":[{"count":1,"href":"https:\/\/saltaconmigo.com\/blog\/wp-json\/wp\/v2\/posts\/13781\/revisions"}],"predecessor-version":[{"id":51464,"href":"https:\/\/saltaconmigo.com\/blog\/wp-json\/wp\/v2\/posts\/13781\/revisions\/51464"}],"wp:featuredmedia":[{"embeddable":true,"href":"https:\/\/saltaconmigo.com\/blog\/wp-json\/wp\/v2\/media\/13789"}],"wp:attachment":[{"href":"https:\/\/saltaconmigo.com\/blog\/wp-json\/wp\/v2\/media?parent=13781"}],"wp:term":[{"taxonomy":"category","embeddable":true,"href":"https:\/\/saltaconmigo.com\/blog\/wp-json\/wp\/v2\/categories?post=13781"},{"taxonomy":"post_tag","embeddable":true,"href":"https:\/\/saltaconmigo.com\/blog\/wp-json\/wp\/v2\/tags?post=13781"}],"curies":[{"name":"wp","href":"https:\/\/api.w.org\/{rel}","templated":true}]}}