{"id":1247,"date":"2012-01-05T08:22:00","date_gmt":"2012-01-05T07:22:00","guid":{"rendered":"http:\/\/sltcnmg.wordpress.com\/2012\/01\/05\/la-subida-al-pulpito-preikestolen"},"modified":"2019-01-17T09:52:59","modified_gmt":"2019-01-17T08:52:59","slug":"la-subida-al-pulpito-preikestolen","status":"publish","type":"post","link":"https:\/\/saltaconmigo.com\/blog\/2012\/01\/la-subida-al-pulpito-preikestolen\/","title":{"rendered":"La subida al P\u00falpito, Preikestolen"},"content":{"rendered":"<p><strong><span style=\"font-size: small;\">S\u00e1bado, 27\/08\/2011 (2)<\/span><\/strong><\/p>\n<h2>Turismo en el P\u00falpito, Stavanger<\/h2>\n<p><strong>El panorama que se disfruta desde la puerta de entrada del <em>Mountain Lodge<\/em> de <\/strong><a title=\"De Stavanger a Prekestolhytta\" href=\"https:\/\/saltaconmigo.com\/blog\/2012\/01\/de-stavanger-a-prekestolhytta\/\" target=\"_blank\" rel=\"noopener noreferrer\"><strong>Preikestolhytta<\/strong><\/a><strong> es de cuento<\/strong>. Lo que todo el mundo espera cuando habla de fiordos: tranquilidad, relajaci\u00f3n, casas con el techo a dos aguas\u2026 y, al no ser invierno, sin el complemento de la nieve. Desde all\u00ed es <strong>sencillo llegar<\/strong> hasta la roca que era nuestro objetivo.<\/p>\n<p style=\"text-align: center;\"><a href=\"https:\/\/picasaweb.google.com\/lh\/photo\/FWBQzRPbf1_6Br1jHupyDtMTjNZETYmyPJy0liipFm0?feat=embedwebsite\" target=\"_blank\" rel=\"noopener\"><img loading=\"lazy\" decoding=\"async\" title=\"Ya sin mochila salimos hacia el P\u00falpito, viendo el lago\" src=\"https:\/\/lh3.googleusercontent.com\/-n65ar14EUCA\/TwTW_GXGz4I\/AAAAAAAAc6g\/mFHfmotZsi8\/s640\/_MG_9157.JPG\" alt=\"Imagen del lago\" width=\"640\" height=\"427\" \/><\/a><\/p>\n<p><a href=\"https:\/\/picasaweb.google.com\/lh\/photo\/G0sa9qwgD6P_JIzclhz01NMTjNZETYmyPJy0liipFm0?feat=embedwebsite\" target=\"_blank\" rel=\"noopener\"><img loading=\"lazy\" decoding=\"async\" title=\"Ya avisaban de la distancia y de la pendiente\" src=\"https:\/\/lh3.googleusercontent.com\/-MRpz2f8EkQM\/TwTXCPAef-I\/AAAAAAAAc6k\/dqKJ9KoC5Ew\/s288\/_MG_9160.JPG\" alt=\"Cartel informativo de la caminata hasta Preikestolen\" width=\"288\" height=\"192\" align=\"left\" \/><\/a>Despu\u00e9s de dejar a Okihita junto con el resto de mochilas comenzaba nuestro ascenso. Seg\u00fan el cartel, desde aqu\u00ed, Preikestolhytta, <strong>la subida a Preikestolen, el P\u00falpito, son<\/strong> <strong>dos horas de ida y otras dos de vuelta<\/strong>, un recorrido de algo <strong>menos de cuatro kil\u00f3metros<\/strong> y un <strong>desnivel de unos trescientos y pico metros<\/strong>. Est\u00e1 claro que no ser\u00e1 un paseo por el parque, pero no parece que sea muy duro.<\/p>\n<p><strong>En el cartel dan consejos para la excursi\u00f3n: llevar calzado adecuado, ropa c\u00e1lida, comida y algo que beber&#8230; pero te desean un feliz paseo.<\/strong><\/p>\n<p style=\"text-align: center;\"><a href=\"https:\/\/picasaweb.google.com\/lh\/photo\/G1KEfKZ1a7f2DEx-F4oefdMTjNZETYmyPJy0liipFm0?feat=embedwebsite\" target=\"_blank\" rel=\"noopener\"><img loading=\"lazy\" decoding=\"async\" title=\"La primera parada nos brind\u00f3 una espectacular panor\u00e1mica\" src=\"https:\/\/lh4.googleusercontent.com\/-SFu2QfFytps\/Tv1cPHImFkI\/AAAAAAAAc6s\/1hJ_XKBzggk\/s800\/Preikestolytha.JPG\" alt=\"Panorama de Preikestolhytta y el lago al comienzo de la subida a Preikestolen\" width=\"700\" height=\"232\" \/><\/a><\/p>\n<h2>La subida al Preikestolen comienza fuerte<\/h2>\n<p>Los primeros 500 metros dejan claro que s\u00ed va a ser duro. <strong>La rampa del comienzo es bastante fuerte y sin descanso<\/strong>. Pasados esos 500 metros hay un llano, que sirve de aperitivo para <strong>el infierno en la tierra<\/strong>. El camino est\u00e1 lleno de <strong>rocas grandes<\/strong> como cubos por las que hay que ir <strong>trepando.<\/strong> Zonas por las que <strong>hasta una cabra tendr\u00eda dificultades para elegir d\u00f3nde poner las patas<\/strong> siguiendo las flechas rojas, a veces flechas a veces letras T. Nos cruzamos con gente que bajaba y nos adelantaron muchos que sub\u00edan. No ten\u00edamos prisa y tampoco se trataba de agotarse, sino de llegar. \u00a0Dormir\u00edamos all\u00ed esa noche y con que hubiera luz para bajar por estos andurriales era suficiente.<br \/>\n<iframe loading=\"lazy\" src=\"https:\/\/www.google.com\/maps\/d\/u\/1\/embed?mid=1HLqyNDjUgbPGK887Lq_rMUWzHcg\" width=\"750\" height=\"563\"><\/iframe><\/p>\n<p>Al principio pens\u00e1bamos que ser\u00eda menos que la <strong>subida a <a title=\"Huayna Picchu\" href=\"https:\/\/saltaconmigo.com\/blog\/2009\/06\/huayna-picchu\/\">Huayna Picchu<\/a><\/strong>, aqu\u00ed ni te piden que te apuntes en una lista para saber qui\u00e9n baja, pero despu\u00e9s de una hora nos damos cuenta de que es igual o incluso m\u00e1s peligrosa. <strong>Hacia el final del camino hay cortados que caen por lo menos 500 metros hasta el Lysefjord\u00a0y no hay ni un cartel que avise del peligro<\/strong>.<\/p>\n<p>Es en este momento cuando te empiezas a preguntar si a los noruegos les importa algo que <strong>la gente se mate subiendo por aqu\u00ed<\/strong>.<\/p>\n<p><iframe loading=\"lazy\" title=\"La dura subida al Preikestolen\" width=\"500\" height=\"281\" src=\"https:\/\/www.youtube.com\/embed\/UFAOl7qMTlg?feature=oembed\" frameborder=\"0\" allow=\"accelerometer; autoplay; clipboard-write; encrypted-media; gyroscope; picture-in-picture; web-share\" referrerpolicy=\"strict-origin-when-cross-origin\" allowfullscreen><\/iframe><\/p>\n<h2>Aparece el fiordo Lysefjord<\/h2>\n<p><a href=\"https:\/\/picasaweb.google.com\/lh\/photo\/sBi8jDLS07OQlqUPF9FI6NMTjNZETYmyPJy0liipFm0?feat=embedwebsite\" target=\"_blank\" rel=\"noopener\"><img loading=\"lazy\" decoding=\"async\" title=\"Despu\u00e9s de la caminata se comenzaba a ver el Lysefjord\" src=\"https:\/\/lh4.googleusercontent.com\/-nxVyjChfJdk\/TwVN5h_4XHI\/AAAAAAAAc60\/coa47Mr6ly8\/s288\/_MG_9184.JPG\" alt=\"Asomaba el Lysefjord\" width=\"288\" height=\"192\" align=\"right\" \/><\/a><\/p>\n<p>En unas dos horas comienza a aparecer el <strong>Lysefjord<\/strong> a lo lejos. El m\u00f3vil nos dijo que hab\u00edamos subido una pendiente de m\u00e1s de 350 metros en los poco menos de cuatro kil\u00f3metros y medio de \u00abpaseo\u00bb. Eso s\u00ed, <strong>el paisaje que vemos ante nosotros hace que se nos olvide la paliza que nos hemos pegado y que pensemos que ha merecido la pena<\/strong>.<\/p>\n<p>La demostraci\u00f3n de que los noruegos est\u00e1n hechos de otra pasta es que nos cruzamos con varios que sub\u00edan y bajaban corriendo, como el que sale a hacer <em>footing<\/em> por el parque del barrio.<\/p>\n<p><strong>No dejes de <a title=\"Desde lo alto del P\u00falpito, Preikestolen\" href=\"https:\/\/saltaconmigo.com\/blog\/2012\/01\/desde-lo-alto-del-pulpito-preikestolen\/\">caminar con nosotros por el borde del Preikestolen<\/a><\/strong>.<\/p>\n","protected":false},"excerpt":{"rendered":"<p>S\u00e1bado, 27\/08\/2011 (2) Turismo en el P\u00falpito, Stavanger El panorama que se disfruta desde la puerta de entrada del Mountain Lodge de Preikestolhytta es de cuento. Lo que todo el mundo espera cuando habla de fiordos: tranquilidad, relajaci\u00f3n, casas con el techo a dos aguas\u2026 y, al no ser invierno, [&hellip;]<\/p>\n","protected":false},"author":2,"featured_media":8163,"comment_status":"open","ping_status":"open","sticky":false,"template":"","format":"standard","meta":{"footnotes":""},"categories":[110,91,108,137],"tags":[62],"class_list":["post-1247","post","type-post","status-publish","format-standard","has-post-thumbnail","hentry","category-europa","category-noruega","category-preikestolen","category-videos","tag-62"],"_links":{"self":[{"href":"https:\/\/saltaconmigo.com\/blog\/wp-json\/wp\/v2\/posts\/1247","targetHints":{"allow":["GET"]}}],"collection":[{"href":"https:\/\/saltaconmigo.com\/blog\/wp-json\/wp\/v2\/posts"}],"about":[{"href":"https:\/\/saltaconmigo.com\/blog\/wp-json\/wp\/v2\/types\/post"}],"author":[{"embeddable":true,"href":"https:\/\/saltaconmigo.com\/blog\/wp-json\/wp\/v2\/users\/2"}],"replies":[{"embeddable":true,"href":"https:\/\/saltaconmigo.com\/blog\/wp-json\/wp\/v2\/comments?post=1247"}],"version-history":[{"count":0,"href":"https:\/\/saltaconmigo.com\/blog\/wp-json\/wp\/v2\/posts\/1247\/revisions"}],"wp:featuredmedia":[{"embeddable":true,"href":"https:\/\/saltaconmigo.com\/blog\/wp-json\/wp\/v2\/media\/8163"}],"wp:attachment":[{"href":"https:\/\/saltaconmigo.com\/blog\/wp-json\/wp\/v2\/media?parent=1247"}],"wp:term":[{"taxonomy":"category","embeddable":true,"href":"https:\/\/saltaconmigo.com\/blog\/wp-json\/wp\/v2\/categories?post=1247"},{"taxonomy":"post_tag","embeddable":true,"href":"https:\/\/saltaconmigo.com\/blog\/wp-json\/wp\/v2\/tags?post=1247"}],"curies":[{"name":"wp","href":"https:\/\/api.w.org\/{rel}","templated":true}]}}