{"id":10564,"date":"2013-02-25T08:51:59","date_gmt":"2013-02-25T07:51:59","guid":{"rendered":"https:\/\/saltaconmigo.com\/blog\/?p=10564"},"modified":"2025-11-23T10:23:41","modified_gmt":"2025-11-23T09:23:41","slug":"palacio-real-de-madrid","status":"publish","type":"post","link":"https:\/\/saltaconmigo.com\/blog\/2013\/02\/palacio-real-de-madrid\/","title":{"rendered":"Palacio Real de Madrid"},"content":{"rendered":"<p>No tener que <a href=\"https:\/\/saltaconmigo.com\/blog\/2020\/09\/que-ver-en-madrid-en-un-fin-de-semana\/\"><strong>viajar a Madrid<\/strong><\/a> hace que no se visiten muchos de sus atractivos tur\u00edsticos. Como ya hemos dicho en otras ocasiones siempre est\u00e1n ah\u00ed y se puede ir en otro momento. Pero cuando el tiempo lo permite es buena idea <strong>hacer turismo en tu propia ciudad<\/strong> y descubrir por qu\u00e9 est\u00e1 en la lista de destinos de tantos viajeros. Con nuestra <a title=\"Existe, luego sue\u00f1a\" href=\"https:\/\/saltaconmigo.com\/blog\/2013\/02\/existe-luego-suena\/\" target=\"_blank\" rel=\"noopener noreferrer\">nueva situaci\u00f3n<\/a>, hemos podido aprovechar los horarios del <strong><a title=\"Patrimonio Nacional, Palacio Real de Madrid\" href=\"http:\/\/www.patrimonionacional.es\/Home\/Palacios-Reales\/Palacio-Real-de-Madrid.aspx\" target=\"_blank\" rel=\"noopener noreferrer\">Palacio Real de Madrid<\/a><\/strong>.<\/p>\n<p style=\"text-align: center;\"><img loading=\"lazy\" decoding=\"async\" class=\"aligncenter size-full wp-image-10571\" title=\"La fachada del Palacio Real de Madrid con el patio en primer plano\" src=\"https:\/\/saltaconmigo.com\/blog\/wp-content\/uploads\/2013\/02\/Madrid-PalacioRealFachada.jpg\" alt=\"Madrid Palacio Real Fachada\" width=\"640\" height=\"427\" srcset=\"https:\/\/saltaconmigo.com\/blog\/wp-content\/uploads\/2013\/02\/Madrid-PalacioRealFachada.jpg 640w, https:\/\/saltaconmigo.com\/blog\/wp-content\/uploads\/2013\/02\/Madrid-PalacioRealFachada-300x200.jpg 300w\" sizes=\"auto, (max-width: 640px) 100vw, 640px\" \/><\/p>\n<h2>D\u00f3nde est\u00e1 el Palacio Real de Madrid<\/h2>\n<p>Al igual que el emplazamiento en el que se alza el <a title=\"El Real Alc\u00e1zar de Sevilla\" href=\"https:\/\/saltaconmigo.com\/blog\/2013\/02\/el-real-alcazar-de-sevilla\/\" target=\"_blank\" rel=\"noopener noreferrer\">Real Alc\u00e1zar de Sevilla<\/a>, la ubicaci\u00f3n del <strong>Palacio Real de Madrid<\/strong> tiene mucha historia. Se alza sobre un <strong>antiguo edificio defensivo musulm\u00e1n del siglo XI<\/strong>, que fue transformado en <strong>alc\u00e1zar por los reyes de Castilla<\/strong> en el siglo XVI. Tras ser destruido por un incendio, <strong>Felipe V orden\u00f3 construir el actual palacio<\/strong> con piedra blanca de Colmenar y gris de la sierra de Guadarrama. Hoy en d\u00eda sigue siendo residencia real, aunque se use s\u00f3lo para recepciones oficiales \u2013la Familia Real vive en el Palacio de la Zarzuela\u2013, lo que permite su <strong>uso como museo<\/strong>. \u00a1Y qu\u00e9 museo! desde la Real Botica, o Farmacia, hasta la Real Armeria, pasando por los aposentos reales. <strong>Llegar al Palacio Real<\/strong> no supone m\u00e1s que un paseo desde cualquier lugar del <strong>centro de Madrid<\/strong>. Si est\u00e1is lejos del centro, no hay m\u00e1s que coger un autob\u00fas o el metro hasta all\u00ed y caminar. En cualquier caso,<strong> la parada de metro m\u00e1s cercana es \u00d3pera<\/strong>.<\/p>\n<p>El <strong>consejo para el viajero es visitarlo de lunes a jueves las \u00faltimas dos horas<\/strong> \u2013de 16.00 a 18.00 de octubre a marzo y de 18.00 a 20.00 el resto del a\u00f1o, abre a las 10.00 todo el a\u00f1o\u2013 <strong>que es gratis<\/strong>, salvo acto oficial, en cuyo caso permanece cerrado. El resto de d\u00edas tiene un <strong>precio de 11 \u20ac<\/strong>.<\/p>\n<h2>Visitar el Palacio Real de Madrid<\/h2>\n<p>La visita comienza en el <strong>patio<\/strong>, desde el que se accede a la <strong>Real Botica<\/strong> (nada m\u00e1s entrar a la derecha), la <strong>Real Biblioteca<\/strong> (a continuaci\u00f3n de la anterior), la <strong>Real Armer\u00eda<\/strong> (justo frente a la entrada, atravesando el patio) y al Palacio propiamente dicho. El hecho de que se vendan postales en la tienda, porque no veo un motivo de \u201cseguridad\u201d, hace que est\u00e9 <strong>prohibido tomar fotograf\u00edas en cualquier estancia interior<\/strong>, con o sin flash. Los v\u00eddeos tampoco est\u00e1n permitidos.<\/p>\n<p style=\"text-align: center;\"><img loading=\"lazy\" decoding=\"async\" class=\"aligncenter size-full wp-image-10578\" title=\"Otra vista de la fachada del Palacio Real de Madrid desde el balc\u00f3n a los Jardines del Moro\" src=\"https:\/\/saltaconmigo.com\/blog\/wp-content\/uploads\/2013\/02\/Madrid-PalacioRealFachadaLateral.jpg\" alt=\"Madrid Palacio Real Fachada Lateral\" width=\"640\" height=\"427\" srcset=\"https:\/\/saltaconmigo.com\/blog\/wp-content\/uploads\/2013\/02\/Madrid-PalacioRealFachadaLateral.jpg 640w, https:\/\/saltaconmigo.com\/blog\/wp-content\/uploads\/2013\/02\/Madrid-PalacioRealFachadaLateral-300x200.jpg 300w\" sizes=\"auto, (max-width: 640px) 100vw, 640px\" \/><\/p>\n<p>En el palacio lo primero que llama la atenci\u00f3n es la impresionante <strong>escalera de Sabatini<\/strong>, que abri\u00e9ndose en dos da paso a la planta alta. Desde all\u00ed el recorrido nos lleva, a trav\u00e9s del <strong>Sal\u00f3n de Alabarderos<\/strong> y del <strong>Sal\u00f3n de Columnas<\/strong> \u2013donde tuvo lugar la <strong>Conferencia de Paz sobre Oriente Pr\u00f3ximo<\/strong> el 30 de octubre de 1991\u2013, hasta el <strong>Sal\u00f3n del Trono, de Embajadores o de Reinos<\/strong>. Desde la construcci\u00f3n del edificio, no ha cambiado de funci\u00f3n y se mantiene tal y como estaba en tiempos de Carlos III, parte de su decoraci\u00f3n se rescat\u00f3 del incendio del Real Alc\u00e1zar.<\/p>\n<p style=\"text-align: center;\"><img loading=\"lazy\" decoding=\"async\" class=\"aligncenter size-full wp-image-10577\" title=\"La escalera de Sabatini que da acceso al palacio propiamente dicho\" src=\"https:\/\/saltaconmigo.com\/blog\/wp-content\/uploads\/2013\/02\/Madrid-PalacioRealEscaleraSabatini.jpg\" alt=\"Madrid Palacio Real Escalera Sabatini\" width=\"640\" height=\"427\" srcset=\"https:\/\/saltaconmigo.com\/blog\/wp-content\/uploads\/2013\/02\/Madrid-PalacioRealEscaleraSabatini.jpg 640w, https:\/\/saltaconmigo.com\/blog\/wp-content\/uploads\/2013\/02\/Madrid-PalacioRealEscaleraSabatini-300x200.jpg 300w\" sizes=\"auto, (max-width: 640px) 100vw, 640px\" \/><\/p>\n<p>Las siguientes salas formaban el <strong>cuarto de Carlos III<\/strong>. De color rojo la primera, azul la segunda \u2013la antec\u00e1mara\u2013 y ocre la tercera \u2013sal\u00f3n de Gasparini\u2013 acaban en el dormitorio real en el que muri\u00f3 el rey en 1788. <strong>No busqu\u00e9is la cama, no la hay ni aqu\u00ed ni en el resto de dormitorios<\/strong>.<\/p>\n<p style=\"text-align: center;\"><img loading=\"lazy\" decoding=\"async\" class=\"aligncenter size-full wp-image-10576\" title=\"El fabuloso techo sobre la escalera de Sabatini\" src=\"https:\/\/saltaconmigo.com\/blog\/wp-content\/uploads\/2013\/02\/Madrid-PalacioRealTechoEscaleraSabatini.jpg\" alt=\"Madrid Palacio Real Techo Escalera Sabatini\" width=\"640\" height=\"427\" srcset=\"https:\/\/saltaconmigo.com\/blog\/wp-content\/uploads\/2013\/02\/Madrid-PalacioRealTechoEscaleraSabatini.jpg 640w, https:\/\/saltaconmigo.com\/blog\/wp-content\/uploads\/2013\/02\/Madrid-PalacioRealTechoEscaleraSabatini-300x200.jpg 300w\" sizes=\"auto, (max-width: 640px) 100vw, 640px\" \/><\/p>\n<p>A lo largo de los a\u00f1os, el Palacio Real ha sufrido modificaciones como la que transform\u00f3 los <strong>aposentos de la reina en \u00e9poca de Carlos III en el comedor de gala<\/strong> que hoy vemos. Fue Alfonso XII el que as\u00ed lo quiso, y lo inaugur\u00f3 con la cena de celebraci\u00f3n de su boda con Mar\u00eda Cristina de Habsburgo. A\u00f1os despu\u00e9s, Alfonso XIII contaba con su propio <strong>Sal\u00f3n de Cine<\/strong>en el que la familia disfrutaba de proyecciones los domingos por la tarde.<\/p>\n<p style=\"text-align: center;\"><img loading=\"lazy\" decoding=\"async\" class=\"aligncenter size-full wp-image-10573\" title=\"Con un dise\u00f1o de Ventura Rodriguez, la Real Capilla se construy\u00f3 entre 1749 y 1757\" src=\"https:\/\/saltaconmigo.com\/blog\/wp-content\/uploads\/2013\/02\/Madrid-PalacioRealCapilla.jpg\" alt=\"Madrid Palacio Real Capilla\" width=\"640\" height=\"427\" srcset=\"https:\/\/saltaconmigo.com\/blog\/wp-content\/uploads\/2013\/02\/Madrid-PalacioRealCapilla.jpg 640w, https:\/\/saltaconmigo.com\/blog\/wp-content\/uploads\/2013\/02\/Madrid-PalacioRealCapilla-300x200.jpg 300w\" sizes=\"auto, (max-width: 640px) 100vw, 640px\" \/><\/p>\n<p>Otras obras de arte se contemplan en la <strong>Sala de plata<\/strong>, con piezas que sustituyen a las que Jos\u00e9 Bonaparte hizo fundir para sufragar los gastos de la guerra; en la <strong>Sala de Vajillas y Cristaler\u00edas<\/strong>, con vajillas tem\u00e1ticas como la de las virtudes; y en la <strong>Antec\u00e1mara de la Reina Mar\u00eda Cristina<\/strong>, con un cuarteto de Stradivarius \u2013dos violines, una viola y un violonchelo, <strong>Stradivarius Decorados<\/strong>, junto con otro violonchelo sin decorar\u2013 comprados en 1775 por el que ser\u00eda Carlos IV.<\/p>\n<p style=\"text-align: center;\"><img loading=\"lazy\" decoding=\"async\" class=\"aligncenter size-full wp-image-10575\" title=\"Uno de los salones del Palacio Real de Madrid en la galer\u00eda de la primera planta\" src=\"https:\/\/saltaconmigo.com\/blog\/wp-content\/uploads\/2013\/02\/Madrid-PalacioRealSalon.jpg\" alt=\"Madrid Palacio Real Salon\" width=\"640\" height=\"427\" srcset=\"https:\/\/saltaconmigo.com\/blog\/wp-content\/uploads\/2013\/02\/Madrid-PalacioRealSalon.jpg 640w, https:\/\/saltaconmigo.com\/blog\/wp-content\/uploads\/2013\/02\/Madrid-PalacioRealSalon-300x200.jpg 300w\" sizes=\"auto, (max-width: 640px) 100vw, 640px\" \/><\/p>\n<p>En la <strong>Real Armer\u00eda<\/strong> se muestra una gran colecci\u00f3n de <strong>armaduras de Maximiliano I de Austria, de Carlos V<\/strong> \u2013KD, de Karolus Divus\u2013 y <strong>de Felipe II<\/strong>, junto con armaduras ecuestres e incluso una de lebrel. En la planta baja se exhibe una colecci\u00f3n de espadas, armas conquistadas en la batalla de Lepanto, <strong>armaduras samurais<\/strong>entregadas como presente a los reyes por delegaciones japonesas y armas de fuego.<\/p>\n<p style=\"text-align: center;\"><img loading=\"lazy\" decoding=\"async\" class=\"aligncenter size-full wp-image-10572\" title=\"Impresionantes armaduras ecuestres en la Real Armeria del Palacio Real de Madrid\" src=\"https:\/\/saltaconmigo.com\/blog\/wp-content\/uploads\/2013\/02\/Madrid-PalacioRealArmeria.jpg\" alt=\"Madrid Palacio Real Armeria\" width=\"640\" height=\"427\" srcset=\"https:\/\/saltaconmigo.com\/blog\/wp-content\/uploads\/2013\/02\/Madrid-PalacioRealArmeria.jpg 640w, https:\/\/saltaconmigo.com\/blog\/wp-content\/uploads\/2013\/02\/Madrid-PalacioRealArmeria-300x200.jpg 300w\" sizes=\"auto, (max-width: 640px) 100vw, 640px\" \/><\/p>\n<h2>Cambio de guardia<\/h2>\n<p>Todos los <strong>mi\u00e9rcoles a las 12 de la ma\u00f1ana<\/strong> tiene lugar el <strong>cambio de guardia<\/strong>, siendo el del primer mi\u00e9rcoles de cada mes el <strong>relevo solemne<\/strong>. Por si fuera poco, la visita puede acabar paseando por los <strong><a title=\"Los Jardines del Campo del Moro, Madrid\" href=\"https:\/\/saltaconmigo.com\/blog\/2012\/12\/los-jardines-del-campo-del-moro-madrid\/\" target=\"_blank\" rel=\"noopener noreferrer\">Jardines del Campo del Moro<\/a><\/strong>.<\/p>\n<p><img loading=\"lazy\" decoding=\"async\" class=\"aligncenter wp-image-16901 size-full\" title=\"El primer mi\u00e9rcoles de mes, el cambio de guardia en el Palacio Real se convierte en solemne\" src=\"https:\/\/saltaconmigo.com\/blog\/wp-content\/uploads\/2013\/02\/Madrid-Palacio-Real-Relevo-Solemen-Guardia.jpg\" alt=\"Madrid Palacio Real Relevo Solemen Guardia\" width=\"640\" height=\"427\" srcset=\"https:\/\/saltaconmigo.com\/blog\/wp-content\/uploads\/2013\/02\/Madrid-Palacio-Real-Relevo-Solemen-Guardia.jpg 640w, https:\/\/saltaconmigo.com\/blog\/wp-content\/uploads\/2013\/02\/Madrid-Palacio-Real-Relevo-Solemen-Guardia-300x200.jpg 300w, https:\/\/saltaconmigo.com\/blog\/wp-content\/uploads\/2013\/02\/Madrid-Palacio-Real-Relevo-Solemen-Guardia-360x240.jpg 360w\" sizes=\"auto, (max-width: 640px) 100vw, 640px\" \/><\/p>\n<p>Si te ha interesado el Palacio Real, tal vez te interesen tambi\u00e9n:<\/p>\n<ul>\n<li><strong><a title=\"Los Jardines del Campo del Moro, Madrid\" href=\"https:\/\/saltaconmigo.com\/blog\/2012\/12\/los-jardines-del-campo-del-moro-madrid\/\">Los Jardines del Campo del Moro<\/a><\/strong><\/li>\n<li><a title=\"La plaza Mayor de Madrid, turismo desde dentro\" href=\"https:\/\/saltaconmigo.com\/blog\/2014\/10\/la-plaza-mayor-de-madrid-turismo-literatura\/\"><strong>La Plaza Mayor<\/strong><\/a><\/li>\n<li><strong><a title=\"Cosas que hacer en Madrid en Navidad\" href=\"https:\/\/saltaconmigo.com\/blog\/2025\/11\/que-hacer-en-madrid-en-navidad\/\">Cosas que hacer en Madrid en Navidad<\/a><\/strong><\/li>\n<li><a title=\"Cementerios de Madrid: los tesoros de la sacramental de San Isidro\" href=\"https:\/\/saltaconmigo.com\/blog\/2014\/12\/sacramental-de-san-isidro-cementerio-madrid\/\"><strong>Cementerios de Madrid: los tesoros de la sacramental de San Isidro<\/strong><\/a><\/li>\n<li><a title=\"Bibliotecas de Madrid, joyas olvidadas\" href=\"https:\/\/saltaconmigo.com\/blog\/2015\/01\/bibliotecas-de-madrid-joyas-olvidadas\/\"><strong>Bibliotecas de Madrid, joyas olvidadas<\/strong><\/a><\/li>\n<li><strong><a title=\"Las mejores puestas de sol de Madrid\" href=\"https:\/\/saltaconmigo.com\/blog\/2015\/01\/mejores-puestas-de-sol-madrid-atardeceres\/\">Las mejores puestas de sol de Madrid<\/a><\/strong><\/li>\n<li><a title=\"Planes para hacer en Semana Santa en Madrid\" href=\"https:\/\/saltaconmigo.com\/blog\/2025\/04\/semana-santa-en-madrid\/\"><strong>Semana Santa en Madrid<\/strong><\/a><\/li>\n<li><a title=\"Madrid: 8 edificios antiguos con toques contempor\u00e1neos\" href=\"https:\/\/saltaconmigo.com\/blog\/2015\/03\/edificios-antiguos-rehabilitados-madrid\/\"><strong>Madrid: 8 edificios antiguos con toques contempor\u00e1neos<\/strong><\/a><\/li>\n<li><a title=\"9 vistas panor\u00e1micas y terrazas de Madrid\" href=\"https:\/\/saltaconmigo.com\/blog\/2015\/05\/terrazas-de-madrid\/\"><strong>Las mejores terrazas de Madrid<\/strong><\/a><\/li>\n<\/ul>\n\n<div class=\"cajaVenta\">\n<p>\u00bfQuieres <strong>viajar a Madrid<\/strong>? Aqu\u00ed puedes hacerlo:<\/p>\n<ul class=\"avion\">\n \t<li>Busca tu <strong>vuelo m\u00e1s barato a Madrid<\/strong> <a title=\"Vuelos baratos a Madrid\" href=\"https:\/\/www.skyscanner.net\/g\/referrals\/v1\/flights\/cheap-flights-to?adId=1100662&amp;campaignId=13416&amp;currency=EUR&amp;destination=MAD&amp;locale=es-ES&amp;market=ES&amp;mediaPartnerId=1205554\" target=\"_blank\" rel=\"sponsored nofollow noopener noreferrer\">aqu\u00ed<\/a>.<\/li>\n<\/ul>\n<ul class=\"hotel\">\n \t<li>Escoge el <strong>hotel que m\u00e1s te guste en Madrid al mejor precio<\/strong> <a title=\"Reserva tu hotel al mejor precio\" href=\"http:\/\/www.booking.com\/searchresults.html?city=-390625&amp;aid=844890\" target=\"_blank\" rel=\"sponsored nofollow noopener noreferrer\">aqu\u00ed<\/a>.<\/li>\n<\/ul>\n<ul class=\"coche\">\n \t<li><strong>Alquila el coche<\/strong> en Madrid al mejor precio comparando entre varias compa\u00f1\u00edas <a title=\"Alquila tu coche al mejor precio\" href=\"https:\/\/www.booking.com\/cars\/index.html?aid=844890\" target=\"_blank\" rel=\"sponsored nofollow noopener noreferrer\">aqu\u00ed<\/a> o contrata tu <strong>traslado desde el aeropuerto a tu hotel<\/strong> <a href=\"https:\/\/www.civitatis.com\/madrid\/traslados\/?aid=1259\" target=\"_blank\" rel=\"sponsored nofollow noopener noreferrer\">aqu\u00ed<\/a><\/li>\n<\/ul>\n<ul class=\"guias\">\n \t<li>Hazte con las <strong>mejores gu\u00edas de Madrid<\/strong> <a title=\"Compra tu gu\u00eda de viaje al mejor precio\" href=\"https:\/\/amzn.to\/2K0Vr5m\" target=\"_blank\" rel=\"sponsored nofollow noopener noreferrer\">aqu\u00ed<\/a>.<\/li>\n<\/ul>\n<ul class=\"tour\">\n \t<li>Contrata tu <strong><em>tour<\/em> guiado en Madrid<\/strong> y s\u00e1ltate las colas <a href=\"https:\/\/www.civitatis.com\/es\/madrid\/?aid=1259\" target=\"_blank\" rel=\"sponsored nofollow noopener noreferrer\">aqu\u00ed<\/a>.<\/li>\n<\/ul>\n<ul class=\"seguro\">\n \t<li>Contrata tu <strong>seguro de viaje con un 5% de descuento<\/strong> <a title=\"Contrata tu seguro de viaje al mejor precio\" href=\"https:\/\/www.iatiseguros.com\/?r=21058501929524&amp;cmp=cv_madrid\" target=\"_blank\" rel=\"sponsored nofollow noopener noreferrer\">aqu\u00ed<\/a>.<\/li>\n<\/ul>\n<ul class=\"tarjeta\">\n \t<li>Hazte con la <strong>mejor tarjeta de viaje y recibe 10 \u20ac de recompensa<\/strong> <a href=\"https:\/\/revolut.ngih.net\/c\/1205554\/1576621\/9626\" target=\"_blank\" rel=\"sponsored nofollow noopener noreferrer noindex\">aqu\u00ed<\/a>.<\/li>\n<\/ul>\n<\/div>","protected":false},"excerpt":{"rendered":"<p>No tener que viajar a Madrid hace que no se visiten muchos de sus atractivos tur\u00edsticos. Como ya hemos dicho en otras ocasiones siempre est\u00e1n ah\u00ed y se puede ir en otro momento. Pero cuando el tiempo lo permite es buena idea hacer turismo en tu propia ciudad y descubrir [&hellip;]<\/p>\n","protected":false},"author":2,"featured_media":10571,"comment_status":"open","ping_status":"open","sticky":false,"template":"","format":"standard","meta":{"footnotes":""},"categories":[110,7,8],"tags":[],"class_list":["post-10564","post","type-post","status-publish","format-standard","has-post-thumbnail","hentry","category-europa","category-espana","category-madrid"],"_links":{"self":[{"href":"https:\/\/saltaconmigo.com\/blog\/wp-json\/wp\/v2\/posts\/10564","targetHints":{"allow":["GET"]}}],"collection":[{"href":"https:\/\/saltaconmigo.com\/blog\/wp-json\/wp\/v2\/posts"}],"about":[{"href":"https:\/\/saltaconmigo.com\/blog\/wp-json\/wp\/v2\/types\/post"}],"author":[{"embeddable":true,"href":"https:\/\/saltaconmigo.com\/blog\/wp-json\/wp\/v2\/users\/2"}],"replies":[{"embeddable":true,"href":"https:\/\/saltaconmigo.com\/blog\/wp-json\/wp\/v2\/comments?post=10564"}],"version-history":[{"count":1,"href":"https:\/\/saltaconmigo.com\/blog\/wp-json\/wp\/v2\/posts\/10564\/revisions"}],"predecessor-version":[{"id":72595,"href":"https:\/\/saltaconmigo.com\/blog\/wp-json\/wp\/v2\/posts\/10564\/revisions\/72595"}],"wp:featuredmedia":[{"embeddable":true,"href":"https:\/\/saltaconmigo.com\/blog\/wp-json\/wp\/v2\/media\/10571"}],"wp:attachment":[{"href":"https:\/\/saltaconmigo.com\/blog\/wp-json\/wp\/v2\/media?parent=10564"}],"wp:term":[{"taxonomy":"category","embeddable":true,"href":"https:\/\/saltaconmigo.com\/blog\/wp-json\/wp\/v2\/categories?post=10564"},{"taxonomy":"post_tag","embeddable":true,"href":"https:\/\/saltaconmigo.com\/blog\/wp-json\/wp\/v2\/tags?post=10564"}],"curies":[{"name":"wp","href":"https:\/\/api.w.org\/{rel}","templated":true}]}}